{"id":4154,"date":"2024-03-26T09:49:01","date_gmt":"2024-03-26T12:49:01","guid":{"rendered":"https:\/\/cidadecult.com.br\/?p=4154"},"modified":"2024-03-26T09:49:03","modified_gmt":"2024-03-26T12:49:03","slug":"desperte-seus-sentidos-4o-estacao-da-musica-apresenta-o-trio-satelite-em-uma-noite-de-harmonia","status":"publish","type":"post","link":"https:\/\/cidadecult.com.br\/?p=4154","title":{"rendered":"Desperte seus sentidos: 4\u00ba esta\u00e7\u00e3o da m\u00fasica apresenta o Trio Sat\u00e9lite em uma noite de harmonia"},"content":{"rendered":"\n<p><em>Foto\/divulga\u00e7\u00e3o<\/em><\/p>\n\n\n\n<p>Voc\u00ea est\u00e1 pronto para embarcar em uma jornada sensorial \u00fanica, onde o som se torna poesia e a m\u00fasica se transforma em emo\u00e7\u00e3o? Prepare-se para uma experi\u00eancia extraordin\u00e1ria com a &#8220;4\u00ba Esta\u00e7\u00e3o da M\u00fasica&#8221;, onde o talento brilhante do Trio Sat\u00e9lite iluminar\u00e1 os palcos do Gama com sua magia musical.<\/p>\n\n\n\n<p><strong>Marque em sua agenda!<\/strong>. Amanh\u00e3 (27) e 28 de mar\u00e7o ser\u00e3o noites de pura magia musical !. Na Companhia de Teatro L\u00e1bios da Lua, situada na <strong>Quadra 4 Lote 16 Loja C e D &#8211; Setor Sul, Gama<\/strong>. Os espet\u00e1culos come\u00e7am \u00e0s 20 horas.<\/p>\n\n\n\n<p><strong>Ingressos e classifica\u00e7\u00e3o:<\/strong> A beleza desta experi\u00eancia \u00e9 que ela \u00e9 acess\u00edvel a todos. Gra\u00e7as ao apoio caloroso do FAC-DF e da Secretaria de Cultura e Economia Criativa do DF, a entrada \u00e9 gratuita para todas as idades. Contribui\u00e7\u00f5es volunt\u00e1rias ser\u00e3o bem recebidas para apoiar futuros eventos culturais.<\/p>\n\n\n\n<p><strong>Prop\u00f3sito e impacto:<\/strong> O Esta\u00e7\u00e3o da M\u00fasica vai al\u00e9m da simples apresenta\u00e7\u00e3o de artistas. \u00c9 uma oportunidade para a comunidade se conectar com a ess\u00eancia da m\u00fasica cl\u00e1ssica, mergulhando em sua riqueza cultural e emocional. Al\u00e9m disso, estudos mostram que a m\u00fasica cl\u00e1ssica n\u00e3o s\u00f3 estimula a mente, mas tamb\u00e9m nutre a alma, trazendo benef\u00edcios cognitivos e emocionais.<\/p>\n\n\n\n<p><strong>Artistas em destaque:<\/strong> Prepare-se para ser cativado pela maestria do Trio Sat\u00e9lite, composto por Renato Amaral (violoncelo), Danilo Fr\u00f3es (viol\u00e3o) e George Lacerda (percuss\u00e3o). Eles prometem uma experi\u00eancia sonora que transcende os limites entre o cl\u00e1ssico e o contempor\u00e2neo.<\/p>\n\n\n\n<p>Para reservar seu lugar nesta viagem musical e encontrar detalhes adicionais sobre o evento, visite <a href=\"https:\/\/bit.ly\/esta\u00e7\u00e3odam\u00fasica\">link do evento<\/a>.<\/p>\n\n\n\n<p>Junte-se a n\u00f3s nesta jornada musical \u00fanica e se deixe levar pela harmonia das melodias e venha descobrir a beleza da m\u00fasica em sua forma mais pura.<\/p>\n\n\n\n<p>Prepare-se para uma noite de descobertas, onde a m\u00fasica se torna uma experi\u00eancia transcendental. Venha e deixe-se envolver pela magia do 4\u00ba Esta\u00e7\u00e3o da M\u00fasica!<\/p>\n","protected":false},"excerpt":{"rendered":"<p>Foto\/divulga\u00e7\u00e3o Voc\u00ea est\u00e1 pronto para embarcar em uma jornada sensorial \u00fanica, onde o som se torna poesia e a m\u00fasica se transforma em emo\u00e7\u00e3o? Prepare-se para uma experi\u00eancia extraordin\u00e1ria com a &#8220;4\u00ba Esta\u00e7\u00e3o da M\u00fasica&#8221;, onde o talento brilhante do Trio Sat\u00e9lite iluminar\u00e1 os palcos do Gama com sua magia musical. Marque em sua agenda!. [&hellip;]<\/p>\n","protected":false},"author":1441,"featured_media":4155,"comment_status":"open","ping_status":"open","sticky":false,"template":"","format":"standard","meta":{"_monsterinsights_skip_tracking":false,"_monsterinsights_sitenote_active":false,"_monsterinsights_sitenote_note":"","_monsterinsights_sitenote_category":0,"footnotes":""},"categories":[41,17,34,3,43],"tags":[804,596,429,403,423,431,407,805,579],"class_list":["post-4154","post","type-post","status-publish","format-standard","has-post-thumbnail","hentry","category-agenda","category-bsb","category-destaque","category-entertainment","category-releases","tag-4estacaodamusica","tag-agenda","tag-brasilia-3","tag-cidadecult-2","tag-cidadecultpordentro-2","tag-distritofederal-2","tag-entreterimento","tag-gama-2","tag-musica-2"],"_links":{"self":[{"href":"https:\/\/cidadecult.com.br\/index.php?rest_route=\/wp\/v2\/posts\/4154","targetHints":{"allow":["GET"]}}],"collection":[{"href":"https:\/\/cidadecult.com.br\/index.php?rest_route=\/wp\/v2\/posts"}],"about":[{"href":"https:\/\/cidadecult.com.br\/index.php?rest_route=\/wp\/v2\/types\/post"}],"author":[{"embeddable":true,"href":"https:\/\/cidadecult.com.br\/index.php?rest_route=\/wp\/v2\/users\/1441"}],"replies":[{"embeddable":true,"href":"https:\/\/cidadecult.com.br\/index.php?rest_route=%2Fwp%2Fv2%2Fcomments&post=4154"}],"version-history":[{"count":1,"href":"https:\/\/cidadecult.com.br\/index.php?rest_route=\/wp\/v2\/posts\/4154\/revisions"}],"predecessor-version":[{"id":4156,"href":"https:\/\/cidadecult.com.br\/index.php?rest_route=\/wp\/v2\/posts\/4154\/revisions\/4156"}],"wp:featuredmedia":[{"embeddable":true,"href":"https:\/\/cidadecult.com.br\/index.php?rest_route=\/wp\/v2\/media\/4155"}],"wp:attachment":[{"href":"https:\/\/cidadecult.com.br\/index.php?rest_route=%2Fwp%2Fv2%2Fmedia&parent=4154"}],"wp:term":[{"taxonomy":"category","embeddable":true,"href":"https:\/\/cidadecult.com.br\/index.php?rest_route=%2Fwp%2Fv2%2Fcategories&post=4154"},{"taxonomy":"post_tag","embeddable":true,"href":"https:\/\/cidadecult.com.br\/index.php?rest_route=%2Fwp%2Fv2%2Ftags&post=4154"}],"curies":[{"name":"wp","href":"https:\/\/api.w.org\/{rel}","templated":true}]}}