{"id":4151,"date":"2024-03-25T11:48:05","date_gmt":"2024-03-25T14:48:05","guid":{"rendered":"https:\/\/cidadecult.com.br\/?p=4151"},"modified":"2024-03-25T11:48:44","modified_gmt":"2024-03-25T14:48:44","slug":"selo-da-adasa-premia-escolas-e-predios-pelo-uso-consciente-da-agua","status":"publish","type":"post","link":"https:\/\/cidadecult.com.br\/?p=4151","title":{"rendered":"Selo da Adasa premia escolas e pr\u00e9dios pelo uso consciente da \u00e1gua"},"content":{"rendered":"\n<p><em>Imagem\/divulga\u00e7\u00e3o<\/em><\/p>\n\n\n\n<p>A Ag\u00eancia Reguladora de \u00c1guas, Energia e Saneamento B\u00e1sico do Distrito Federal (Adasa) est\u00e1 reconhecendo e premiando iniciativas exemplares de escolas e pr\u00e9dios no Distrito Federal que demonstram um compromisso com o uso respons\u00e1vel dos recursos h\u00eddricos. Este evento especial, marcando o Dia Mundial da \u00c1gua, n\u00e3o apenas celebra essas conquistas, mas tamb\u00e9m lan\u00e7a importantes recursos e iniciativas para melhorar a gest\u00e3o da \u00e1gua na regi\u00e3o.<\/p>\n\n\n\n<p><strong>Principais pontos:<\/strong><\/p>\n\n\n\n<ol class=\"wp-block-list\">\n<li><strong>Premia\u00e7\u00e3o das experi\u00eancias de sucesso:<\/strong><\/li>\n<\/ol>\n\n\n\n<ul class=\"wp-block-list\">\n<li>A Adasa vai premiar, nesta ter\u00e7a-feira (26), escolas e pr\u00e9dios que tenham desenvolvido pr\u00e1ticas exemplares de uso consciente da \u00e1gua e a\u00e7\u00f5es de re\u00faso em suas estruturas.<\/li>\n\n\n\n<li>O evento de premia\u00e7\u00e3o ser\u00e1 realizado na sede da Adasa, a partir das 10h, e visa reconhecer e incentivar boas pr\u00e1ticas que contribuam para a conserva\u00e7\u00e3o dos recursos h\u00eddricos.<\/li>\n<\/ul>\n\n\n\n<ol class=\"wp-block-list\">\n<li><strong>Lan\u00e7amento do manual de drenagem e manejo de \u00e1guas pluviais urbanas:<\/strong><\/li>\n<\/ol>\n\n\n\n<ul class=\"wp-block-list\">\n<li>Ser\u00e1 lan\u00e7ada a nova vers\u00e3o do Manual de Drenagem e Manejo de \u00c1guas Pluviais Urbanas do Distrito Federal.<\/li>\n\n\n\n<li>Esse manual incorpora mudan\u00e7as decorrentes do novo Marco Legal do Saneamento B\u00e1sico e apresenta conhecimentos t\u00e9cnicos desenvolvidos pela Adasa para aprimorar a gest\u00e3o da drenagem urbana na regi\u00e3o.<\/li>\n<\/ul>\n\n\n\n<ol class=\"wp-block-list\">\n<li><strong>Celebra\u00e7\u00e3o de acordo de coopera\u00e7\u00e3o t\u00e9cnica:<\/strong><\/li>\n<\/ol>\n\n\n\n<ul class=\"wp-block-list\">\n<li>Ser\u00e1 celebrado um Acordo de Coopera\u00e7\u00e3o T\u00e9cnica entre a Adasa e o Instituto Bras\u00edlia Ambiental.<\/li>\n\n\n\n<li>O acordo visa \u00e0 colabora\u00e7\u00e3o m\u00fatua para o desenvolvimento de a\u00e7\u00f5es na Esta\u00e7\u00e3o Ecol\u00f3gica de \u00c1guas Emendadas (Esec-AE) e seu entorno.<\/li>\n<\/ul>\n\n\n\n<ol class=\"wp-block-list\">\n<li><strong>Apresenta\u00e7\u00e3o do memorial internacional da \u00e1gua (Mina):<\/strong><\/li>\n<\/ol>\n\n\n\n<ul class=\"wp-block-list\">\n<li>Os participantes ter\u00e3o a oportunidade de conhecer a maquete do Memorial Internacional da \u00c1gua (Mina), concebido por Oscar Niemeyer.<\/li>\n\n\n\n<li>Esse projeto, coordenado pela Adasa com o apoio do Governo do Distrito Federal (GDF) e da Caesb, incluir\u00e1 o Museu Internacional da \u00c1gua, o Centro de Estudos da \u00c1gua, um teatro e uma estrutura administrativa.<\/li>\n<\/ul>\n\n\n\n<ol class=\"wp-block-list\">\n<li><strong>Ciclo de palestras sobre drenagem e \u00e1guas pluviais urbanas:<\/strong><\/li>\n<\/ol>\n\n\n\n<ul class=\"wp-block-list\">\n<li>A Superintend\u00eancia de Drenagem Urbana realizar\u00e1 um ciclo de palestras sobre drenagem e \u00e1guas pluviais urbanas.<\/li>\n\n\n\n<li>Esse evento t\u00e9cnico contar\u00e1 com apresenta\u00e7\u00f5es da Adasa, do Instituto Bras\u00edlia Ambiental, da Universidade de Bras\u00edlia (UnB) e de especialistas do setor.<\/li>\n<\/ul>\n\n\n\n<ol class=\"wp-block-list\">\n<li><strong>Campanha de conscientiza\u00e7\u00e3o:<\/strong><\/li>\n<\/ol>\n\n\n\n<ul class=\"wp-block-list\">\n<li>A Adasa lan\u00e7ou uma campanha publicit\u00e1ria para conscientizar sobre os desafios do uso respons\u00e1vel da \u00e1gua e garantia aos servi\u00e7os de saneamento.<\/li>\n\n\n\n<li>A campanha, intitulada &#8220;De olho nas \u00e1guas, da fonte at\u00e9 voc\u00ea&#8221;, busca engajar a popula\u00e7\u00e3o no desafio coletivo de alcan\u00e7ar as metas do Objetivo do Desenvolvimento Sustent\u00e1vel 6 (ODS 6) da ONU.<\/li>\n<\/ul>\n\n\n\n<p>O evento promovido pela Adasa n\u00e3o apenas reconhece e premia boas pr\u00e1ticas relacionadas ao uso consciente da \u00e1gua, mas tamb\u00e9m lan\u00e7a iniciativas e recursos importantes para melhorar a gest\u00e3o dos recursos h\u00eddricos no Distrito Federal. \u00c9 uma oportunidade para celebrar conquistas, compartilhar conhecimento e refor\u00e7ar o compromisso com a sustentabilidade ambiental e o acesso equitativo \u00e0 \u00e1gua e ao saneamento.<\/p>\n","protected":false},"excerpt":{"rendered":"<p>Imagem\/divulga\u00e7\u00e3o A Ag\u00eancia Reguladora de \u00c1guas, Energia e Saneamento B\u00e1sico do Distrito Federal (Adasa) est\u00e1 reconhecendo e premiando iniciativas exemplares de escolas e pr\u00e9dios no Distrito Federal que demonstram um compromisso com o uso respons\u00e1vel dos recursos h\u00eddricos. Este evento especial, marcando o Dia Mundial da \u00c1gua, n\u00e3o apenas celebra essas conquistas, mas tamb\u00e9m lan\u00e7a [&hellip;]<\/p>\n","protected":false},"author":1441,"featured_media":4152,"comment_status":"open","ping_status":"open","sticky":false,"template":"","format":"standard","meta":{"_monsterinsights_skip_tracking":false,"_monsterinsights_sitenote_active":false,"_monsterinsights_sitenote_note":"","_monsterinsights_sitenote_category":0,"footnotes":""},"categories":[41,54,17,34,3,43],"tags":[800,429,403,423,799,431,520,802,803,801],"class_list":["post-4151","post","type-post","status-publish","format-standard","has-post-thumbnail","hentry","category-agenda","category-brasil","category-bsb","category-destaque","category-entertainment","category-releases","tag-adasa","tag-brasilia-3","tag-cidadecult-2","tag-cidadecultpordentro-2","tag-diamundialdaagua","tag-distritofederal-2","tag-gdf-2","tag-ods6","tag-onu","tag-unb-2"],"_links":{"self":[{"href":"https:\/\/cidadecult.com.br\/index.php?rest_route=\/wp\/v2\/posts\/4151","targetHints":{"allow":["GET"]}}],"collection":[{"href":"https:\/\/cidadecult.com.br\/index.php?rest_route=\/wp\/v2\/posts"}],"about":[{"href":"https:\/\/cidadecult.com.br\/index.php?rest_route=\/wp\/v2\/types\/post"}],"author":[{"embeddable":true,"href":"https:\/\/cidadecult.com.br\/index.php?rest_route=\/wp\/v2\/users\/1441"}],"replies":[{"embeddable":true,"href":"https:\/\/cidadecult.com.br\/index.php?rest_route=%2Fwp%2Fv2%2Fcomments&post=4151"}],"version-history":[{"count":1,"href":"https:\/\/cidadecult.com.br\/index.php?rest_route=\/wp\/v2\/posts\/4151\/revisions"}],"predecessor-version":[{"id":4153,"href":"https:\/\/cidadecult.com.br\/index.php?rest_route=\/wp\/v2\/posts\/4151\/revisions\/4153"}],"wp:featuredmedia":[{"embeddable":true,"href":"https:\/\/cidadecult.com.br\/index.php?rest_route=\/wp\/v2\/media\/4152"}],"wp:attachment":[{"href":"https:\/\/cidadecult.com.br\/index.php?rest_route=%2Fwp%2Fv2%2Fmedia&parent=4151"}],"wp:term":[{"taxonomy":"category","embeddable":true,"href":"https:\/\/cidadecult.com.br\/index.php?rest_route=%2Fwp%2Fv2%2Fcategories&post=4151"},{"taxonomy":"post_tag","embeddable":true,"href":"https:\/\/cidadecult.com.br\/index.php?rest_route=%2Fwp%2Fv2%2Ftags&post=4151"}],"curies":[{"name":"wp","href":"https:\/\/api.w.org\/{rel}","templated":true}]}}