{"id":4107,"date":"2024-03-22T09:02:09","date_gmt":"2024-03-22T12:02:09","guid":{"rendered":"https:\/\/cidadecult.com.br\/?p=4107"},"modified":"2024-03-22T09:02:11","modified_gmt":"2024-03-22T12:02:11","slug":"seja-parte-do-espetaculo-inscreva-se-para-ser-ambulante-nos-shows-da-arena-brb","status":"publish","type":"post","link":"https:\/\/cidadecult.com.br\/?p=4107","title":{"rendered":"Seja parte do espet\u00e1culo: inscreva-se para ser ambulante nos shows da arena BRB!"},"content":{"rendered":"\n<p><em>Foto\/divulga\u00e7\u00e3o<\/em><\/p>\n\n\n\n<p>Voc\u00ea, que busca uma chance de se destacar nos vibrantes eventos da Arena BRB Est\u00e1dio Man\u00e9 Garrincha, temos uma oportunidade imperd\u00edvel para voc\u00ea!<\/p>\n\n\n\n<p>A Secretaria Executiva das Cidades est\u00e1 com as portas abertas para o cadastramento de ambulantes interessados em trabalhar nos emocionantes shows &#8220;\u00danico Bras\u00edlia \u2013 Show Jorge e Mateus&#8221; e &#8220;Show Emicida 2024&#8221;. S\u00e3o 30 vagas dispon\u00edveis para cada apresenta\u00e7\u00e3o.<\/p>\n\n\n\n<p><strong>Detalhes cruciais:<\/strong><\/p>\n\n\n\n<ul class=\"wp-block-list\">\n<li><strong>Data e local de inscri\u00e7\u00e3o:<\/strong> Reserve o dia 1\u00ba de abril para estar no Edif\u00edcio Anexo do Pal\u00e1cio do Buriti, Sala 911, das 9h \u00e0s 17h, e garanta sua inscri\u00e7\u00e3o.<\/li>\n\n\n\n<li><strong>Inclus\u00e3o e acessibilidade:<\/strong> Mantendo nosso compromisso com a inclus\u00e3o, 5% das vagas ser\u00e3o reservadas para pessoas com defici\u00eancia.<\/li>\n\n\n\n<li><strong>Documenta\u00e7\u00e3o necess\u00e1ria:<\/strong> N\u00e3o se esque\u00e7a de levar seu documento pessoal com foto (original e c\u00f3pia), comprovante de endere\u00e7o em seu nome ou declara\u00e7\u00e3o de resid\u00eancia, al\u00e9m de uma foto da sua barraca em a\u00e7\u00e3o.<\/li>\n<\/ul>\n\n\n\n<p><strong>Informa\u00e7\u00f5es importantes:<\/strong><\/p>\n\n\n\n<ul class=\"wp-block-list\">\n<li><strong>Tamanho das barracas:<\/strong> Prepare-se para uma \u00e1rea de 4m x 4m para montar seu espa\u00e7o de trabalho.<\/li>\n\n\n\n<li><strong>Pagamento simplificado:<\/strong> O pagamento ser\u00e1 realizado atrav\u00e9s de DAR Eletr\u00f4nico da Secretaria de Economia do Distrito Federal.<\/li>\n\n\n\n<li><strong>An\u00fancio dos selecionados:<\/strong> As listas dos selecionados ser\u00e3o divulgadas em nosso site, atrav\u00e9s da Secretaria de Governo (Segov), no dia 2 de abril.<\/li>\n\n\n\n<li><strong>Retirada das licen\u00e7as:<\/strong> N\u00e3o se esque\u00e7a de marcar na agenda! A retirada das licen\u00e7as acontecer\u00e1 no local de inscri\u00e7\u00e3o, nos dias 5 de abril (para o show da dupla sertaneja) e 11 de abril (para o show do rapper), das 9h \u00e0s 17h.<\/li>\n<\/ul>\n\n\n\n<p>Seja parte deste espet\u00e1culo incr\u00edvel e amplie suas oportunidades de renda! Para mais detalhes, clique <a href=\"#\">aqui<\/a>.<\/p>\n\n\n\n<p>Fique ligado nessas oportunidades que movem a cidade!<\/p>\n","protected":false},"excerpt":{"rendered":"<p>Foto\/divulga\u00e7\u00e3o Voc\u00ea, que busca uma chance de se destacar nos vibrantes eventos da Arena BRB Est\u00e1dio Man\u00e9 Garrincha, temos uma oportunidade imperd\u00edvel para voc\u00ea! A Secretaria Executiva das Cidades est\u00e1 com as portas abertas para o cadastramento de ambulantes interessados em trabalhar nos emocionantes shows &#8220;\u00danico Bras\u00edlia \u2013 Show Jorge e Mateus&#8221; e &#8220;Show Emicida [&hellip;]<\/p>\n","protected":false},"author":1441,"featured_media":4108,"comment_status":"open","ping_status":"open","sticky":false,"template":"","format":"standard","meta":{"_monsterinsights_skip_tracking":false,"_monsterinsights_sitenote_active":false,"_monsterinsights_sitenote_note":"","_monsterinsights_sitenote_category":0,"footnotes":""},"categories":[41,17,34,43],"tags":[420,596,760,758,403,423,407,761,762,759],"class_list":["post-4107","post","type-post","status-publish","format-standard","has-post-thumbnail","hentry","category-agenda","category-bsb","category-destaque","category-releases","tag-abril","tag-agenda","tag-arenabrb","tag-brb","tag-cidadecult-2","tag-cidadecultpordentro-2","tag-entreterimento","tag-estadiomanegarrincha","tag-oportunidadedetrabalho","tag-showsembrb"],"_links":{"self":[{"href":"https:\/\/cidadecult.com.br\/index.php?rest_route=\/wp\/v2\/posts\/4107","targetHints":{"allow":["GET"]}}],"collection":[{"href":"https:\/\/cidadecult.com.br\/index.php?rest_route=\/wp\/v2\/posts"}],"about":[{"href":"https:\/\/cidadecult.com.br\/index.php?rest_route=\/wp\/v2\/types\/post"}],"author":[{"embeddable":true,"href":"https:\/\/cidadecult.com.br\/index.php?rest_route=\/wp\/v2\/users\/1441"}],"replies":[{"embeddable":true,"href":"https:\/\/cidadecult.com.br\/index.php?rest_route=%2Fwp%2Fv2%2Fcomments&post=4107"}],"version-history":[{"count":2,"href":"https:\/\/cidadecult.com.br\/index.php?rest_route=\/wp\/v2\/posts\/4107\/revisions"}],"predecessor-version":[{"id":4813,"href":"https:\/\/cidadecult.com.br\/index.php?rest_route=\/wp\/v2\/posts\/4107\/revisions\/4813"}],"wp:featuredmedia":[{"embeddable":true,"href":"https:\/\/cidadecult.com.br\/index.php?rest_route=\/wp\/v2\/media\/4108"}],"wp:attachment":[{"href":"https:\/\/cidadecult.com.br\/index.php?rest_route=%2Fwp%2Fv2%2Fmedia&parent=4107"}],"wp:term":[{"taxonomy":"category","embeddable":true,"href":"https:\/\/cidadecult.com.br\/index.php?rest_route=%2Fwp%2Fv2%2Fcategories&post=4107"},{"taxonomy":"post_tag","embeddable":true,"href":"https:\/\/cidadecult.com.br\/index.php?rest_route=%2Fwp%2Fv2%2Ftags&post=4107"}],"curies":[{"name":"wp","href":"https:\/\/api.w.org\/{rel}","templated":true}]}}