{"id":4097,"date":"2024-03-21T10:54:22","date_gmt":"2024-03-21T13:54:22","guid":{"rendered":"https:\/\/cidadecult.com.br\/?p=4097"},"modified":"2024-03-21T10:54:24","modified_gmt":"2024-03-21T13:54:24","slug":"evento-em-niteroi-celebra-o-dia-mundial-da-sindrome-de-down-com-atividades-culturais-e-esportivas-inclusivas","status":"publish","type":"post","link":"https:\/\/cidadecult.com.br\/?p=4097","title":{"rendered":"Evento em Niter\u00f3i celebra o Dia Mundial da S\u00edndrome de Down com atividades culturais e esportivas inclusivas"},"content":{"rendered":"\n<p><em>Foto\/divulga\u00e7\u00e3o <\/em><\/p>\n\n\n\n<p>Hoje (21), Niter\u00f3i ser\u00e1 palco de um evento especial em comemora\u00e7\u00e3o ao Dia Mundial da S\u00edndrome de Down. Organizado pelo Instituto Gingas e seu projeto Din Down Down: Construindo La\u00e7os com a Fam\u00edlia, o evento promete uma tarde repleta de atividades culturais e esportivas inclusivas na reitoria da Universidade Federal Fluminense (UFF).<\/p>\n\n\n\n<p>Aberto ao p\u00fablico, o evento contar\u00e1 com o patroc\u00ednio da Secretaria de Estado de Cultura e Economia Criativa (Secec RJ) e da concession\u00e1ria Enel. A programa\u00e7\u00e3o foi cuidadosamente elaborada para destacar a import\u00e2ncia da inclus\u00e3o e acessibilidade por meio da educa\u00e7\u00e3o, cultura e esporte.<\/p>\n\n\n\n<p>Os destaques incluem a exibi\u00e7\u00e3o da anima\u00e7\u00e3o brasileira &#8220;Bizarros peixes das fossas abissais&#8221;, uma roda de conversa sobre cidadania e direitos com relatos de experi\u00eancias, al\u00e9m de uma emocionante roda de capoeira de integra\u00e7\u00e3o.<\/p>\n\n\n\n<p>Participar\u00e3o da mesa-redonda personalidades como o fundador do Instituto Gingas, David Bassous (Mestre Buj\u00e3o), o presidente da ONG, Breno Platais, a atriz Isabel Santana (Bebel) e os pais da influenciadora Pietra, todos compartilhando suas perspectivas e experi\u00eancias sobre a s\u00edndrome de Down.<\/p>\n\n\n\n<p><strong>Informa\u00e7\u00f5es: <\/strong>Hoje, 21 de mar\u00e7o de 2024<\/p>\n\n\n\n<p>                      Entrada: Gratuita<\/p>\n\n\n\n<p>                      Hor\u00e1rio: Das 13h \u00e0s 16h30<\/p>\n\n\n\n<p>                      Local: Reitoria da Universidade Federal Fluminense (UFF), Niter\u00f3i, Rio de Janeiro<\/p>\n\n\n\n<p>Este evento representa n\u00e3o apenas uma celebra\u00e7\u00e3o, mas tamb\u00e9m um momento de reflex\u00e3o e fortalecimento da comunidade, refor\u00e7ando o compromisso com a inclus\u00e3o e a valoriza\u00e7\u00e3o da diversidade. Venha fazer parte dessa tarde inspiradora em Niter\u00f3i e apoie esta importante causa!<\/p>\n\n\n\n<p>Para mais informa\u00e7\u00f5es e inscri\u00e7\u00f5es, visite o <a href=\"http:\/\/www.gingas.org.br\" target=\"_blank\" rel=\"noopener\" title=\"site oficial do Instituto Gingas \">site oficial do Instituto Gingas <\/a>ou entre em contato pelo telefone <strong>(21) 2721-4071<\/strong>. Fa\u00e7a parte desta celebra\u00e7\u00e3o da diversidade e inclus\u00e3o, todos s\u00e3o bem-vindos!<\/p>\n\n\n\n<p><\/p>\n\n\n\n<p><\/p>\n","protected":false},"excerpt":{"rendered":"<p>Foto\/divulga\u00e7\u00e3o Hoje (21), Niter\u00f3i ser\u00e1 palco de um evento especial em comemora\u00e7\u00e3o ao Dia Mundial da S\u00edndrome de Down. Organizado pelo Instituto Gingas e seu projeto Din Down Down: Construindo La\u00e7os com a Fam\u00edlia, o evento promete uma tarde repleta de atividades culturais e esportivas inclusivas na reitoria da Universidade Federal Fluminense (UFF). Aberto ao [&hellip;]<\/p>\n","protected":false},"author":1441,"featured_media":4098,"comment_status":"open","ping_status":"open","sticky":false,"template":"","format":"standard","meta":{"_monsterinsights_skip_tracking":false,"_monsterinsights_sitenote_active":false,"_monsterinsights_sitenote_note":"","_monsterinsights_sitenote_category":0,"footnotes":""},"categories":[41,54,34,39,3,7,8,43],"tags":[439,403,423,407,447,619],"class_list":["post-4097","post","type-post","status-publish","format-standard","has-post-thumbnail","hentry","category-agenda","category-brasil","category-destaque","category-economics","category-entertainment","category-esportes","category-lifestyle","category-releases","tag-brasil-2","tag-cidadecult-2","tag-cidadecultpordentro-2","tag-entreterimento","tag-riodejaneiro-2","tag-uff"],"_links":{"self":[{"href":"https:\/\/cidadecult.com.br\/index.php?rest_route=\/wp\/v2\/posts\/4097","targetHints":{"allow":["GET"]}}],"collection":[{"href":"https:\/\/cidadecult.com.br\/index.php?rest_route=\/wp\/v2\/posts"}],"about":[{"href":"https:\/\/cidadecult.com.br\/index.php?rest_route=\/wp\/v2\/types\/post"}],"author":[{"embeddable":true,"href":"https:\/\/cidadecult.com.br\/index.php?rest_route=\/wp\/v2\/users\/1441"}],"replies":[{"embeddable":true,"href":"https:\/\/cidadecult.com.br\/index.php?rest_route=%2Fwp%2Fv2%2Fcomments&post=4097"}],"version-history":[{"count":1,"href":"https:\/\/cidadecult.com.br\/index.php?rest_route=\/wp\/v2\/posts\/4097\/revisions"}],"predecessor-version":[{"id":4099,"href":"https:\/\/cidadecult.com.br\/index.php?rest_route=\/wp\/v2\/posts\/4097\/revisions\/4099"}],"wp:featuredmedia":[{"embeddable":true,"href":"https:\/\/cidadecult.com.br\/index.php?rest_route=\/wp\/v2\/media\/4098"}],"wp:attachment":[{"href":"https:\/\/cidadecult.com.br\/index.php?rest_route=%2Fwp%2Fv2%2Fmedia&parent=4097"}],"wp:term":[{"taxonomy":"category","embeddable":true,"href":"https:\/\/cidadecult.com.br\/index.php?rest_route=%2Fwp%2Fv2%2Fcategories&post=4097"},{"taxonomy":"post_tag","embeddable":true,"href":"https:\/\/cidadecult.com.br\/index.php?rest_route=%2Fwp%2Fv2%2Ftags&post=4097"}],"curies":[{"name":"wp","href":"https:\/\/api.w.org\/{rel}","templated":true}]}}