{"id":400,"date":"2022-01-05T10:28:04","date_gmt":"2022-01-05T13:28:04","guid":{"rendered":"https:\/\/cidadecult.com.br\/novo\/cine-brasilia-reabre-suas-portas-com-mostra-egipcia\/"},"modified":"2022-01-05T10:28:04","modified_gmt":"2022-01-05T13:28:04","slug":"cine-brasilia-reabre-suas-portas-com-mostra-egipcia","status":"publish","type":"post","link":"https:\/\/cidadecult.com.br\/?p=400","title":{"rendered":"Cine Bras\u00edlia reabre suas portas com Mostra Eg\u00edpcia"},"content":{"rendered":"<p style=\"box-sizing: border-box; margin: 0px; padding: 0px; border: 0px; outline: 0px; font-size: 16px; font-family: 'Open Sans', sans-serif; vertical-align: baseline; color: #515151; background-color: #f5f5f5;\">Fechado desde mar\u00e7o de 2020 por conta da pandemia da Covid-19, o Cine Bras\u00edlia reabre ao p\u00fablico com a \u201cMostra de Cinema Eg\u00edpcio \u2013 Cine Bras\u00edlia 2\u00aa Edi\u00e7\u00e3o\u201d. De quinta-feira a domingo (6 a 9.1), os espectadores est\u00e3o convidados a conferir um recorte do audiovisual feito naquele pa\u00eds. S\u00e3o seis longas-metragens premiados e de grande repercuss\u00e3o.\u00a0<\/p>\n<p style=\"box-sizing: border-box; margin: 0px; padding: 0px; border: 0px; outline: 0px; font-size: 16px; font-family: 'Open Sans', sans-serif; vertical-align: baseline; color: #515151; background-color: #f5f5f5;\">\u00a0<\/p>\n<h3 style=\"box-sizing: border-box; margin: 0px; padding: 0px; border: 0px; outline: 0px; font-size: 16px; font-family: 'Open Sans', sans-serif; vertical-align: baseline; color: #515151; background-color: #f5f5f5; text-align: center;\"><span style=\"box-sizing: border-box; margin: 0px; padding: 0px; border: 0px; outline: 0px; font-weight: inherit; font-style: inherit; font-size: 14pt; font-family: inherit; vertical-align: baseline; color: #0000ff;\">\u201c\u00c9 simb\u00f3lico reabrir o Cine Bras\u00edlia com uma mostra de filmes internacionais de embaixadas. Nosso espa\u00e7o sempre acolheu essa programa\u00e7\u00e3o. Faz parte da trajet\u00f3ria desse espa\u00e7o patrim\u00f4nio hist\u00f3rico\u201d, destaca o secret\u00e1rio de Cultura em exerc\u00edcio, Carlos Alberto Jr.<\/span><\/h3>\n<p style=\"box-sizing: border-box; margin: 0px; padding: 0px; border: 0px; outline: 0px; font-size: 16px; font-family: 'Open Sans', sans-serif; vertical-align: baseline; color: #515151; background-color: #f5f5f5;\">\u00a0<\/p>\n<p style=\"box-sizing: border-box; margin: 0px; padding: 0px; border: 0px; outline: 0px; font-size: 16px; font-family: 'Open Sans', sans-serif; vertical-align: baseline; color: #515151; background-color: #f5f5f5;\">\u201cNo per\u00edodo em que esteve fechado, o Cine Bras\u00edlia passou por melhorias, como a troca do projetor e a adequac\u0327a\u0303o estrutural de acessibilidade\u201d, aponta o coordenador de Audiovisual da Subsecretaria de Economia Criativa, Douro Moura.<\/p>\n<p style=\"box-sizing: border-box; margin: 0px; padding: 0px; border: 0px; outline: 0px; font-size: 16px; font-family: 'Open Sans', sans-serif; vertical-align: baseline; color: #515151; background-color: #f5f5f5;\">\u00a0<\/p>\n<p style=\"box-sizing: border-box; margin: 0px; padding: 0px; border: 0px; outline: 0px; font-size: 16px; font-family: 'Open Sans', sans-serif; vertical-align: baseline; color: #515151; background-color: #f5f5f5;\">O coordenador destaca que o Cine Bras\u00edlia retorna ao seu maior objetivo: \u201cdar acesso ao cinema de qualidade \u00e0 populac\u0327a\u0303o do DF, com eventos abertos ao p\u00fablico a pre\u00e7os acess\u00edveis\u201d. Ap\u00f3s a Mostra, o Cine Bras\u00edlia prepara uma programa\u00e7\u00e3o regular.<\/p>\n<p style=\"box-sizing: border-box; margin: 0px; padding: 0px; border: 0px; outline: 0px; font-size: 16px; font-family: 'Open Sans', sans-serif; vertical-align: baseline; color: #515151; background-color: #f5f5f5; text-align: center;\">\u00a0<\/p>\n<p style=\"box-sizing: border-box; margin: 0px; padding: 0px; border: 0px; outline: 0px; font-size: 16px; font-family: 'Open Sans', sans-serif; vertical-align: baseline; color: #515151; background-color: #f5f5f5;\">As produ\u00e7\u00f5es cinematogr\u00e1ficas da \u201cMostra de Cinema Eg\u00edpcio \u2013 Cine Bras\u00edlia 2\u00aa Edi\u00e7\u00e3o\u201d fizeram parte da edi\u00e7\u00e3o on-line da 2\u00aa Mostra de Cinema Eg\u00edpcio Contempor\u00e2neo, apoiada pelo Centro Cultural Banco do Brasil (CCBB).<\/p>\n<p style=\"box-sizing: border-box; margin: 0px; padding: 0px; border: 0px; outline: 0px; font-size: 16px; font-family: 'Open Sans', sans-serif; vertical-align: baseline; color: #515151; background-color: #f5f5f5;\">\u00a0<\/p>\n<p style=\"box-sizing: border-box; margin: 0px; padding: 0px; border: 0px; outline: 0px; font-size: 16px; font-family: 'Open Sans', sans-serif; vertical-align: baseline; color: #515151; background-color: #f5f5f5;\">\u201cCertamente v\u00e3o encantar o p\u00fablico brasiliense, que seguramente est\u00e1 com saudades de assistir um bom filme na tela mais famosa da capital\u201d,\u00a0 aponta o curador da escolhas, Amro Saad. A entrada ser\u00e1 trocada por um quilo de alimento n\u00e3o perec\u00edvel. Para quem preferir assistir em casa, os filmes ser\u00e3o exibidos tamb\u00e9m na plataforma\u00a0<span style=\"box-sizing: border-box; margin: 0px; padding: 0px; border: 0px; outline: 0px; font-weight: inherit; font-style: inherit; font-family: inherit; vertical-align: baseline; color: #0000ff;\"><a style=\"box-sizing: border-box; background-color: transparent; color: #0000ff;\" href=\"https:\/\/www.orientse.com\/mostra-de-cinema-eg%C3%ADpcio-cinebrasilia-online\">cinemaegipcio.com<\/a><\/span>.<\/p>\n<p style=\"box-sizing: border-box; margin: 0px; padding: 0px; border: 0px; outline: 0px; font-size: 16px; font-family: 'Open Sans', sans-serif; vertical-align: baseline; color: #515151; background-color: #f5f5f5;\">\u00a0<\/p>\n<p style=\"box-sizing: border-box; margin: 0px; padding: 0px; border: 0px; outline: 0px; font-size: 16px; font-family: 'Open Sans', sans-serif; vertical-align: baseline; color: #515151; background-color: #f5f5f5;\">O p\u00fablico pode ainda conferir a exposi\u00e7\u00e3o de cartazes de filmes candangos, exposta no hall do Cine Bras\u00edlia<\/p>\n<p style=\"box-sizing: border-box; margin: 0px; padding: 0px; border: 0px; outline: 0px; font-size: 16px; font-family: 'Open Sans', sans-serif; vertical-align: baseline; color: #515151; background-color: #f5f5f5;\">\u00a0<\/p>\n<p style=\"box-sizing: border-box; margin: 0px; padding: 0px; border: 0px; outline: 0px; font-size: 16px; font-family: 'Open Sans', sans-serif; vertical-align: baseline; color: #515151; background-color: #f5f5f5;\">\u00a0<\/p>\n<p style=\"box-sizing: border-box; margin: 0px; padding: 0px; border: 0px; outline: 0px; font-size: 16px; font-family: 'Open Sans', sans-serif; vertical-align: baseline; color: #515151; background-color: #f5f5f5;\">\u00a0<\/p>\n<p style=\"box-sizing: border-box; margin: 0px; padding: 0px; border: 0px; outline: 0px; font-size: 16px; font-family: 'Open Sans', sans-serif; vertical-align: baseline; color: #515151; background-color: #f5f5f5;\">Ser\u00e3o observados os protocolos sanit\u00e1rios, como uso obrigat\u00f3rio de m\u00e1scaras.<\/p>\n<p style=\"box-sizing: border-box; margin: 0px; padding: 0px; border: 0px; outline: 0px; font-size: 16px; font-family: 'Open Sans', sans-serif; vertical-align: baseline; color: #515151; background-color: #f5f5f5;\">\u00a0<\/p>\n<p style=\"box-sizing: border-box; margin: 0px; padding: 0px; border: 0px; outline: 0px; font-size: 16px; font-family: 'Open Sans', sans-serif; vertical-align: baseline; color: #515151; background-color: #f5f5f5;\"><span style=\"box-sizing: border-box; margin: 0px; padding: 0px; border: 0px; outline: 0px; font-weight: inherit; font-style: inherit; font-family: inherit; vertical-align: baseline; color: #0000ff;\"><a style=\"box-sizing: border-box; background-color: transparent; color: #0000ff;\" href=\"https:\/\/www.orientse.com\/mostra-de-cinema-eg%C3%ADpcio-cinebrasilia-online\"><strong style=\"box-sizing: border-box;\">Programa\u00e7\u00e3o<\/strong>:<\/a><\/span><\/p>\n<p style=\"box-sizing: border-box; margin: 0px; padding: 0px; border: 0px; outline: 0px; font-size: 16px; font-family: 'Open Sans', sans-serif; vertical-align: baseline; color: #515151; background-color: #f5f5f5;\">\u00a0<\/p>\n<p style=\"box-sizing: border-box; margin: 0px; padding: 0px; border: 0px; outline: 0px; font-size: 16px; font-family: 'Open Sans', sans-serif; vertical-align: baseline; color: #515151; background-color: #f5f5f5;\">Confira as sinopses e fichas t\u00e9cnicas dos filmes<\/p>\n<p style=\"box-sizing: border-box; margin: 0px; padding: 0px; border: 0px; outline: 0px; font-size: 16px; font-family: 'Open Sans', sans-serif; vertical-align: baseline; color: #515151; background-color: #f5f5f5;\"><span style=\"box-sizing: border-box; margin: 0px; padding: 0px; border: 0px; outline: 0px; font-weight: inherit; font-style: inherit; font-family: inherit; vertical-align: baseline; color: #0000ff;\"><a style=\"box-sizing: border-box; background-color: transparent; color: #0000ff;\" href=\"http:\/\/www.cultura.df.gov.br\/wp-conteudo\/uploads\/2022\/01\/Mostra-de-Cinema-Egipcio-Cine-Brasilia-2a-Edicao-Ficha-Tecnica.pdf\">Mostra de Cinema Eg\u00edpcio \u2013 Cine Bras\u00edlia 2\u00aa Edi\u00e7\u00e3o \u2013 Ficha T\u00e9cnica<\/a><\/span><\/p>\n<p style=\"box-sizing: border-box; margin: 0px; padding: 0px; border: 0px; outline: 0px; font-size: 16px; font-family: 'Open Sans', sans-serif; vertical-align: baseline; color: #515151; background-color: #f5f5f5;\">\u00a0<\/p>\n<p style=\"box-sizing: border-box; margin: 0px; padding: 0px; border: 0px; outline: 0px; font-size: 16px; font-family: 'Open Sans', sans-serif; vertical-align: baseline; color: #515151; background-color: #f5f5f5;\"><strong style=\"box-sizing: border-box;\">Quinta, 6.1<\/strong><br style=\"box-sizing: border-box;\" \/>Abertura da Mostra, \u00e0s 19h<br style=\"box-sizing: border-box;\" \/>\u201cMawlana\u201d, \u00e0s 20h<\/p>\n<p style=\"box-sizing: border-box; margin: 0px; padding: 0px; border: 0px; outline: 0px; font-size: 16px; font-family: 'Open Sans', sans-serif; vertical-align: baseline; color: #515151; background-color: #f5f5f5;\">\u00a0<\/p>\n<p style=\"box-sizing: border-box; margin: 0px; padding: 0px; border: 0px; outline: 0px; font-size: 16px; font-family: 'Open Sans', sans-serif; vertical-align: baseline; color: #515151; background-color: #f5f5f5;\"><strong style=\"box-sizing: border-box;\">Sexta, 7.1<\/strong><br style=\"box-sizing: border-box;\" \/>\u201cYomeddine\u201d, \u00e0s 20h<\/p>\n<p style=\"box-sizing: border-box; margin: 0px; padding: 0px; border: 0px; outline: 0px; font-size: 16px; font-family: 'Open Sans', sans-serif; vertical-align: baseline; color: #515151; background-color: #f5f5f5;\">\u00a0<\/p>\n<p style=\"box-sizing: border-box; margin: 0px; padding: 0px; border: 0px; outline: 0px; font-size: 16px; font-family: 'Open Sans', sans-serif; vertical-align: baseline; color: #515151; background-color: #f5f5f5;\"><strong style=\"box-sizing: border-box;\">S\u00e1bado, 8.1<\/strong><br style=\"box-sizing: border-box;\" \/>\u201cFotoc\u00f3pia\u201d. \u00e0s 17h (sess\u00e3o inclusiva com audiodescri\u00e7\u00e3o)<br style=\"box-sizing: border-box;\" \/>\u201cVerde seco\u201d, \u00e0s 19h<br style=\"box-sizing: border-box;\" \/>\u201cFotoc\u00f3pia\u201d, \u00e0s 20h30<\/p>\n<p style=\"box-sizing: border-box; margin: 0px; padding: 0px; border: 0px; outline: 0px; font-size: 16px; font-family: 'Open Sans', sans-serif; vertical-align: baseline; color: #515151; background-color: #f5f5f5;\">\u00a0<\/p>\n<p style=\"box-sizing: border-box; margin: 0px; padding: 0px; border: 0px; outline: 0px; font-size: 16px; font-family: 'Open Sans', sans-serif; vertical-align: baseline; color: #515151; background-color: #f5f5f5;\"><strong style=\"box-sizing: border-box;\">Domingo, 9.1<\/strong><br style=\"box-sizing: border-box;\" \/>\u201cMensagens do mar\u201d \u00e0s 17h<\/p>\n<p style=\"box-sizing: border-box; margin: 0px; padding: 0px; border: 0px; outline: 0px; font-size: 16px; font-family: 'Open Sans', sans-serif; vertical-align: baseline; color: #515151; background-color: #f5f5f5;\">\u201cO Elefante Azul\u201d, \u00e0s 20h<\/p>\n","protected":false},"excerpt":{"rendered":"<p style=\"box-sizing: border-box; margin: 0px; padding: 0px; border: 0px; outline: 0px; font-size: 16px; font-family: 'Open Sans', sans-serif; vertical-align: baseline; color: #515151; background-color: #f5f5f5;\">Fechado desde mar\u00e7o de 2020 por conta da pandemia da Covid-19, o Cine Bras\u00edlia reabre ao p\u00fablico com a \u201cMostra de Cinema Eg\u00edpcio \u2013 Cine Bras\u00edlia 2\u00aa Edi\u00e7\u00e3o\u201d. De quinta-feira a domingo (6 a 9.1), os espectadores est\u00e3o convidados a conferir um recorte do audiovisual feito naquele pa\u00eds. S\u00e3o seis longas-metragens premiados e de grande repercuss\u00e3o.\u00a0<\/p>\n","protected":false},"author":3,"featured_media":0,"comment_status":"open","ping_status":"open","sticky":false,"template":"","format":"standard","meta":{"_monsterinsights_skip_tracking":false,"_monsterinsights_sitenote_active":false,"_monsterinsights_sitenote_note":"","_monsterinsights_sitenote_category":0,"footnotes":""},"categories":[34],"tags":[58],"class_list":["post-400","post","type-post","status-publish","format-standard","hentry","category-destaque","tag-cine-brasiliamostracinemaegipcioegitoartesetima-arte"],"_links":{"self":[{"href":"https:\/\/cidadecult.com.br\/index.php?rest_route=\/wp\/v2\/posts\/400","targetHints":{"allow":["GET"]}}],"collection":[{"href":"https:\/\/cidadecult.com.br\/index.php?rest_route=\/wp\/v2\/posts"}],"about":[{"href":"https:\/\/cidadecult.com.br\/index.php?rest_route=\/wp\/v2\/types\/post"}],"author":[{"embeddable":true,"href":"https:\/\/cidadecult.com.br\/index.php?rest_route=\/wp\/v2\/users\/3"}],"replies":[{"embeddable":true,"href":"https:\/\/cidadecult.com.br\/index.php?rest_route=%2Fwp%2Fv2%2Fcomments&post=400"}],"version-history":[{"count":0,"href":"https:\/\/cidadecult.com.br\/index.php?rest_route=\/wp\/v2\/posts\/400\/revisions"}],"wp:attachment":[{"href":"https:\/\/cidadecult.com.br\/index.php?rest_route=%2Fwp%2Fv2%2Fmedia&parent=400"}],"wp:term":[{"taxonomy":"category","embeddable":true,"href":"https:\/\/cidadecult.com.br\/index.php?rest_route=%2Fwp%2Fv2%2Fcategories&post=400"},{"taxonomy":"post_tag","embeddable":true,"href":"https:\/\/cidadecult.com.br\/index.php?rest_route=%2Fwp%2Fv2%2Ftags&post=400"}],"curies":[{"name":"wp","href":"https:\/\/api.w.org\/{rel}","templated":true}]}}