{"id":3872,"date":"2024-03-11T11:08:23","date_gmt":"2024-03-11T14:08:23","guid":{"rendered":"https:\/\/cidadecult.com.br\/?p=3872"},"modified":"2024-03-11T11:17:02","modified_gmt":"2024-03-11T14:17:02","slug":"ccbb-rio-de-janeiro-traz-a-luz-a-literatura-negra-feminina-ao-brasil","status":"publish","type":"post","link":"https:\/\/cidadecult.com.br\/?p=3872","title":{"rendered":"CCBB Rio de Janeiro traz \u00e0 luz a literatura negra feminina ao Brasil"},"content":{"rendered":"\n<p><em>Foto\/divulga\u00e7\u00e3o <\/em><\/p>\n\n\n\n<p>O Centro Cultural Banco do Brasil do Rio de Janeiro (CCBB RJ) inaugura seu Clube de Leitura deste ano com uma poderosa tem\u00e1tica: a Literatura Negra Feminina no Brasil. Este encontro de mentes e cora\u00e7\u00f5es liter\u00e1rios acontecer\u00e1 no dia 13 de mar\u00e7o, \u00e0s 17h30, no Sal\u00e3o de Leitura da Biblioteca.<\/p>\n\n\n\n<p>Sob a curadoria de Suzana Vargas, poeta, ensa\u00edsta e mestre em teoria liter\u00e1ria pela UFRJ, o clube levanta uma provoca\u00e7\u00e3o importante: &#8220;Literatura tem g\u00eanero e cor?&#8221;. Este questionamento instigante ser\u00e1 o fio condutor das conversas, todas elas gravadas para posterior compartilhamento no canal do Banco do Brasil no YouTube.<\/p>\n\n\n\n<p>Para dar in\u00edcio \u00e0s reflex\u00f5es, duas autoras de grande relev\u00e2ncia foram escolhidas: Marilene Felinto, autora de &#8220;As Mulheres de Tijucopapo&#8221;, obra que se tornou uma bandeira do feminismo nos anos 1980; e Eliana Alves Cruz, autora de &#8220;O Crime do Cais do Valongo&#8221;, uma narrativa que mergulha nas ra\u00edzes da negritude em meio \u00e0 hist\u00f3ria escravocrata brasileira.<\/p>\n\n\n\n<p>A participa\u00e7\u00e3o especial da renomada poeta e fil\u00f3sofa Viviane Mos\u00e9 promete enriquecer o debate. Quest\u00f5es como a possibilidade de uma mulher escrever como homem, ou vice-versa, bem como as caracter\u00edsticas que definem uma literatura como feminina ou negra ser\u00e3o abordadas de maneira profunda e significativa.<\/p>\n\n\n\n<p>Os livros escolhidos para esta imers\u00e3o liter\u00e1ria s\u00e3o verdadeiros tesouros da literatura brasileira:<\/p>\n\n\n\n<ul class=\"wp-block-list\">\n<li>&#8220;As Mulheres de Tijucopapo&#8221; de Marilene Felinto: um romance que nos leva pela jornada de retorno da narradora R\u00edsia a Tijucopapo, seu lugar fict\u00edcio de nascimento, enquanto evoca a rica hist\u00f3ria real de Pernambuco.<\/li>\n\n\n\n<li>&#8220;O Crime do Cais do Valongo&#8221; de Eliana Alves Cruz: um envolvente romance hist\u00f3rico policial que se inicia em Mo\u00e7ambique e desembarca no Cais do Valongo, uma das mais marcantes portas de entrada de escravizados no Rio de Janeiro colonial.<\/li>\n<\/ul>\n\n\n\n<p>Suzana Vargas destaca que a literatura feminina negra \u00e9 mais do que um tema, \u00e9 uma urg\u00eancia contempor\u00e2nea que demanda reflex\u00e3o, tanto por parte dos escritores quanto dos leitores. Ela ressalta que, ao lado da literatura ind\u00edgena, a produ\u00e7\u00e3o liter\u00e1ria brasileira atual est\u00e1 impregnada de quest\u00f5es cruciais como negritude, feminismo e diversidade.<\/p>\n\n\n\n<p>O calend\u00e1rio do Clube de Leitura do CCBB RJ promete uma jornada rica em conhecimento e di\u00e1logo, com temas j\u00e1 definidos at\u00e9 julho. Os pr\u00f3ximos encontros incluem caminhos e descaminhos ind\u00edgenas em abril, uma imers\u00e3o na obra de Lima Barreto em maio, uma reflex\u00e3o sobre Clarice Lispector em junho, e um olhar para a Literatura e Diversidade em julho.<\/p>\n\n\n\n<p>No ano anterior, o Clube acolheu escritores renomados e contou com a participa\u00e7\u00e3o de 1.243 entusiastas da literatura. Este ano, a promessa \u00e9 de debates profundos e reflex\u00f5es essenciais sobre a literatura brasileira, com foco especial nas vozes femininas e negras que tanto enriquecem nossa hist\u00f3ria liter\u00e1ria.<\/p>\n\n\n\n<p><\/p>\n","protected":false},"excerpt":{"rendered":"<p>Foto\/divulga\u00e7\u00e3o O Centro Cultural Banco do Brasil do Rio de Janeiro (CCBB RJ) inaugura seu Clube de Leitura deste ano com uma poderosa tem\u00e1tica: a Literatura Negra Feminina no Brasil. Este encontro de mentes e cora\u00e7\u00f5es liter\u00e1rios acontecer\u00e1 no dia 13 de mar\u00e7o, \u00e0s 17h30, no Sal\u00e3o de Leitura da Biblioteca. Sob a curadoria de [&hellip;]<\/p>\n","protected":false},"author":1441,"featured_media":3875,"comment_status":"open","ping_status":"open","sticky":false,"template":"","format":"standard","meta":{"_monsterinsights_skip_tracking":false,"_monsterinsights_sitenote_active":false,"_monsterinsights_sitenote_note":"","_monsterinsights_sitenote_category":0,"footnotes":""},"categories":[41,54,34,290,3,300],"tags":[439,541,403,544,447],"class_list":["post-3872","post","type-post","status-publish","format-standard","has-post-thumbnail","hentry","category-agenda","category-brasil","category-destaque","category-educacao","category-entertainment","category-literatura","tag-brasil-2","tag-ccbb-2","tag-cidadecult-2","tag-literaturanegrafemenina","tag-riodejaneiro-2"],"_links":{"self":[{"href":"https:\/\/cidadecult.com.br\/index.php?rest_route=\/wp\/v2\/posts\/3872","targetHints":{"allow":["GET"]}}],"collection":[{"href":"https:\/\/cidadecult.com.br\/index.php?rest_route=\/wp\/v2\/posts"}],"about":[{"href":"https:\/\/cidadecult.com.br\/index.php?rest_route=\/wp\/v2\/types\/post"}],"author":[{"embeddable":true,"href":"https:\/\/cidadecult.com.br\/index.php?rest_route=\/wp\/v2\/users\/1441"}],"replies":[{"embeddable":true,"href":"https:\/\/cidadecult.com.br\/index.php?rest_route=%2Fwp%2Fv2%2Fcomments&post=3872"}],"version-history":[{"count":1,"href":"https:\/\/cidadecult.com.br\/index.php?rest_route=\/wp\/v2\/posts\/3872\/revisions"}],"predecessor-version":[{"id":3874,"href":"https:\/\/cidadecult.com.br\/index.php?rest_route=\/wp\/v2\/posts\/3872\/revisions\/3874"}],"wp:featuredmedia":[{"embeddable":true,"href":"https:\/\/cidadecult.com.br\/index.php?rest_route=\/wp\/v2\/media\/3875"}],"wp:attachment":[{"href":"https:\/\/cidadecult.com.br\/index.php?rest_route=%2Fwp%2Fv2%2Fmedia&parent=3872"}],"wp:term":[{"taxonomy":"category","embeddable":true,"href":"https:\/\/cidadecult.com.br\/index.php?rest_route=%2Fwp%2Fv2%2Fcategories&post=3872"},{"taxonomy":"post_tag","embeddable":true,"href":"https:\/\/cidadecult.com.br\/index.php?rest_route=%2Fwp%2Fv2%2Ftags&post=3872"}],"curies":[{"name":"wp","href":"https:\/\/api.w.org\/{rel}","templated":true}]}}