{"id":3829,"date":"2024-03-08T10:49:33","date_gmt":"2024-03-08T13:49:33","guid":{"rendered":"https:\/\/cidadecult.com.br\/?p=3829"},"modified":"2024-03-08T10:49:35","modified_gmt":"2024-03-08T13:49:35","slug":"fim-de-semana-cultural-em-brasilia","status":"publish","type":"post","link":"https:\/\/cidadecult.com.br\/?p=3829","title":{"rendered":"Fim de semana cultural em Bras\u00edlia !"},"content":{"rendered":"\n<p><em>Foto: Nina Quintana<\/em><\/p>\n\n\n\n<p>O segundo fim de semana de mar\u00e7o promete uma agenda vibrante para os brasilienses, com uma s\u00e9rie de eventos gratuitos e diversificados, desde comemora\u00e7\u00f5es de anivers\u00e1rio at\u00e9 espet\u00e1culos teatrais e exposi\u00e7\u00f5es em homenagem ao Dia da Mulher.<\/p>\n\n\n\n<h4 class=\"wp-block-heading\">Anivers\u00e1rio do Museu de Arte de Bras\u00edlia (MAB)<\/h4>\n\n\n\n<ul class=\"wp-block-list\">\n<li><strong>Data<\/strong>: S\u00e1bado (9) e Domingo (10)<\/li>\n\n\n\n<li><strong>Local<\/strong>: Museu de Arte de Bras\u00edlia (MAB)<\/li>\n\n\n\n<li><strong>Descri\u00e7\u00e3o<\/strong>: Celebre conosco os 39 anos do MAB com um dia inteiro de atividades para todas as idades. Participe de oficinas de fotografia, visite nossas exposi\u00e7\u00f5es em cartaz, divirta-se com jogos infantis, e desfrute de algod\u00e3o doce e pipoca. A agenda tamb\u00e9m inclui apresenta\u00e7\u00e3o de artes marciais e um sarau de poesias. Confira a programa\u00e7\u00e3o completa [aqui](link para a programa\u00e7\u00e3o completa).<\/li>\n\n\n\n<li><strong>Hor\u00e1rio<\/strong>: Ao longo do dia<\/li>\n\n\n\n<li><strong>Inscri\u00e7\u00e3o<\/strong>: N\u00e3o \u00e9 necess\u00e1rio fazer inscri\u00e7\u00e3o pr\u00e9via, apenas chegar com 30 minutos de anteced\u00eancia.<\/li>\n<\/ul>\n\n\n\n<h4 class=\"wp-block-heading\">Anivers\u00e1rio do Jardim Bot\u00e2nico de Bras\u00edlia (JBB)<\/h4>\n\n\n\n<ul class=\"wp-block-list\">\n<li><strong>Data<\/strong>: At\u00e9 Domingo (10)<\/li>\n\n\n\n<li><strong>Local<\/strong>: Jardim Bot\u00e2nico de Bras\u00edlia (JBB)<\/li>\n\n\n\n<li><strong>Descri\u00e7\u00e3o<\/strong>: Explore os 39 anos do JBB com uma programa\u00e7\u00e3o especial que inclui trilhas em fam\u00edlia, caminhadas sensoriais com degusta\u00e7\u00e3o de quitutes do Cerrado, oficinas de artesanato, educa\u00e7\u00e3o ambiental, shows e espet\u00e1culos de teatro. Para participar de algumas atividades \u00e9 necess\u00e1ria inscri\u00e7\u00e3o antecipada, dispon\u00edvel no site do JBB [aqui](link para inscri\u00e7\u00f5es).<\/li>\n\n\n\n<li><strong>Inscri\u00e7\u00e3o<\/strong>: Para algumas atividades \u00e9 necess\u00e1ria inscri\u00e7\u00e3o antecipada atrav\u00e9s do formul\u00e1rio dispon\u00edvel no site do JBB.<\/li>\n<\/ul>\n\n\n\n<h4 class=\"wp-block-heading\">Espet\u00e1culo Teatral &#8220;Os C\u00e3es&#8221;<\/h4>\n\n\n\n<ul class=\"wp-block-list\">\n<li><strong>Data<\/strong>: Domingo (10)<\/li>\n\n\n\n<li><strong>Local<\/strong>: Espa\u00e7o C\u00e9u das Artes, Ceil\u00e2ndia Norte<\/li>\n\n\n\n<li><strong>Outras Datas<\/strong>: Tamb\u00e9m em 30 de mar\u00e7o no Espa\u00e7o Semente, no Setor Central do Gama<\/li>\n\n\n\n<li><strong>Descri\u00e7\u00e3o<\/strong>: Assista \u00e0 emocionante adapta\u00e7\u00e3o teatral do livro &#8220;Morro dos Ventos Uivantes&#8221; de Emily Bront\u00eb. O espet\u00e1culo, com personagens femininas marcantes, promete encantar o p\u00fablico. Entrada gratuita e acessibilidade garantida.<\/li>\n\n\n\n<li><strong>Hor\u00e1rio<\/strong>: 20h<\/li>\n\n\n\n<li><strong>Entrada<\/strong>: Gratuita<\/li>\n<\/ul>\n\n\n\n<h4 class=\"wp-block-heading\">Exposi\u00e7\u00e3o &#8220;As mil faces da mulher em Bras\u00edlia&#8221;<\/h4>\n\n\n\n<ul class=\"wp-block-list\">\n<li><strong>Data<\/strong>: Sexta-feira (8)<\/li>\n\n\n\n<li><strong>Local<\/strong>: Biblioteca Nacional de Bras\u00edlia (BNB)<\/li>\n\n\n\n<li><strong>Hor\u00e1rio<\/strong>: 17h<\/li>\n\n\n\n<li><strong>Descri\u00e7\u00e3o<\/strong>: Participe do lan\u00e7amento da exposi\u00e7\u00e3o &#8220;As mil faces da mulher em Bras\u00edlia&#8221;, com curadoria de Andr\u00e9ia Nayrim e Mariana Mendon\u00e7a. O evento inclui tamb\u00e9m a exibi\u00e7\u00e3o do document\u00e1rio &#8220;Poeira e batom no Planalto Central&#8221; da cineasta Tania Fontenele.<\/li>\n<\/ul>\n\n\n\n<p>Venha aproveitar um fim de semana repleto de cultura, bem-estar e contato com a natureza! Todas as atividades s\u00e3o gratuitas e abertas ao p\u00fablico.<\/p>\n","protected":false},"excerpt":{"rendered":"<p>Foto: Nina Quintana O segundo fim de semana de mar\u00e7o promete uma agenda vibrante para os brasilienses, com uma s\u00e9rie de eventos gratuitos e diversificados, desde comemora\u00e7\u00f5es de anivers\u00e1rio at\u00e9 espet\u00e1culos teatrais e exposi\u00e7\u00f5es em homenagem ao Dia da Mulher. Anivers\u00e1rio do Museu de Arte de Bras\u00edlia (MAB) Anivers\u00e1rio do Jardim Bot\u00e2nico de Bras\u00edlia (JBB) [&hellip;]<\/p>\n","protected":false},"author":1441,"featured_media":3830,"comment_status":"open","ping_status":"open","sticky":false,"template":"","format":"standard","meta":{"_monsterinsights_skip_tracking":false,"_monsterinsights_sitenote_active":false,"_monsterinsights_sitenote_note":"","_monsterinsights_sitenote_category":0,"footnotes":""},"categories":[41,17,34,3],"tags":[419,498,407,499,501,430],"class_list":["post-3829","post","type-post","status-publish","format-standard","has-post-thumbnail","hentry","category-agenda","category-bsb","category-destaque","category-entertainment","tag-brasiliadf-2","tag-diadamulher","tag-entreterimento","tag-fimdesemanacultural","tag-jbb","tag-programacao"],"_links":{"self":[{"href":"https:\/\/cidadecult.com.br\/index.php?rest_route=\/wp\/v2\/posts\/3829","targetHints":{"allow":["GET"]}}],"collection":[{"href":"https:\/\/cidadecult.com.br\/index.php?rest_route=\/wp\/v2\/posts"}],"about":[{"href":"https:\/\/cidadecult.com.br\/index.php?rest_route=\/wp\/v2\/types\/post"}],"author":[{"embeddable":true,"href":"https:\/\/cidadecult.com.br\/index.php?rest_route=\/wp\/v2\/users\/1441"}],"replies":[{"embeddable":true,"href":"https:\/\/cidadecult.com.br\/index.php?rest_route=%2Fwp%2Fv2%2Fcomments&post=3829"}],"version-history":[{"count":1,"href":"https:\/\/cidadecult.com.br\/index.php?rest_route=\/wp\/v2\/posts\/3829\/revisions"}],"predecessor-version":[{"id":3831,"href":"https:\/\/cidadecult.com.br\/index.php?rest_route=\/wp\/v2\/posts\/3829\/revisions\/3831"}],"wp:featuredmedia":[{"embeddable":true,"href":"https:\/\/cidadecult.com.br\/index.php?rest_route=\/wp\/v2\/media\/3830"}],"wp:attachment":[{"href":"https:\/\/cidadecult.com.br\/index.php?rest_route=%2Fwp%2Fv2%2Fmedia&parent=3829"}],"wp:term":[{"taxonomy":"category","embeddable":true,"href":"https:\/\/cidadecult.com.br\/index.php?rest_route=%2Fwp%2Fv2%2Fcategories&post=3829"},{"taxonomy":"post_tag","embeddable":true,"href":"https:\/\/cidadecult.com.br\/index.php?rest_route=%2Fwp%2Fv2%2Ftags&post=3829"}],"curies":[{"name":"wp","href":"https:\/\/api.w.org\/{rel}","templated":true}]}}