{"id":378,"date":"2021-12-09T16:30:26","date_gmt":"2021-12-09T19:30:26","guid":{"rendered":"https:\/\/cidadecult.com.br\/novo\/mudanca-de-carreira-nove-entre-dez-brasileiros-se-dizem-insatisfeitos-com-sua-primeira-escolha-2\/"},"modified":"2021-12-09T16:30:26","modified_gmt":"2021-12-09T19:30:26","slug":"mudanca-de-carreira-nove-entre-dez-brasileiros-se-dizem-insatisfeitos-com-sua-primeira-escolha-2","status":"publish","type":"post","link":"https:\/\/cidadecult.com.br\/?p=378","title":{"rendered":"Mudan\u00e7a de carreira: nove entre dez brasileiros se dizem insatisfeitos (2)"},"content":{"rendered":"<h2 style=\"box-sizing: border-box; margin: 0px 0px 10px; font-size: 16px; font-family: Poppins, sans-serif;\">Em estreia como escritora, Na\u00edce Dematte, ensina como realizar a mudan\u00e7a de carreira em qualquer fase da vida. O livro &#8220;Transi\u00e7\u00e3o Consciente&#8221;, que teve seu lan\u00e7amento h\u00e1 um m\u00eas, j\u00e1 teve sua primeira edi\u00e7\u00e3o esgotada, apresenta cinco passos para a recria\u00e7\u00e3o da carreira profissional.\u00a0A CidadeCULT falou com a Na\u00edce e conta um pouquinho aqui&#8230;<\/h2>\n<h2>CidadeCULT &#8211; <strong>Como surgiu a ideia para a obra e como foi o processo de cria\u00e7\u00e3o?<\/strong><\/h2>\n<h2>Creio que todo leitor tem o desejo, muitas vezes n\u00e3o revelado, de escrever seu pr\u00f3prio livro, de registrar suas ideias e cren\u00e7as, entregando \u00e0 posteridade a sua marca pessoal. Comigo esse sonho estava guardado, mas n\u00e3o esquecido.\u00a0 Em 2020, recebi dois convites para participar de publica\u00e7\u00f5es em coautoria, mas recusei. Eu queria o meu, com a minha cara. E o tema? Ora, uma vez que eu mesma fiz transi\u00e7\u00e3o de carreira, por que n\u00e3o ajudar adultos a utilizarem seus talentos para encontrar uma carreira alinhada com o que sabem fazer de melhor? Eu acertei o caminho do recriar, poderia muito bem criar um passo a passo. Em janeiro de 2021, dei in\u00edcio ao processo de escrita. Alinhavei o pr\u00f3logo, que narra o dia da publica\u00e7\u00e3o da minha aposentadoria do cargo de delegada de pol\u00edcia e constru\u00ed o esbo\u00e7o do sum\u00e1rio, logo em seguida. A partir de ent\u00e3o, tracei um cronograma \u2500 passei a escrever um cap\u00edtulo por semana, entrevistei profissionais de diversas \u00e1reas, lembrei de hist\u00f3rias da minha vida e acrescentei muitas hist\u00f3rias inspiradoras de pessoas reais, como eu. Al\u00e9m disso, busquei base te\u00f3rica para minhas afirma\u00e7\u00f5es, pesquisas cient\u00edficas e estrat\u00e9gias para uma mudan\u00e7a madura. Sem pressa, estruturei os cap\u00edtulos para entregar uma narrativa interessante, \u00fatil e leve.<\/h2>\n<h2>CidadeCULT &#8211; <strong>Este \u00e9 o seu primeiro projeto escrito? Em quanto tempo se deu a ideia de publicar uma obra e a execu\u00e7\u00e3o at\u00e9 o lan\u00e7amento?<\/strong><\/h2>\n<h2>Era algo que voc\u00ea pensava em fazer ao longo da vida? Como operadora do direito, escrevo desde os 19 anos, artigos cient\u00edficos, papers, TCCs, relat\u00f3rios e pe\u00e7as jur\u00eddicas. O desejo de escrever um livro e deixar um legado de significado, estava guardado desde a adolesc\u00eancia. Amadureci e decidi que estava pronta para o meu momento. Em janeiro de 2021, debrucei-me no computador e criei a pasta \u201cProjeto Meu Livro\u201d. A cada semana um cap\u00edtulo tomava forma. Ao longo do caminho entrevistei pessoas, elaborei met\u00e1foras e busquei hist\u00f3rias, teorias e li\u00e7\u00f5es de mestres do desenvolvimento pessoal, conceitos e pr\u00e1ticas relacionadas \u00e0 Intelig\u00eancia Emocional, Neurolingu\u00edstica, PNL e Psicologia, visando colorir e enriquecer o meu texto. Por fim, como um foco de luz nas d\u00favidas que envolvem qualquer mudan\u00e7a, criei o m\u00e9todo Recriar Consciente, em 5 Passos, como o objetivo de ajudar o leitor a olhar para si mesmo e tra\u00e7ar um novo caminho. Obra conclu\u00edda para revis\u00e3o em agosto. Nenhum escritor trabalha sozinho. Tive o aux\u00edlio precioso de leitoras beta, designers, fot\u00f3grafo e revisor. Da primeira linha redigida em janeiro at\u00e9 o lan\u00e7amento no dia 10 de novembro, foram muitos escreve e conserta, repara e realinha, um ler e reler sem fim. Vivi o processo com o entusiasmo da descoberta de um talento.<\/h2>\n<h2>CidadeCULT &#8211; <strong>A sua primeira obra trata de um assunto muito atual, a mudan\u00e7a da carreira. Por que a escolha desse assunto?<\/strong><\/h2>\n<h2>A minha aposentadoria veio aos 48 e a certeza que eu tinha era que iria advogar, como acontece com a grande maioria dos delegados aposentados. Entretanto, n\u00e3o era na advocacia que eu desejava estar. Eu tinha energia de sobra, queria recome\u00e7ar, mas n\u00e3o sabia como. \u00a0Felizmente, parei, olhei para mim mesma, superei medos de n\u00e3o conseguir ter sucesso em nenhuma outra profiss\u00e3o, fiz outras forma\u00e7\u00f5es e recriei uma outra carreira. O meu livro trata exatamente do como fazer uma Transi\u00e7\u00e3o Consciente: como aplicar energia produtiva e talentos pessoais para recriar a caminhada profissional.<\/h2>\n<h2>CidadeCULT &#8211; <strong>Existe um passo-a-passo para tomar a decis\u00e3o de mudar de \u00e1rea de atua\u00e7\u00e3o?<\/strong><\/h2>\n<h2>E um passo-a-passo para conseguir fazer isso? Eu criei o M\u00e9todo Recriar Consciente, em cinco passos, que \u00e9 uma orienta\u00e7\u00e3o para quem n\u00e3o sabe onde buscar inspira\u00e7\u00e3o para mudar, como fazer, por onde come\u00e7ar, quais as principais estrat\u00e9gias. Deixo uma dica: est\u00e1 no cap\u00edtulo 06 do meu livro \u201cTransi\u00e7\u00e3o de Carreira\u201d e o primeiro passo \u00e9 o autoconhecimento.<\/h2>\n<h2>CidadeCULT &#8211; <strong>Qual a mensagem que voc\u00ea deseja passar com a obra?<\/strong><\/h2>\n<h2>Eu desejo que o leitor aprenda a olhar para si mesmo e veja beleza na sua singularidade, compreendendo que para alcan\u00e7ar felicidade no trabalho \u00e9 preciso uma mente positiva e talentos empregados no of\u00edcio.<\/h2>\n<h2>CidadeCULT &#8211; <strong>Como foi a experi\u00eancia de estreia como escritora? Qual a tiragem? Vendeu toda a primeira edi\u00e7\u00e3o?<\/strong><\/h2>\n<h2>Meu cora\u00e7\u00e3o est\u00e1 muito feliz. Foi um trabalho desenvolvido com esmero. Eu acredito que profissionais de v\u00e1rias \u00e1reas ter\u00e3o interesse em minha obra. Considerei, desde o in\u00edcio do processo, que seria uma grande responsabilidade escrever para um p\u00fablico que l\u00ea e investe em aprendizado constante. A dedica\u00e7\u00e3o com a capa, o texto e o conte\u00fado tem valido \u00e0 pena, uma vez que os feedbacks t\u00eam sido extremamente positivos. O livro est\u00e1 dispon\u00edvel na Amazon, nas vers\u00f5es f\u00edsico e digital, mas para atender \u00e0 demanda dos amigos na noite de aut\u00f3grafos, eu providenciei a impress\u00e3o de 150 exemplares, dos quais tenho somente duas unidades para a venda, em menos de um m\u00eas de lan\u00e7amento. \u00a0Considero que a minha estreia superou em muito minhas expectativas.\u00a0<\/h2>\n<h2 style=\"box-sizing: border-box; margin: 0px 0px 10px; font-size: 16px; font-family: Poppins, sans-serif;\"><span style=\"font-family: Arial, Helvetica, sans-serif; font-size: 14px;\">CidadeCULT &#8211;<\/span>\u00a0<strong>Qual a tem\u00e1tica da pr\u00f3xima obra? Previs\u00e3o?<\/strong><\/h2>\n<h2 style=\"box-sizing: border-box; margin: 0px 0px 10px; font-size: 16px; font-family: Poppins, sans-serif;\">Ainda n\u00e3o idealizei uma segunda obra. Certamente ela vir\u00e1, mas estou vivendo e aproveitando o momento de divulga\u00e7\u00e3o do meu livro, sem ansiedade com o amanh\u00e3, nem press\u00e3o para a busca de um outro tema.\u00a0 <br \/><span style=\"font-size: 11.0pt; line-height: 107%; font-family: 'inherit',serif; mso-fareast-font-family: Calibri; mso-fareast-theme-font: minor-latin; mso-bidi-font-family: 'Times New Roman'; mso-bidi-theme-font: minor-bidi; color: #222222; mso-ansi-language: PT-BR; mso-fareast-language: EN-US; mso-bidi-language: AR-SA;\"> <br \/> <\/span><\/h2>\n","protected":false},"excerpt":{"rendered":"<h2 style=\"box-sizing: border-box; margin: 0px 0px 10px; font-size: 16px; font-family: Poppins, sans-serif;\">Em estreia como escritora, Na\u00edce Dematte, ensina como realizar a mudan\u00e7a de carreira em qualquer fase da vida. O livro &#8220;Transi\u00e7\u00e3o Consciente&#8221;, que teve seu lan\u00e7amento h\u00e1 um m\u00eas, j\u00e1 teve sua primeira edi\u00e7\u00e3o esgotada, apresenta cinco passos para a recria\u00e7\u00e3o da carreira profissional.\u00a0A CidadeCULT falou com a Na\u00edce e conta um pouquinho aqui&#8230;<\/h2>\n","protected":false},"author":3,"featured_media":0,"comment_status":"open","ping_status":"open","sticky":false,"template":"","format":"standard","meta":{"_monsterinsights_skip_tracking":false,"_monsterinsights_sitenote_active":false,"_monsterinsights_sitenote_note":"","_monsterinsights_sitenote_category":0,"footnotes":""},"categories":[40],"tags":[],"class_list":["post-378","post","type-post","status-publish","format-standard","hentry","category-videos"],"_links":{"self":[{"href":"https:\/\/cidadecult.com.br\/index.php?rest_route=\/wp\/v2\/posts\/378","targetHints":{"allow":["GET"]}}],"collection":[{"href":"https:\/\/cidadecult.com.br\/index.php?rest_route=\/wp\/v2\/posts"}],"about":[{"href":"https:\/\/cidadecult.com.br\/index.php?rest_route=\/wp\/v2\/types\/post"}],"author":[{"embeddable":true,"href":"https:\/\/cidadecult.com.br\/index.php?rest_route=\/wp\/v2\/users\/3"}],"replies":[{"embeddable":true,"href":"https:\/\/cidadecult.com.br\/index.php?rest_route=%2Fwp%2Fv2%2Fcomments&post=378"}],"version-history":[{"count":0,"href":"https:\/\/cidadecult.com.br\/index.php?rest_route=\/wp\/v2\/posts\/378\/revisions"}],"wp:attachment":[{"href":"https:\/\/cidadecult.com.br\/index.php?rest_route=%2Fwp%2Fv2%2Fmedia&parent=378"}],"wp:term":[{"taxonomy":"category","embeddable":true,"href":"https:\/\/cidadecult.com.br\/index.php?rest_route=%2Fwp%2Fv2%2Fcategories&post=378"},{"taxonomy":"post_tag","embeddable":true,"href":"https:\/\/cidadecult.com.br\/index.php?rest_route=%2Fwp%2Fv2%2Ftags&post=378"}],"curies":[{"name":"wp","href":"https:\/\/api.w.org\/{rel}","templated":true}]}}