{"id":3685,"date":"2024-03-18T19:15:28","date_gmt":"2024-03-18T22:15:28","guid":{"rendered":"https:\/\/cidadecult.com.br\/?p=3685"},"modified":"2024-03-18T19:15:29","modified_gmt":"2024-03-18T22:15:29","slug":"anavitoria-e-nando-reis-celebram-o-amor-com-turne-dos-namorados-em-23-de-junho","status":"publish","type":"post","link":"https:\/\/cidadecult.com.br\/?p=3685","title":{"rendered":"Anavit\u00f3ria e Nando Reis celebram o amor com turn\u00ea dos namorados em 23 de Junho"},"content":{"rendered":"\n<p><em>Foto\/divulga\u00e7\u00e3o <\/em><\/p>\n\n\n\n<p>Anavit\u00f3ria e Nando Reis est\u00e3o de volta \u00e0 capital federal para uma jornada musical cheia de amor. Ap\u00f3s seis anos da primeira colabora\u00e7\u00e3o, o duo e o cantor se re\u00fanem novamente em uma turn\u00ea especial dos namorados, prometendo embalar cora\u00e7\u00f5es apaixonados com o romantismo de seu repert\u00f3rio. O trio passar\u00e1 apenas por 12 cidades, e em Bras\u00edlia eles se apresentam em 23 de junho, no Centro de Conven\u00e7\u00f5es Ulysses.<\/p>\n\n\n\n<p>De um lado, a do\u00e7ura e leveza de Ana Clara Caetano e Vit\u00f3ria Falc\u00e3o. Com um talento singular, o duo conquistou o mundo e representa uma nova MPB, sem receios de mesclar seu estilo com elementos de funk, rock, folk, sertanejo e v\u00e1rios outros g\u00eaneros musicais. Do outro, o \u00edcone Nando Reis, com sua eleg\u00e2ncia e vasta experi\u00eancia. O cantor \u00e9 refer\u00eancia musical h\u00e1 mais de 40 anos e parte importante da hist\u00f3ria da m\u00fasica brasileira.<\/p>\n\n\n\n<p>Num misto de sucessos que passeiam por \u201cDe Janeiro a Janeiro\u201d, \u201cAi, Amor\u201d, \u201cPra Voc\u00ea Guardei o Amor\u201d, \u201cTrevo\u201d, \u201cRelic\u00e1rio\u201d, o show ter\u00e1 um infinito de emo\u00e7\u00f5es compartilhadas entre artistas e p\u00fablico, com hits que transcendem gera\u00e7\u00f5es.<\/p>\n\n\n\n<p>A <strong>Turn\u00ea Dos Namorados &#8211; Palavras Iguais Dizendo Coisas T\u00e3o Diferentes<\/strong> \u00e9 mais um projeto que enaltece e evidencia um dos sentimentos mais nobres da exist\u00eancia do ser: o amor.<\/p>\n\n\n\n<p><strong>Servi\u00e7os:<\/strong><\/p>\n\n\n\n<ul class=\"wp-block-list\">\n<li><strong>Evento:<\/strong> Anavit\u00f3ria e Nando Reis \u2013 Turn\u00ea dos Namorados<\/li>\n\n\n\n<li><strong>Data:<\/strong> 23 de junho (s\u00e1bado)<\/li>\n\n\n\n<li><strong>Abertura:<\/strong> 19h<\/li>\n\n\n\n<li><strong>Local:<\/strong> Centro de Conven\u00e7\u00f5es Ulysses<\/li>\n\n\n\n<li><strong>Classifica\u00e7\u00e3o:<\/strong> 16 anos<\/li>\n<\/ul>\n\n\n\n<p><strong>Ingressos:<\/strong><\/p>\n\n\n\n<ul class=\"wp-block-list\">\n<li><strong>Poltrona Superior:<\/strong> R$ 69,00<\/li>\n\n\n\n<li><strong>Poltrona Especial:<\/strong> R$ 126,50<\/li>\n\n\n\n<li><strong>Poltrona VIP:<\/strong> R$ 161,00<\/li>\n\n\n\n<li><strong>Poltrona Gold:<\/strong> R$ 195,50<\/li>\n\n\n\n<li><strong>Poltrona Premium:<\/strong> R$ 195,50<\/li>\n\n\n\n<li><strong>Frount Premium:<\/strong> R$ 506,00<\/li>\n\n\n\n<li><strong>Espa\u00e7o Bistr\u00f4 (Mesa para 4 pessoas):<\/strong> R$ 4.600,00<\/li>\n\n\n\n<li><strong>Lounges (Sof\u00e1s para 4 pessoas, \u00e1rea exclusiva frente palco):<\/strong> R$ 2.300,00<\/li>\n\n\n\n<li><strong>PCR &#8211; Cadeirante (N\u00e3o possui assento):<\/strong> R$ 115,00<\/li>\n<\/ul>\n\n\n\n<p><em>Ingressos sujeitos \u00e0 altera\u00e7\u00e3o de pre\u00e7os sem aviso pr\u00e9vio.<\/em><\/p>\n\n\n\n<p><strong>Meia-entrada:<\/strong><\/p>\n\n\n\n<ul class=\"wp-block-list\">\n<li>Estudantes<\/li>\n\n\n\n<li>Professores<\/li>\n\n\n\n<li>Idosos<\/li>\n\n\n\n<li>Pessoas com defici\u00eancia<\/li>\n\n\n\n<li>Profissionais da \u00e1rea de sa\u00fade<\/li>\n<\/ul>\n\n\n\n<p><strong>Ingresso solid\u00e1rio<\/strong>: Doando 1kg de alimento n\u00e3o perec\u00edvel EXCETO SAL.<\/p>\n\n\n\n<p><strong>Vendas:<\/strong><\/p>\n\n\n\n<ul class=\"wp-block-list\">\n<li>Talk ParkShopping<\/li>\n\n\n\n<li><strong>Vendas Online:<\/strong> <a href=\"https:\/\/www.alphatickets.com.br\/Detalhes.aspx?event=D95602ED-481B-4324-A6C5-C21DA376A327&amp;hostname=&amp;dt=20240301110514\">Alpha Tickets<\/a><\/li>\n<\/ul>\n\n\n\n<p>Para mais informa\u00e7\u00f5es:<br>Eduarda Ayres &#8211; (61) 99815-2712<br>Conte\u00fado Comunica\u00e7\u00e3o: <a href=\"mailto:imprensaconteudoomunicacao@gmail.com\">imprensaconteudoomunicacao@gmail.com<\/a><\/p>\n\n\n\n<p>Venha celebrar o amor e a m\u00fasica conosco nesta noite especial com Anavit\u00f3ria e Nando Reis!<\/p>\n","protected":false},"excerpt":{"rendered":"<p>Foto\/divulga\u00e7\u00e3o Anavit\u00f3ria e Nando Reis est\u00e3o de volta \u00e0 capital federal para uma jornada musical cheia de amor. Ap\u00f3s seis anos da primeira colabora\u00e7\u00e3o, o duo e o cantor se re\u00fanem novamente em uma turn\u00ea especial dos namorados, prometendo embalar cora\u00e7\u00f5es apaixonados com o romantismo de seu repert\u00f3rio. O trio passar\u00e1 apenas por 12 cidades, [&hellip;]<\/p>\n","protected":false},"author":1441,"featured_media":3686,"comment_status":"open","ping_status":"open","sticky":false,"template":"","format":"standard","meta":{"_monsterinsights_skip_tracking":false,"_monsterinsights_sitenote_active":false,"_monsterinsights_sitenote_note":"","_monsterinsights_sitenote_category":0,"footnotes":""},"categories":[41,17,34,3,6],"tags":[],"class_list":["post-3685","post","type-post","status-publish","format-standard","has-post-thumbnail","hentry","category-agenda","category-bsb","category-destaque","category-entertainment","category-music"],"_links":{"self":[{"href":"https:\/\/cidadecult.com.br\/index.php?rest_route=\/wp\/v2\/posts\/3685","targetHints":{"allow":["GET"]}}],"collection":[{"href":"https:\/\/cidadecult.com.br\/index.php?rest_route=\/wp\/v2\/posts"}],"about":[{"href":"https:\/\/cidadecult.com.br\/index.php?rest_route=\/wp\/v2\/types\/post"}],"author":[{"embeddable":true,"href":"https:\/\/cidadecult.com.br\/index.php?rest_route=\/wp\/v2\/users\/1441"}],"replies":[{"embeddable":true,"href":"https:\/\/cidadecult.com.br\/index.php?rest_route=%2Fwp%2Fv2%2Fcomments&post=3685"}],"version-history":[{"count":1,"href":"https:\/\/cidadecult.com.br\/index.php?rest_route=\/wp\/v2\/posts\/3685\/revisions"}],"predecessor-version":[{"id":3688,"href":"https:\/\/cidadecult.com.br\/index.php?rest_route=\/wp\/v2\/posts\/3685\/revisions\/3688"}],"wp:featuredmedia":[{"embeddable":true,"href":"https:\/\/cidadecult.com.br\/index.php?rest_route=\/wp\/v2\/media\/3686"}],"wp:attachment":[{"href":"https:\/\/cidadecult.com.br\/index.php?rest_route=%2Fwp%2Fv2%2Fmedia&parent=3685"}],"wp:term":[{"taxonomy":"category","embeddable":true,"href":"https:\/\/cidadecult.com.br\/index.php?rest_route=%2Fwp%2Fv2%2Fcategories&post=3685"},{"taxonomy":"post_tag","embeddable":true,"href":"https:\/\/cidadecult.com.br\/index.php?rest_route=%2Fwp%2Fv2%2Ftags&post=3685"}],"curies":[{"name":"wp","href":"https:\/\/api.w.org\/{rel}","templated":true}]}}