{"id":3680,"date":"2024-04-04T11:47:30","date_gmt":"2024-04-04T14:47:30","guid":{"rendered":"https:\/\/cidadecult.com.br\/?p=3680"},"modified":"2024-04-04T11:47:31","modified_gmt":"2024-04-04T14:47:31","slug":"espetaculo-eu-capitu-chega-a-brasilia-uma-reflexao-pelo-olhar-feminino-no-teatro","status":"publish","type":"post","link":"https:\/\/cidadecult.com.br\/?p=3680","title":{"rendered":"Espet\u00e1culo &#8220;Eu Capitu&#8221; chega a Bras\u00edlia: uma reflex\u00e3o pelo olhar feminino no teatro"},"content":{"rendered":"\n<p><em>Foto: Daniel Barboza<\/em><\/p>\n\n\n\n<p>Pe\u00e7a que j\u00e1 percorreu o Brasil busca dar voz \u00e0s mulheres em um mundo narrado por homens.<\/p>\n\n\n\n<p>Depois de um grande sucesso de p\u00fablico no Rio de Janeiro, Recife e Belo Horizonte, o espet\u00e1culo &#8220;Eu Capitu&#8221; chega pela primeira vez a Bras\u00edlia. A produ\u00e7\u00e3o, com texto de Carla Faour e dire\u00e7\u00e3o de Miwa Yanagizawa, oferece ao espectador uma releitura do cl\u00e1ssico romance de Machado de Assis atrav\u00e9s do olhar feminino. Em cartaz no Centro Cultural Banco do Brasil \u2013 CCBB Bras\u00edlia (SCES Trecho 2) at\u00e9 17 de mar\u00e7o de 2024, sempre de quinta a s\u00e1bado, \u00e0s 20h, e aos domingos, \u00e0s 18h. Os ingressos est\u00e3o dispon\u00edveis a pre\u00e7os populares: R$ 30 (inteira) e R$ 15 (meia-entrada). Al\u00e9m das apresenta\u00e7\u00f5es regulares, o projeto ter\u00e1 sess\u00f5es acess\u00edveis nos dias 02 de mar\u00e7o (com LIBRAS) e 09 de mar\u00e7o (com Audiodescri\u00e7\u00e3o). Uma roda de conversa afetiva com a equipe do espet\u00e1culo e duas oficinas gratuitas completam a programa\u00e7\u00e3o, que pode ser conferida no site <a href=\"https:\/\/www.bb.com.br\/cultura\">bb.com.br\/cultura<\/a>.<\/p>\n\n\n\n<p>O espet\u00e1culo, que conta a hist\u00f3ria sob o ponto de vista de Ana, uma menina prestes a entrar na adolesc\u00eancia, que testemunha o t\u00e9rmino do relacionamento abusivo de sua m\u00e3e, estar\u00e1 em cartaz no Distrito Federal durante o m\u00eas de mar\u00e7o, quando se comemora o Dia Internacional da Mulher. A obra surge como um alerta para o aumento dos casos de feminic\u00eddio, especialmente no Distrito Federal, que se tornou a unidade da federa\u00e7\u00e3o com o maior n\u00famero de mortes de mulheres por quest\u00f5es de g\u00eanero, de acordo com o F\u00f3rum Brasileiro de Seguran\u00e7a P\u00fablica (FBSP). Para isso, a pe\u00e7a utiliza um olhar fant\u00e1stico e atual para unir a fic\u00e7\u00e3o em cena \u00e0 dura realidade das mulheres v\u00edtimas de viol\u00eancia.<\/p>\n\n\n\n<p>&#8220;No in\u00edcio, eu sabia que n\u00e3o queria uma pe\u00e7a realista. Se o tema era t\u00e3o duro e pesado, eu queria abord\u00e1-lo de forma doce e l\u00fadica, criando um universo simb\u00f3lico e metaf\u00f3rico&#8221;, explica Carla Faour, ressaltando que a pe\u00e7a d\u00e1 voz \u00e0s mulheres em um mundo onde a narrativa \u00e9 predominantemente masculina, seja na pol\u00edtica, nas artes, na hist\u00f3ria ou nas fam\u00edlias. &#8220;No texto, todo o universo \u00e9 visto pela perspectiva desta menina, que est\u00e1 deixando a inf\u00e2ncia para tr\u00e1s e ingressando na adolesc\u00eancia, um momento de extrema vulnerabilidade. Ela tenta ent\u00e3o entender as escolhas da m\u00e3e, o significado de ser mulher e tamb\u00e9m o pr\u00f3prio livro de Machado de Assis&#8221;, comenta a autora.<\/p>\n\n\n\n<p>O espet\u00e1culo conta com o patroc\u00ednio do Banco do Brasil, por meio da Lei Federal de Incentivo \u00e0 Cultura, do Minist\u00e9rio da Cultura.<\/p>\n\n\n\n<p><strong>Sinopse do espet\u00e1culo:<\/strong><\/p>\n\n\n\n<p>Desde pequena, Ana tem o h\u00e1bito de se refugiar em um mundo imagin\u00e1rio como forma de escapar dos problemas em casa. Sua m\u00e3e, Leninha, vive um relacionamento abusivo com o marido. A tens\u00e3o dom\u00e9stica reflete no desempenho escolar da menina, que precisa tirar boas notas em Literatura para n\u00e3o repetir o ano. A prova final \u00e9 sobre a obra &#8220;Dom Casmurro&#8221;, de Machado de Assis. No entanto, a leitura afeta Ana diretamente, fazendo-a enxergar paralelos entre o livro e sua pr\u00f3pria vida. Em seu ref\u00fagio fant\u00e1stico, Ana come\u00e7a a misturar fic\u00e7\u00e3o e realidade e \u00e9 visitada por uma mulher misteriosa, que se assemelha \u00e0 sua m\u00e3e. Aos poucos, descobrimos que esta mulher \u00e9 Capitu, a ic\u00f4nica personagem da obra de Machado. Nesses encontros, Ana d\u00e1 voz a essa mulher, que conhecemos apenas pelo olhar masculino. Essa improv\u00e1vel liga\u00e7\u00e3o serve \u00e0 menina, que est\u00e1 se tornando adolescente, como um rito de passagem para o universo feminino adulto, onde ela come\u00e7a a compreender o que significa ser mulher em um mundo narrado predominantemente por homens.<\/p>\n\n\n\n<p>Esta \u00e9 a hist\u00f3ria da produ\u00e7\u00e3o que se baseia nas provoca\u00e7\u00f5es da obra original de Machado de Assis e reflete sobre o machismo, as dores e os silenciamentos das mulheres contempor\u00e2neas.<\/p>\n\n\n\n<p>&#8220;No palco, as atrizes interpretam uma hist\u00f3ria que se passa no Brasil de hoje, onde Ana, uma adolescente presa em um ambiente de tens\u00e3o dom\u00e9stica, presencia o fim do relacionamento abusivo de sua m\u00e3e. Nos interessa provocar a plateia, convidando-a a imaginar outras narrativas poss\u00edveis, a conscientizar-se das coisas atrav\u00e9s de m\u00faltiplas perspectivas. Portanto, levantamos quest\u00f5es juntas e as exploramos ao inv\u00e9s de buscar solu\u00e7\u00f5es definitivas&#8221;, destaca Miwa.<\/p>\n\n\n\n<p>A diretora foi convidada para dirigir &#8220;Eu Capitu&#8221; pelo produtor Felipe Valle, idealizador do projeto, ap\u00f3s testemunhar indiretamente um epis\u00f3dio de viol\u00eancia dom\u00e9stica no qual n\u00e3o conseguiu intervir e teve a den\u00fancia rejeitada pela pol\u00edcia. O sentimento de impot\u00eancia o levou intuitivamente a pensar em &#8220;Dom Casmurro&#8221;. Ao reler o livro com uma perspectiva atual, Valle percebeu toda a viol\u00eancia contida naquela obra cl\u00e1ssica e decidiu traz\u00ea-la para os holofotes sob o olhar feminino. &#8220;O convite para dire\u00e7\u00e3o, escrita e encena\u00e7\u00e3o n\u00e3o foi em v\u00e3o. S\u00e3o as mulheres que dar\u00e3o vida a esta hist\u00f3ria t\u00e3o atual, eterna, cheia de nuances, simbolismos e dos machismos do nosso dia a dia&#8221;, enfatiza.<\/p>\n\n\n\n<p><strong>Atividades extras:<\/strong><\/p>\n\n\n\n<p>Al\u00e9m da pe\u00e7a e das intera\u00e7\u00f5es, o grupo oferecer\u00e1 duas oficinas gratuitas. A primeira, chamada &#8220;Eu Outra&#8221;, ministrada por Miwa Yanagizawa, prop\u00f5e a constru\u00e7\u00e3o de atritos entre narrativas pessoais e ficcionais a partir de objetos afetivos escolhidos pelas participantes. P\u00fablico-alvo: artistas e estudantes de teatro. A oficina intensiva ocorrer\u00e1 no dia 2 de mar\u00e7o, das 15h \u00e0s<\/p>\n\n\n\n<p>18h. A capacidade \u00e9 para 15 pessoas e as inscri\u00e7\u00f5es s\u00e3o gratuitas atrav\u00e9s do link <a href=\"https:\/\/bit.ly\/EuOutraBSB\">bit.ly\/EuOutraBSB<\/a>.<\/p>\n\n\n\n<p>J\u00e1 a segunda oficina, de produ\u00e7\u00e3o cultural com Felipe Valle, ser\u00e1 voltada para artistas, produtores e agentes culturais em geral. O curso abordar\u00e1 os passos para a cria\u00e7\u00e3o, planejamento e elabora\u00e7\u00e3o de um projeto cultural, incluindo apresenta\u00e7\u00e3o, objetivos, justificativa, cronograma, p\u00fablico-alvo, contrapartidas, plano de divulga\u00e7\u00e3o, democratiza\u00e7\u00e3o do acesso e or\u00e7amento. Esta ocorrer\u00e1 no dia 16 de mar\u00e7o, das 15h \u00e0s 18h, no Teatro do CCBB Bras\u00edlia, com capacidade para 327 vagas. As inscri\u00e7\u00f5es tamb\u00e9m s\u00e3o gratuitas atrav\u00e9s do link <a href=\"https:\/\/bit.ly\/OficinaProducaoBSB\">bit.ly\/OficinaProducaoBSB<\/a>.<\/p>\n\n\n\n<p><strong>Ficha t\u00e9cnica:<\/strong><\/p>\n\n\n\n<ul class=\"wp-block-list\">\n<li>Dire\u00e7\u00e3o Art\u00edstica: Miwa Yanagizawa<\/li>\n\n\n\n<li>Texto: Carla Faour<\/li>\n\n\n\n<li>Diretora Assistente: Maria Lucas<\/li>\n\n\n\n<li>Idealiza\u00e7\u00e3o e Dire\u00e7\u00e3o Geral: Felipe Valle<\/li>\n\n\n\n<li>Dire\u00e7\u00e3o de Produ\u00e7\u00e3o: B\u00e1rbara Galv\u00e3o, Carolina Bellardi e Fernanda Pascoal (Pagu Produ\u00e7\u00f5es Culturais)<\/li>\n\n\n\n<li>Coordena\u00e7\u00e3o de Projeto: Trupe Produ\u00e7\u00f5es Art\u00edsticas<\/li>\n\n\n\n<li>Elenco: Fl\u00e1via Pyramo e Mika Makino<\/li>\n\n\n\n<li>Dire\u00e7\u00e3o Sonora, Trilha Original e Prepara\u00e7\u00e3o Vocal: Azullllllll<\/li>\n\n\n\n<li>Dire\u00e7\u00e3o de Arte: Teresa Abreu<\/li>\n\n\n\n<li>Ilumina\u00e7\u00e3o: Ana Luzia Molinari de Simoni<\/li>\n\n\n\n<li>Produ\u00e7\u00e3o Executiva: Fernando Queiroz<\/li>\n\n\n\n<li>Design Gr\u00e1fico e Fotografia: Daniel Barboza<\/li>\n\n\n\n<li>Assessoria de Imprensa: Start Capital Comunica\u00e7\u00e3o<\/li>\n\n\n\n<li>Produtora Associada: Pagu Produ\u00e7\u00f5es Culturais<\/li>\n\n\n\n<li>Realiza\u00e7\u00e3o: Trupe Produ\u00e7\u00f5es Art\u00edsticas<\/li>\n\n\n\n<li>Produ\u00e7\u00e3o Local: Villa-Lobos Produ\u00e7\u00f5es<\/li>\n\n\n\n<li>Patroc\u00ednio: Banco do Brasil<\/li>\n<\/ul>\n\n\n\n<p><strong>Sobre o CCBB Bras\u00edlia<\/strong><\/p>\n\n\n\n<p>O Centro Cultural Banco do Brasil Bras\u00edlia foi inaugurado em 12 de outubro de 2000, e est\u00e1 sediado no Edif\u00edcio Tancredo Neves, uma obra arquitet\u00f4nica de Oscar Niemeyer, e tem o objetivo de reunir, em um s\u00f3 lugar, todas as formas de arte e criatividade poss\u00edveis.<\/p>\n\n\n\n<p>Com projeto paisag\u00edstico assinado por Alda Rabello Cunha, o CCBB Bras\u00edlia disp\u00f5e de amplos espa\u00e7os de conviv\u00eancia, bistr\u00f4, galerias de artes, sala de cinema, teatro, pra\u00e7a central e jardins, onde s\u00e3o realizados exposi\u00e7\u00f5es, shows musicais, espet\u00e1culos, exibi\u00e7\u00f5es de filmes e performances.<\/p>\n\n\n\n<p>Al\u00e9m disso, oferece o Programa Educativo CCBB Bras\u00edlia, patrocinado pelo Banco do Brasil, que desenvolve a\u00e7\u00f5es educativas e culturais para aproximar o visitante da programa\u00e7\u00e3o em cartaz no Centro Cultural Banco do Brasil (CCBB), acolhendo o p\u00fablico espont\u00e2neo e, especialmente, milhares de estudantes de escolas p\u00fablicas e particulares, universit\u00e1rios e institui\u00e7\u00f5es ao longo do ano, por meio de visitas mediadas agendadas, al\u00e9m de oferecer atividades de arte e educa\u00e7\u00e3o aos fins de semana.<\/p>\n\n\n\n<p>Desde o final de 2022, o CCBB Bras\u00edlia se tornou o terceiro pr\u00e9dio do Banco do Brasil a receber a certifica\u00e7\u00e3o ISO 14001, sendo que no ano de 2023, obteve a renova\u00e7\u00e3o anual da certifica\u00e7\u00e3o, como reconhecimento do compromisso com a gest\u00e3o ambiental e a sustentabilidade.<\/p>\n\n\n\n<p>A conquista atende \u00e0 A\u00e7\u00e3o 24 da Agenda 30, que tem por objetivo refor\u00e7ar a gest\u00e3o dos programas, iniciativas e pr\u00e1ticas ambientais e de ecoefici\u00eancia do BB e demonstra o alinhamento do CCBB Bras\u00edlia a estrat\u00e9gia corporativa do BB, enquanto espa\u00e7o de difus\u00e3o cultural que valoriza a diversidade, a acessibilidade, a inclus\u00e3o e a sustentabilidade porque transformar vidas \u00e9 parte da nossa cultura.<\/p>\n\n\n\n<p><strong>Servi\u00e7o: espet\u00e1culo &#8220;Eu Capitu&#8221; chega pela primeira vez a Bras\u00edlia<\/strong><\/p>\n\n\n\n<ul class=\"wp-block-list\">\n<li><strong>Local:<\/strong> Teatro do CCBB Bras\u00edlia (Setor de Clubes Sul)<\/li>\n\n\n\n<li><strong>Data:<\/strong> De 22 de fevereiro a 17 de mar\u00e7o de 2024<\/li>\n\n\n\n<li><strong>Hor\u00e1rios:<\/strong><\/li>\n\n\n\n<li>Quinta a s\u00e1bado, \u00e0s 20h<\/li>\n\n\n\n<li>Domingo, \u00e0s 18h<\/li>\n\n\n\n<li><strong>Datas Especiais:<\/strong><\/li>\n\n\n\n<li>02\/03 &#8211; Sess\u00e3o com LIBRAS e roda de conversa ap\u00f3s o espet\u00e1culo<\/li>\n\n\n\n<li>09\/03 &#8211; Sess\u00e3o com audiodescri\u00e7\u00e3o<\/li>\n\n\n\n<li><strong>Ingressos:<\/strong> R$ 30 (inteira) e R$ 15 (meia-entrada), disponibilizados toda sexta-feira, \u00e0s 12h.<\/li>\n\n\n\n<li><strong>Classifica\u00e7\u00e3o:<\/strong> 14 anos<\/li>\n\n\n\n<li><strong>Dura\u00e7\u00e3o:<\/strong> 90 minutos<\/li>\n\n\n\n<li><strong>Formul\u00e1rio de Inscri\u00e7\u00e3o das Oficinas:<\/strong><\/li>\n\n\n\n<li><a href=\"https:\/\/bit.ly\/EuOutraBSB\">Oficina &#8220;Eu Outra&#8221; &#8211; 02 de mar\u00e7o<\/a><\/li>\n\n\n\n<li><a href=\"https:\/\/bit.ly\/OficinaProducaoBSB\">Oficina de Produ\u00e7\u00e3o Cultural &#8211; 16 de mar\u00e7o<\/a><\/li>\n<\/ul>\n\n\n\n<p>N\u00e3o perca essa oportunidade de vivenciar uma obra que provoca reflex\u00f5es profundas sobre o papel da mulher na sociedade, em um espet\u00e1culo que une arte, sensibilidade e consci\u00eancia social.<\/p>\n\n\n\n<p><em>Conte\u00fado produzido em parceria com o Centro Cultural Banco do Brasil Bras\u00edlia.<\/em><\/p>\n","protected":false},"excerpt":{"rendered":"<p>Foto: Daniel Barboza Pe\u00e7a que j\u00e1 percorreu o Brasil busca dar voz \u00e0s mulheres em um mundo narrado por homens. Depois de um grande sucesso de p\u00fablico no Rio de Janeiro, Recife e Belo Horizonte, o espet\u00e1culo &#8220;Eu Capitu&#8221; chega pela primeira vez a Bras\u00edlia. A produ\u00e7\u00e3o, com texto de Carla Faour e dire\u00e7\u00e3o de [&hellip;]<\/p>\n","protected":false},"author":1441,"featured_media":3681,"comment_status":"open","ping_status":"open","sticky":false,"template":"","format":"standard","meta":{"_monsterinsights_skip_tracking":false,"_monsterinsights_sitenote_active":false,"_monsterinsights_sitenote_note":"","_monsterinsights_sitenote_category":0,"footnotes":""},"categories":[41,54,17,232,34,39,3],"tags":[],"class_list":["post-3680","post","type-post","status-publish","format-standard","has-post-thumbnail","hentry","category-agenda","category-brasil","category-bsb","category-cinema","category-destaque","category-economics","category-entertainment"],"_links":{"self":[{"href":"https:\/\/cidadecult.com.br\/index.php?rest_route=\/wp\/v2\/posts\/3680","targetHints":{"allow":["GET"]}}],"collection":[{"href":"https:\/\/cidadecult.com.br\/index.php?rest_route=\/wp\/v2\/posts"}],"about":[{"href":"https:\/\/cidadecult.com.br\/index.php?rest_route=\/wp\/v2\/types\/post"}],"author":[{"embeddable":true,"href":"https:\/\/cidadecult.com.br\/index.php?rest_route=\/wp\/v2\/users\/1441"}],"replies":[{"embeddable":true,"href":"https:\/\/cidadecult.com.br\/index.php?rest_route=%2Fwp%2Fv2%2Fcomments&post=3680"}],"version-history":[{"count":3,"href":"https:\/\/cidadecult.com.br\/index.php?rest_route=\/wp\/v2\/posts\/3680\/revisions"}],"predecessor-version":[{"id":3684,"href":"https:\/\/cidadecult.com.br\/index.php?rest_route=\/wp\/v2\/posts\/3680\/revisions\/3684"}],"wp:featuredmedia":[{"embeddable":true,"href":"https:\/\/cidadecult.com.br\/index.php?rest_route=\/wp\/v2\/media\/3681"}],"wp:attachment":[{"href":"https:\/\/cidadecult.com.br\/index.php?rest_route=%2Fwp%2Fv2%2Fmedia&parent=3680"}],"wp:term":[{"taxonomy":"category","embeddable":true,"href":"https:\/\/cidadecult.com.br\/index.php?rest_route=%2Fwp%2Fv2%2Fcategories&post=3680"},{"taxonomy":"post_tag","embeddable":true,"href":"https:\/\/cidadecult.com.br\/index.php?rest_route=%2Fwp%2Fv2%2Ftags&post=3680"}],"curies":[{"name":"wp","href":"https:\/\/api.w.org\/{rel}","templated":true}]}}