{"id":364,"date":"2021-11-18T16:51:49","date_gmt":"2021-11-18T19:51:49","guid":{"rendered":"https:\/\/cidadecult.com.br\/novo\/brasil-de-fato-lanca-tabloide-especial-sobre-consciencia-negra-e-antirracismo\/"},"modified":"2021-11-18T16:51:49","modified_gmt":"2021-11-18T19:51:49","slug":"brasil-de-fato-lanca-tabloide-especial-sobre-consciencia-negra-e-antirracismo","status":"publish","type":"post","link":"https:\/\/cidadecult.com.br\/?p=364","title":{"rendered":"Brasil de Fato lan\u00e7a tabloide especial sobre Consci\u00eancia Negra e antirracismo"},"content":{"rendered":"<p>Entenda origem da data, as lutas da popula\u00e7\u00e3o negra e os ataques do governo Bolsonaro, antes e durante a pandemia<\/p>\n<p>O\u00a0Brasil de Fato\u00a0lan\u00e7ou esta semana mais um tabloide especial sobre temas relevantes do cotidiano dos trabalhadores e trabalhadoras do pa\u00eds. A edi\u00e7\u00e3o que circula gratuitamente esta semana pelo Brasil tem pauta \u00fanica: o antirracismo.\u00a0<\/p>\n<p><img loading=\"lazy\" decoding=\"async\" class=\" size-full wp-image-363\" src=\"https:\/\/cidadecult.com.br\/novo\/wp-content\/uploads\/2021\/11\/brasil_de_fato.jpeg\" alt=\"\" width=\"624\" height=\"418\" srcset=\"https:\/\/cidadecult.com.br\/wp-content\/uploads\/2021\/11\/brasil_de_fato.jpeg 461w, https:\/\/cidadecult.com.br\/wp-content\/uploads\/2021\/11\/brasil_de_fato-300x201.jpeg 300w\" sizes=\"auto, (max-width: 624px) 100vw, 624px\" \/><\/p>\n<p><em>Jornal impresso \u00e9 distribu\u00eddo gratuitamente pelo pa\u00eds na semana da Consci\u00eancia Negra &#8211; Arte: B\u00e1rbara Quintino<\/em><\/p>\n<p>Neste s\u00e1bado (20), o Brasil celebra o\u00a0<a href=\"http:\/\/www.planalto.gov.br\/ccivil_03\/_ato2011-2014\/2011\/lei\/l12519.htm\" target=\"_blank\" rel=\"noopener noreferrer\">Dia da Consci\u00eancia Negra<\/a>. O jornal explica a origem da data, relembra conquistas hist\u00f3ricas da popula\u00e7\u00e3o negra e\u00a0traz dados reveladores sobre os avan\u00e7os e os limites do combate ao racismo no pa\u00eds.<\/p>\n<p><a href=\"https:\/\/cdn.brasildefato.com.br\/documents\/ebefcaa91788aa67a708ceeb0275f69d.pdf\" target=\"_blank\" rel=\"noopener noreferrer\">::\u00a0Clique aqui para visualizar e baixar o tabloide ::<\/a><\/p>\n<div>\u00a0<\/div>\n<p>A p\u00e1gina 3 mostra como o governo de Jair Bolsonaro (sem partido) ataca\u00a0os direitos da\u00a0popula\u00e7\u00e3o negra sob diferentes aspectos.<\/p>\n<p>Nossa equipe selecionou ainda tr\u00eas frases comuns, que podem soar ing\u00eanuas, mas que alimentam o racismo.<\/p>\n<p>A contracapa refor\u00e7a a convocat\u00f3ria para os\u00a0<a href=\"https:\/\/www.brasildefato.com.br\/2021\/10\/21\/unidade-de-frente-ampla-no-20-de-novembro-mostra-forca-de-movimento-negro-contra-bolsonaro\" target=\"_blank\" rel=\"noopener noreferrer\">protestos antirracistas do dia 20<\/a>\u00a0e apresenta dicas de livros e filmes sobre o tema.<\/p>\n<p>A ilustra\u00e7\u00e3o da capa \u00e9 da artista negra B\u00e1rbara Quintino.<\/p>\n<p>Ser\u00e3o distribu\u00eddos gratuitamente 500 mil tabloides nos estados de S\u00e3o Paulo, Rio de Janeiro, Minas Gerais, Rio Grande do Sul, Paran\u00e1, Para\u00edba, Bahia, Pernambuco, Cear\u00e1, Rio Grande do Norte e no Distrito Federal.<\/p>\n<p>Edi\u00e7\u00e3o: Vivian Virissimo<\/p>\n","protected":false},"excerpt":{"rendered":"<p>Entenda origem da data, as lutas da popula\u00e7\u00e3o negra e os ataques do governo Bolsonaro, antes e durante a pandemia<\/p>\n","protected":false},"author":3,"featured_media":363,"comment_status":"open","ping_status":"open","sticky":false,"template":"","format":"standard","meta":{"_monsterinsights_skip_tracking":false,"_monsterinsights_sitenote_active":false,"_monsterinsights_sitenote_note":"","_monsterinsights_sitenote_category":0,"footnotes":""},"categories":[39],"tags":[],"class_list":["post-364","post","type-post","status-publish","format-standard","has-post-thumbnail","hentry","category-economics"],"_links":{"self":[{"href":"https:\/\/cidadecult.com.br\/index.php?rest_route=\/wp\/v2\/posts\/364","targetHints":{"allow":["GET"]}}],"collection":[{"href":"https:\/\/cidadecult.com.br\/index.php?rest_route=\/wp\/v2\/posts"}],"about":[{"href":"https:\/\/cidadecult.com.br\/index.php?rest_route=\/wp\/v2\/types\/post"}],"author":[{"embeddable":true,"href":"https:\/\/cidadecult.com.br\/index.php?rest_route=\/wp\/v2\/users\/3"}],"replies":[{"embeddable":true,"href":"https:\/\/cidadecult.com.br\/index.php?rest_route=%2Fwp%2Fv2%2Fcomments&post=364"}],"version-history":[{"count":0,"href":"https:\/\/cidadecult.com.br\/index.php?rest_route=\/wp\/v2\/posts\/364\/revisions"}],"wp:featuredmedia":[{"embeddable":true,"href":"https:\/\/cidadecult.com.br\/index.php?rest_route=\/wp\/v2\/media\/363"}],"wp:attachment":[{"href":"https:\/\/cidadecult.com.br\/index.php?rest_route=%2Fwp%2Fv2%2Fmedia&parent=364"}],"wp:term":[{"taxonomy":"category","embeddable":true,"href":"https:\/\/cidadecult.com.br\/index.php?rest_route=%2Fwp%2Fv2%2Fcategories&post=364"},{"taxonomy":"post_tag","embeddable":true,"href":"https:\/\/cidadecult.com.br\/index.php?rest_route=%2Fwp%2Fv2%2Ftags&post=364"}],"curies":[{"name":"wp","href":"https:\/\/api.w.org\/{rel}","templated":true}]}}