{"id":3565,"date":"2024-02-27T17:23:28","date_gmt":"2024-02-27T20:23:28","guid":{"rendered":"https:\/\/cidadecult.com.br\/?p=3565"},"modified":"2024-02-27T17:33:14","modified_gmt":"2024-02-27T20:33:14","slug":"parque-da-cidade-de-brasilia-anuncia-agenda-cultural-e-de-lazer-diversificada-para-o-primeiro-semestre-de-2024","status":"publish","type":"post","link":"https:\/\/cidadecult.com.br\/?p=3565","title":{"rendered":"Parque da Cidade de Bras\u00edlia anuncia agenda cultural e de lazer diversificada para o primeiro semestre de 2024"},"content":{"rendered":"\n<p><em>Fonte: Ag\u00eancia Bras\u00edlia<\/em><\/p>\n\n\n\n<p>O Parque da Cidade Sarah Kubitschek, conhecido como um dos principais pontos de encontro e lazer de Bras\u00edlia, prepara-se para um primeiro semestre de 2024 cheio de atividades para todos os gostos. Com uma programa\u00e7\u00e3o que inclui desde espet\u00e1culos circenses, encontros de carros antigos, at\u00e9 festivais gastron\u00f4micos, o parque promete ser o cen\u00e1rio de momentos inesquec\u00edveis para fam\u00edlias, amigos e visitantes.<\/p>\n\n\n\n<p>Renato Junqueira, secret\u00e1rio de Esporte e Lazer, destaca a import\u00e2ncia dessa variedade, enfatizando o compromisso em promover o bem-estar e o desenvolvimento cultural dos frequentadores. Todi Moreno, administrador do parque, refor\u00e7a a ideia, salientando o privil\u00e9gio de gerir o maior parque urbano da Am\u00e9rica Latina, um espa\u00e7o que acolhe eventos diversificados, esporte e momentos de lazer.<\/p>\n\n\n\n<p>Entre os destaques, o Circo Bal\u00e3o M\u00e1gico promete encantar o p\u00fablico at\u00e9 15 de mar\u00e7o, enquanto o encontro de carros antigos e o Bras\u00edlia Rodeio Festival prometem reunir apaixonados por automobilismo e cultura country, respectivamente. O calend\u00e1rio inclui tamb\u00e9m a 5\u00aa Caminhada Down e a Endomarcha, eventos com foco na conscientiza\u00e7\u00e3o e inclus\u00e3o social.<\/p>\n\n\n\n<p>Para os amantes da gastronomia, o Brasas Festival 2024 trar\u00e1 os melhores churrasqueiros do pa\u00eds em maio, seguido pelo Funn Festival, que oferecer\u00e1 entretenimento para todas as idades at\u00e9 o fim de junho. Essa programa\u00e7\u00e3o rica e variada reafirma o papel do Parque da Cidade como um polo de cultura, esporte e lazer, destacando-se como um dos locais mais queridos e visitados da capital.<\/p>\n\n\n\n<p><strong>Confira, abaixo, a programa\u00e7\u00e3o.<\/strong><\/p>\n\n\n\n<p>\u2192 Circo Bal\u00e3o M\u00e1gico \u2013 at\u00e9 15\/3<br>O Circo Bal\u00e3o M\u00e1gico conta com diversas apresenta\u00e7\u00f5es, malabaristas, palha\u00e7os e acrobatas, sendo uma op\u00e7\u00e3o para o lazer em fam\u00edlia, principalmente para as crian\u00e7as. Localizado no estacionamento 12.<\/p>\n\n\n\n<p>\u2192 Grupo Benzadeus, Eduardo e M\u00f4nica, Clima de Montanha \u2013 2\/3<br>Um evento musical que reunir\u00e1 grandes nomes da m\u00fasica brasileira em um \u00fanico palco. O p\u00fablico poder\u00e1 curtir um repert\u00f3rio variado, o grande encontro no espa\u00e7o da Piscina com Ondas.<\/p>\n\n\n\n<p>\u2192 Encontro de Carros Antigos \u2013 2\/3<br>Os apaixonados por carros cl\u00e1ssicos ter\u00e3o a oportunidade de apreciar verdadeiras rel\u00edquias automobil\u00edsticas nesse encontro. Uma viagem no tempo por meio dos modelos que marcaram \u00e9poca e continuam encantando os amantes do automobilismo, no estacionamento 8.<\/p>\n\n\n\n<p>\u2192 5\u00aa Caminhada Down \u2013 24\/3<br>Um evento dedicado \u00e0 conscientiza\u00e7\u00e3o e inclus\u00e3o, a 5\u00aa Caminhada Down vai ocorrer no estacionamento 10, das 9h \u00e0s 14h. O evento tem como objetivo promover a valoriza\u00e7\u00e3o e o respeito \u00e0s pessoas com s\u00edndrome de Down, sendo uma oportunidade de celebrar a diversidade e fortalecer os la\u00e7os de solidariedade e empatia.<\/p>\n\n\n\n<p>\u2192 Endomarcha \u2013 26\/3<br>Uma corrida em prol da conscientiza\u00e7\u00e3o sobre a endometriose, doen\u00e7a que afeta milh\u00f5es de mulheres em todo o mundo. O evento unir\u00e1 esfor\u00e7os na luta contra essa condi\u00e7\u00e3o, ajudando a promover a sa\u00fade e o bem-estar feminino. Ser\u00e1 no estacionamento 10.<\/p>\n\n\n\n<p>\u2192 Bras\u00edlia Rodeio Festival \u2013 4 a 7\/4<br>Etapa internacional do Rodeio Festival ser\u00e1 realizada no estacionamento 9. Em uma celebra\u00e7\u00e3o da cultura country, o Bras\u00edlia Rodeio Festival ter\u00e1 atra\u00e7\u00f5es com montarias em touros, provas de la\u00e7o, shows ao vivo e outras atra\u00e7\u00f5es. Uma experi\u00eancia para os amantes do rodeio e da vida no campo.<\/p>\n\n\n\n<p>\u2192 Corrida Inclusiva Kids \u2013 14\/4<br>O Circuito Kids Inclusivo convida a todos para um dia de atividade f\u00edsica, divers\u00e3o e inclus\u00e3o no Parque da Cidade, no estacionamento 12, a partir das 9h. Haver\u00e1 corrida e caminhada em um ambiente acolhedor e descontra\u00eddo, com inscri\u00e7\u00f5es gratuitas para todas as idades e habilidades.<\/p>\n\n\n\n<p>\u2192 MegaDrift \u2013 27 e 28\/4<br>Para os aficionados por velocidade e adrenalina, o MegaDrift \u00e9 o evento ideal. A competi\u00e7\u00e3o de drift re\u00fane os melhores pilotos do pa\u00eds, no estacionamento 1.<\/p>\n\n\n\n<p>\u2192 Brasas Festival 2024 \u2013 26\/5<br>Um festival gastron\u00f4mico que re\u00fane os melhores chefs churrasqueiros do pa\u00eds. Al\u00e9m do churrasco de alta qualidade, o festival conta com shows e um parque infl\u00e1vel para a divers\u00e3o das crian\u00e7as.<\/p>\n\n\n\n<p>\u2192 Funn Festival \u2013 10\/5 a 30\/6<br>Um festival de divers\u00e3o e entretenimento para toda a fam\u00edlia, o Funn Festival oferece uma ampla variedade de atividades, jogos e apresenta\u00e7\u00f5es art\u00edsticas ao longo de dois meses.<\/p>\n","protected":false},"excerpt":{"rendered":"<p>Fonte: Ag\u00eancia Bras\u00edlia O Parque da Cidade Sarah Kubitschek, conhecido como um dos principais pontos de encontro e lazer de Bras\u00edlia, prepara-se para um primeiro semestre de 2024 cheio de atividades para todos os gostos. Com uma programa\u00e7\u00e3o que inclui desde espet\u00e1culos circenses, encontros de carros antigos, at\u00e9 festivais gastron\u00f4micos, o parque promete ser o [&hellip;]<\/p>\n","protected":false},"author":777,"featured_media":3566,"comment_status":"open","ping_status":"open","sticky":false,"template":"","format":"standard","meta":{"_monsterinsights_skip_tracking":false,"_monsterinsights_sitenote_active":false,"_monsterinsights_sitenote_note":"","_monsterinsights_sitenote_category":0,"footnotes":""},"categories":[17,3,7],"tags":[397,399,309],"class_list":["post-3565","post","type-post","status-publish","format-standard","has-post-thumbnail","hentry","category-bsb","category-entertainment","category-esportes","tag-circo","tag-esorte","tag-esporte"],"_links":{"self":[{"href":"https:\/\/cidadecult.com.br\/index.php?rest_route=\/wp\/v2\/posts\/3565","targetHints":{"allow":["GET"]}}],"collection":[{"href":"https:\/\/cidadecult.com.br\/index.php?rest_route=\/wp\/v2\/posts"}],"about":[{"href":"https:\/\/cidadecult.com.br\/index.php?rest_route=\/wp\/v2\/types\/post"}],"author":[{"embeddable":true,"href":"https:\/\/cidadecult.com.br\/index.php?rest_route=\/wp\/v2\/users\/777"}],"replies":[{"embeddable":true,"href":"https:\/\/cidadecult.com.br\/index.php?rest_route=%2Fwp%2Fv2%2Fcomments&post=3565"}],"version-history":[{"count":1,"href":"https:\/\/cidadecult.com.br\/index.php?rest_route=\/wp\/v2\/posts\/3565\/revisions"}],"predecessor-version":[{"id":3567,"href":"https:\/\/cidadecult.com.br\/index.php?rest_route=\/wp\/v2\/posts\/3565\/revisions\/3567"}],"wp:featuredmedia":[{"embeddable":true,"href":"https:\/\/cidadecult.com.br\/index.php?rest_route=\/wp\/v2\/media\/3566"}],"wp:attachment":[{"href":"https:\/\/cidadecult.com.br\/index.php?rest_route=%2Fwp%2Fv2%2Fmedia&parent=3565"}],"wp:term":[{"taxonomy":"category","embeddable":true,"href":"https:\/\/cidadecult.com.br\/index.php?rest_route=%2Fwp%2Fv2%2Fcategories&post=3565"},{"taxonomy":"post_tag","embeddable":true,"href":"https:\/\/cidadecult.com.br\/index.php?rest_route=%2Fwp%2Fv2%2Ftags&post=3565"}],"curies":[{"name":"wp","href":"https:\/\/api.w.org\/{rel}","templated":true}]}}