{"id":3557,"date":"2024-02-27T20:00:00","date_gmt":"2024-02-27T23:00:00","guid":{"rendered":"https:\/\/cidadecult.com.br\/?p=3557"},"modified":"2024-02-27T17:00:43","modified_gmt":"2024-02-27T20:00:43","slug":"batalha-da-250-festival-de-batalha-de-rimas-eletriza-o-itapoa-com-talentos-do-df","status":"publish","type":"post","link":"https:\/\/cidadecult.com.br\/?p=3557","title":{"rendered":"Batalha da 250: Festival de Batalha de Rimas Eletriza o Itapo\u00e3 com Talentos do DF"},"content":{"rendered":"\n<h3 class=\"wp-block-heading\"><\/h3>\n\n\n\n<p><\/p>\n\n\n\n<p>O Distrito Federal se prepara para um evento que promete agitar o cen\u00e1rio cultural e musical da regi\u00e3o. O Projeto Batalha da 250 &#8211; Festival de Batalha de Rimas, financiado pelo Fundo de Apoio \u00e0 Cultura do Distrito Federal (FAC\/DF), acontecer\u00e1 no dia 23 de mar\u00e7o de 2024, transformando o Estacionamento do Campo Sint\u00e9tico, na Quadra 2 (AE DEL LAGO) do Itapo\u00e3, em um palco vibrante para a express\u00e3o art\u00edstica e a competi\u00e7\u00e3o saud\u00e1vel entre talentos emergentes do Hip Hop.<\/p>\n\n\n\n<p>Idealizado pelo cantor Sidnei Santos, morador do Itapo\u00e3, o evento n\u00e3o s\u00f3 busca descentralizar a cultura, levando-a para \u00e1reas perif\u00e9ricas, mas tamb\u00e9m dar visibilidade a artistas de locais como Planaltina, Parano\u00e1, Itapo\u00e3, e mais. Este festival gratuito est\u00e1 configurado para ser um marco na promo\u00e7\u00e3o da equidade de g\u00eanero, respeitando a diversidade e acessibilidade dentro do movimento Hip Hop.<\/p>\n\n\n\n<p>A competi\u00e7\u00e3o, que premiar\u00e1 os vencedores com valores que v\u00e3o de R$ 500 a R$ 2000, \u00e9 um destaque, promovendo n\u00e3o s\u00f3 a arte do freestyle mas tamb\u00e9m a inclus\u00e3o, garantindo a participa\u00e7\u00e3o de pelo menos uma MC mulher (cis\/trans) ou pessoa de diversidade em cada seletiva. Com tradu\u00e7\u00e3o em libras e divulga\u00e7\u00e3o com audiodescri\u00e7\u00e3o, o evento de encerramento \u00e9 uma demonstra\u00e7\u00e3o de compromisso com a acessibilidade.<\/p>\n\n\n\n<p>Al\u00e9m das emocionantes batalhas de rimas, o festival contar\u00e1 com a presen\u00e7a de grandes nomes do Hip Hop local, como DJ Kordial, M.SID, Diga How, Soul Favela Mc&#8217;s, entre outros, garantindo um dia repleto de m\u00fasica de qualidade e cultura vibrante.<\/p>\n\n\n\n<p><strong>Servi\u00e7o:<\/strong><\/p>\n\n\n\n<ul class=\"wp-block-list\">\n<li><strong>Evento:<\/strong> Projeto Batalha da 250 &#8211; Festival de Batalha de Rimas<\/li>\n\n\n\n<li><strong>Data:<\/strong> 23 de mar\u00e7o de 2024, s\u00e1bado<\/li>\n\n\n\n<li><strong>Hor\u00e1rio:<\/strong> A partir das 15h<\/li>\n\n\n\n<li><strong>Local:<\/strong> Estacionamento do Campo Sint\u00e9tico, Quadra 2 (AE DEL LAGO), Itapo\u00e3<\/li>\n\n\n\n<li><strong>Entrada:<\/strong> Gratuita<\/li>\n\n\n\n<li><strong>Classifica\u00e7\u00e3o:<\/strong> Livre para todos os p\u00fablicos<\/li>\n<\/ul>\n\n\n\n<p>Acompanhe mais informa\u00e7\u00f5es e a agenda das seletivas pelo Instagram: @2producoess. N\u00e3o perca a chance de testemunhar o futuro do Hip Hop do DF em uma tarde inesquec\u00edvel de talento, m\u00fasica e cultura!<\/p>\n","protected":false},"excerpt":{"rendered":"<p>O Distrito Federal se prepara para um evento que promete agitar o cen\u00e1rio cultural e musical da regi\u00e3o. O Projeto Batalha da 250 &#8211; Festival de Batalha de Rimas, financiado pelo Fundo de Apoio \u00e0 Cultura do Distrito Federal (FAC\/DF), acontecer\u00e1 no dia 23 de mar\u00e7o de 2024, transformando o Estacionamento do Campo Sint\u00e9tico, na [&hellip;]<\/p>\n","protected":false},"author":777,"featured_media":3558,"comment_status":"open","ping_status":"open","sticky":false,"template":"","format":"standard","meta":{"_monsterinsights_skip_tracking":false,"_monsterinsights_sitenote_active":false,"_monsterinsights_sitenote_note":"","_monsterinsights_sitenote_category":0,"footnotes":""},"categories":[41,17,6],"tags":[393,392,66,249],"class_list":["post-3557","post","type-post","status-publish","format-standard","has-post-thumbnail","hentry","category-agenda","category-bsb","category-music","tag-batakha-de-rimas","tag-batalha-da-250","tag-df","tag-fac"],"_links":{"self":[{"href":"https:\/\/cidadecult.com.br\/index.php?rest_route=\/wp\/v2\/posts\/3557","targetHints":{"allow":["GET"]}}],"collection":[{"href":"https:\/\/cidadecult.com.br\/index.php?rest_route=\/wp\/v2\/posts"}],"about":[{"href":"https:\/\/cidadecult.com.br\/index.php?rest_route=\/wp\/v2\/types\/post"}],"author":[{"embeddable":true,"href":"https:\/\/cidadecult.com.br\/index.php?rest_route=\/wp\/v2\/users\/777"}],"replies":[{"embeddable":true,"href":"https:\/\/cidadecult.com.br\/index.php?rest_route=%2Fwp%2Fv2%2Fcomments&post=3557"}],"version-history":[{"count":1,"href":"https:\/\/cidadecult.com.br\/index.php?rest_route=\/wp\/v2\/posts\/3557\/revisions"}],"predecessor-version":[{"id":3559,"href":"https:\/\/cidadecult.com.br\/index.php?rest_route=\/wp\/v2\/posts\/3557\/revisions\/3559"}],"wp:featuredmedia":[{"embeddable":true,"href":"https:\/\/cidadecult.com.br\/index.php?rest_route=\/wp\/v2\/media\/3558"}],"wp:attachment":[{"href":"https:\/\/cidadecult.com.br\/index.php?rest_route=%2Fwp%2Fv2%2Fmedia&parent=3557"}],"wp:term":[{"taxonomy":"category","embeddable":true,"href":"https:\/\/cidadecult.com.br\/index.php?rest_route=%2Fwp%2Fv2%2Fcategories&post=3557"},{"taxonomy":"post_tag","embeddable":true,"href":"https:\/\/cidadecult.com.br\/index.php?rest_route=%2Fwp%2Fv2%2Ftags&post=3557"}],"curies":[{"name":"wp","href":"https:\/\/api.w.org\/{rel}","templated":true}]}}