{"id":3540,"date":"2024-03-05T09:48:58","date_gmt":"2024-03-05T12:48:58","guid":{"rendered":"https:\/\/cidadecult.com.br\/?p=3540"},"modified":"2024-03-05T09:49:00","modified_gmt":"2024-03-05T12:49:00","slug":"festejo-unindo-tribos-2a-edicao","status":"publish","type":"post","link":"https:\/\/cidadecult.com.br\/?p=3540","title":{"rendered":"Festejo unindo tribos: 2\u00aa edi\u00e7\u00e3o"},"content":{"rendered":"\n<p><em>Foto\/divulga\u00e7\u00e3o <\/em><\/p>\n\n\n\n<p>A Cidadecult tem o prazer de apresentar a 2\u00aa edi\u00e7\u00e3o do &#8220;Festejo Unindo Tribos&#8221;, um evento que promete agitar Ceil\u00e2ndia com uma mistura vibrante de m\u00fasica, arte e cultura!. Realizado em parceria com o Minist\u00e9rio da Cultura e o Instituto Cultural Menino de Ceil\u00e2ndia, este ano o Festejo acontecer\u00e1 nos dias 2 e 3 de mar\u00e7o, s\u00e1bado e domingo, na renomada Casa do Cantador. <\/p>\n\n\n\n<p>Prepare-se para uma viagem musical que abrange diversas vertentes e d\u00e9cadas. No domingo, 3 de mar\u00e7o, a Casa do Cantador ser\u00e1 palco para bandas como Plebe Rude, Baratas de Chernobyl, Fuzu\u00ea Candango, C\u00e1lida Ess\u00eancia e Rota 040, trazendo o melhor do rock dos anos 80, 90 e do s\u00e9culo 21. E no s\u00e1bado, dia 2 de mar\u00e7o, a cantora Kika Ribeiro e sua banda garantem um som envolvente que mescla ax\u00e9 e samba. Prepare-se para dan\u00e7ar e se emocionar com os diversos g\u00eaneros musicais que ser\u00e3o apresentados!<\/p>\n\n\n\n<h4 class=\"wp-block-heading\"><strong>Atividades culturais:<\/strong><\/h4>\n\n\n\n<p>Al\u00e9m da m\u00fasica, o Festejo oferecer\u00e1 uma gama de atividades culturais para todas as idades. As crian\u00e7as ter\u00e3o um espa\u00e7o especial com pintura de rosto, teatro infantil e muito mais! Para os amantes do Hip Hop, uma oficina de Breaking e Grafite promete trazer aprendizado e intera\u00e7\u00e3o. N\u00e3o deixe de conferir as exposi\u00e7\u00f5es de artesanato e as surpresas que preparamos para voc\u00ea!<\/p>\n\n\n\n<h4 class=\"wp-block-heading\"><strong>Informa\u00e7\u00f5es: <\/strong><\/h4>\n\n\n\n<ul class=\"wp-block-list\">\n<li><strong>Data:<\/strong> 2 e 3 de mar\u00e7o, s\u00e1bado e domingo<\/li>\n\n\n\n<li><strong>Hor\u00e1rio:<\/strong> Das 16h \u00e0s 22h<\/li>\n\n\n\n<li><strong>Local:<\/strong> Casa do Cantador (QNN QD 32 \u2013 Ceil\u00e2ndia)<\/li>\n\n\n\n<li><strong>Ingressos:<\/strong> Gratuito, com retirada antecipada em <a href=\"https:\/\/rockout.com.br\/pt_BR\/evento\/festejo-unindo-tribos\/festejo-unindo-tribos-2024-03-02\/\">rockout.com.br\/festejo-unindo-tribos<\/a><\/li>\n\n\n\n<li><strong>Classifica\u00e7\u00e3o:<\/strong> Livre para todos os p\u00fablicos<\/li>\n<\/ul>\n\n\n\n<h4 class=\"wp-block-heading\"><strong>Organiza\u00e7\u00e3o<\/strong><\/h4>\n\n\n\n<ul class=\"wp-block-list\">\n<li>Realiza\u00e7\u00e3o: Minist\u00e9rio da Cultura e Instituto Cultural Menino de Ceil\u00e2ndia<\/li>\n\n\n\n<li>Produ\u00e7\u00e3o: AACUC &#8211; Associa\u00e7\u00e3o de Arte e Cultura de Ceil\u00e2ndia e Criativa Empreendedorismo<\/li>\n<\/ul>\n\n\n\n<p>Para mais detalhes e atualiza\u00e7\u00f5es, siga-nos no Instagram <a href=\"https:\/\/www.instagram.com\/unindotribos\/\">@unindotribos<\/a> e fique por dentro de tudo que o Festejo Unindo Tribos tem a oferecer!<\/p>\n\n\n\n<p>Venha fazer parte dessa celebra\u00e7\u00e3o da diversidade cultural!. Junte-se a n\u00f3s na Casa do Cantador e aproveite um fim de semana repleto de m\u00fasica, arte e muita energia positiva!<\/p>\n","protected":false},"excerpt":{"rendered":"<p>Foto\/divulga\u00e7\u00e3o A Cidadecult tem o prazer de apresentar a 2\u00aa edi\u00e7\u00e3o do &#8220;Festejo Unindo Tribos&#8221;, um evento que promete agitar Ceil\u00e2ndia com uma mistura vibrante de m\u00fasica, arte e cultura!. Realizado em parceria com o Minist\u00e9rio da Cultura e o Instituto Cultural Menino de Ceil\u00e2ndia, este ano o Festejo acontecer\u00e1 nos dias 2 e 3 [&hellip;]<\/p>\n","protected":false},"author":1441,"featured_media":3541,"comment_status":"open","ping_status":"open","sticky":false,"template":"","format":"standard","meta":{"_monsterinsights_skip_tracking":false,"_monsterinsights_sitenote_active":false,"_monsterinsights_sitenote_note":"","_monsterinsights_sitenote_category":0,"footnotes":""},"categories":[41,17,34,3,6,35],"tags":[],"class_list":["post-3540","post","type-post","status-publish","format-standard","has-post-thumbnail","hentry","category-agenda","category-bsb","category-destaque","category-entertainment","category-music","category-business-news365"],"_links":{"self":[{"href":"https:\/\/cidadecult.com.br\/index.php?rest_route=\/wp\/v2\/posts\/3540","targetHints":{"allow":["GET"]}}],"collection":[{"href":"https:\/\/cidadecult.com.br\/index.php?rest_route=\/wp\/v2\/posts"}],"about":[{"href":"https:\/\/cidadecult.com.br\/index.php?rest_route=\/wp\/v2\/types\/post"}],"author":[{"embeddable":true,"href":"https:\/\/cidadecult.com.br\/index.php?rest_route=\/wp\/v2\/users\/1441"}],"replies":[{"embeddable":true,"href":"https:\/\/cidadecult.com.br\/index.php?rest_route=%2Fwp%2Fv2%2Fcomments&post=3540"}],"version-history":[{"count":1,"href":"https:\/\/cidadecult.com.br\/index.php?rest_route=\/wp\/v2\/posts\/3540\/revisions"}],"predecessor-version":[{"id":3542,"href":"https:\/\/cidadecult.com.br\/index.php?rest_route=\/wp\/v2\/posts\/3540\/revisions\/3542"}],"wp:featuredmedia":[{"embeddable":true,"href":"https:\/\/cidadecult.com.br\/index.php?rest_route=\/wp\/v2\/media\/3541"}],"wp:attachment":[{"href":"https:\/\/cidadecult.com.br\/index.php?rest_route=%2Fwp%2Fv2%2Fmedia&parent=3540"}],"wp:term":[{"taxonomy":"category","embeddable":true,"href":"https:\/\/cidadecult.com.br\/index.php?rest_route=%2Fwp%2Fv2%2Fcategories&post=3540"},{"taxonomy":"post_tag","embeddable":true,"href":"https:\/\/cidadecult.com.br\/index.php?rest_route=%2Fwp%2Fv2%2Ftags&post=3540"}],"curies":[{"name":"wp","href":"https:\/\/api.w.org\/{rel}","templated":true}]}}