{"id":3532,"date":"2024-02-27T12:04:22","date_gmt":"2024-02-27T15:04:22","guid":{"rendered":"https:\/\/cidadecult.com.br\/?p=3532"},"modified":"2024-02-27T12:04:23","modified_gmt":"2024-02-27T15:04:23","slug":"4a-temporada-estacao-da-musica-classica-uma-oportunidade-para-talentos-da-musica-erudita-do-df","status":"publish","type":"post","link":"https:\/\/cidadecult.com.br\/?p=3532","title":{"rendered":"4\u00aa temporada &#8220;Esta\u00e7\u00e3o da M\u00fasica Cl\u00e1ssica&#8221;: uma oportunidade para talentos da m\u00fasica erudita do DF"},"content":{"rendered":"\n<p><em>Foto\/divulga\u00e7\u00e3o <\/em><\/p>\n\n\n\n<p>A 4\u00aa temporada da &#8220;Esta\u00e7\u00e3o da M\u00fasica Cl\u00e1ssica&#8221; est\u00e1 com inscri\u00e7\u00f5es abertas para talentos da m\u00fasica erudita do Distrito Federal. Solistas, duos, trios e quartetos s\u00e3o convidados a participar desta oportunidade \u00fanica de apresenta\u00e7\u00f5es gratuitas para a comunidade. Esta iniciativa, idealizada pela Companhia De Teatro L\u00e1bios da Lua e apoiada pelo Fundo de Apoio \u00e0 Cultura do Distrito Federal (FAC-DF), visa enriquecer a experi\u00eancia musical da comunidade, al\u00e9m de promover os benef\u00edcios cognitivos da m\u00fasica cl\u00e1ssica.<\/p>\n\n\n\n<p><strong>Detalhes da temporada:<\/strong><\/p>\n\n\n\n<ul class=\"wp-block-list\">\n<li><strong>Inscri\u00e7\u00f5es:<\/strong> Abertas at\u00e9 29 de fevereiro de 2024.<\/li>\n\n\n\n<li><strong>Local das Apresenta\u00e7\u00f5es:<\/strong> Cia L\u00e1bio da Lua &#8211; Quadra 4 Lote 16 Loja C e D &#8211; Setor Sul.<\/li>\n\n\n\n<li><strong>Per\u00edodo das Apresenta\u00e7\u00f5es:<\/strong> Mar\u00e7o a 31 de maio de 2024.<\/li>\n\n\n\n<li><strong>Objetivo:<\/strong> Aproximar a comunidade da m\u00fasica cl\u00e1ssica, revelar novos talentos e educar sobre a diversidade e riqueza deste g\u00eanero musical.<\/li>\n<\/ul>\n\n\n\n<p><strong>Benef\u00edcios da m\u00fasica Cl\u00e1ssica:<\/strong><\/p>\n\n\n\n<p>Estudos t\u00eam demonstrado os benef\u00edcios cognitivos da m\u00fasica cl\u00e1ssica, influenciando positivamente a aprendizagem e a mem\u00f3ria. Esta temporada oferecer\u00e1 acesso a performances de alta qualidade, proporcionando uma experi\u00eancia enriquecedora para todos os p\u00fablicos.<\/p>\n\n\n\n<p><strong>Inscri\u00e7\u00f5es e requisitos:<\/strong><\/p>\n\n\n\n<p>Os interessados em participar devem realizar a inscri\u00e7\u00e3o pelo site oficial da 4\u00aa Esta\u00e7\u00e3o da M\u00fasica Cl\u00e1ssica: <a href=\"https:\/\/bit.ly\/Inscri\u00e7\u00f5esEsta\u00e7\u00e3o_da_m\u00fasica2024\">Link de Inscri\u00e7\u00e3o<\/a>. Para se inscrever, \u00e9 necess\u00e1rio enviar:<\/p>\n\n\n\n<ul class=\"wp-block-list\">\n<li>Fotos de alta resolu\u00e7\u00e3o para divulga\u00e7\u00e3o.<\/li>\n\n\n\n<li>Breve biografia ou release do grupo (at\u00e9 uma p\u00e1gina).<\/li>\n\n\n\n<li>Programa da apresenta\u00e7\u00e3o com dura\u00e7\u00e3o aproximada de 60 minutos.<\/li>\n\n\n\n<li>Grava\u00e7\u00e3o em \u00e1udio ou v\u00eddeo com pelo menos 10 minutos de m\u00fasica do repert\u00f3rio.<\/li>\n\n\n\n<li>Dados do representante legal do grupo: nome completo, c\u00f3pia de RG e CPF, telefone e e-mail para contato.<\/li>\n<\/ul>\n\n\n\n<p><strong>Processo de sele\u00e7\u00e3o:<\/strong><\/p>\n\n\n\n<p>Os candidatos selecionados ser\u00e3o contatados diretamente pela curadoria respons\u00e1vel para agendar as apresenta\u00e7\u00f5es. As performances acontecer\u00e3o \u00e0s 20 horas das quintas e sextas-feiras, entre mar\u00e7o e maio de 2024. A escolha ser\u00e1 baseada na qualidade art\u00edstica dos trabalhos, considerando o p\u00fablico-alvo do projeto.<\/p>\n\n\n\n<p><strong>Cach\u00eas oferecidos:<\/strong><\/p>\n\n\n\n<ul class=\"wp-block-list\">\n<li>Solista: R$ 750,00.<\/li>\n\n\n\n<li>Duo: R$ 1.250,00.<\/li>\n\n\n\n<li>Trio: R$ 2.000,00.<\/li>\n\n\n\n<li>Quarteto: R$ 2.400,00.<\/li>\n<\/ul>\n\n\n\n<p><strong>Contato para imprensa:<\/strong><\/p>\n\n\n\n<p>Para solicita\u00e7\u00f5es de entrevistas ou mais informa\u00e7\u00f5es para a imprensa, entre em contato atrav\u00e9s do e-mail: [inserir email de contato para imprensa].<\/p>\n\n\n\n<p><strong>Servi\u00e7o:<\/strong><\/p>\n\n\n\n<ul class=\"wp-block-list\">\n<li><strong>Evento:<\/strong> 4\u00aa Esta\u00e7\u00e3o da M\u00fasica Cl\u00e1ssica<\/li>\n\n\n\n<li><strong>Edital e Inscri\u00e7\u00f5es:<\/strong> <a href=\"https:\/\/bit.ly\/3OWYRss\">Link do Edital e Inscri\u00e7\u00f5es<\/a><\/li>\n\n\n\n<li><strong>Inscri\u00e7\u00f5es Abertas at\u00e9:<\/strong> 23:59h de 29\/02\/2024<\/li>\n<\/ul>\n\n\n\n<p><strong>Sobre o esta\u00e7\u00e3o da m\u00fasica cl\u00e1ssica:<\/strong><\/p>\n\n\n\n<p>O Esta\u00e7\u00e3o da M\u00fasica Cl\u00e1ssica \u00e9 uma iniciativa que visa promover a m\u00fasica erudita no Distrito Federal, proporcionando um ambiente para novos talentos se apresentarem e para a comunidade desfrutar de performances de alta qualidade. Atrav\u00e9s do apoio do Fundo de Apoio \u00e0 Cultura do Distrito Federal (FAC-DF), este projeto continua a enriquecer a vida cultural da regi\u00e3o e a celebrar a beleza e diversidade da m\u00fasica cl\u00e1ssica.<\/p>\n\n\n\n<p>Para mais informa\u00e7\u00f5es sobre a 4\u00aa Esta\u00e7\u00e3o da M\u00fasica Cl\u00e1ssica, acesse o link do edital acima <\/p>\n","protected":false},"excerpt":{"rendered":"<p>Foto\/divulga\u00e7\u00e3o A 4\u00aa temporada da &#8220;Esta\u00e7\u00e3o da M\u00fasica Cl\u00e1ssica&#8221; est\u00e1 com inscri\u00e7\u00f5es abertas para talentos da m\u00fasica erudita do Distrito Federal. Solistas, duos, trios e quartetos s\u00e3o convidados a participar desta oportunidade \u00fanica de apresenta\u00e7\u00f5es gratuitas para a comunidade. Esta iniciativa, idealizada pela Companhia De Teatro L\u00e1bios da Lua e apoiada pelo Fundo de Apoio [&hellip;]<\/p>\n","protected":false},"author":1441,"featured_media":3533,"comment_status":"open","ping_status":"open","sticky":false,"template":"","format":"standard","meta":{"_monsterinsights_skip_tracking":false,"_monsterinsights_sitenote_active":false,"_monsterinsights_sitenote_note":"","_monsterinsights_sitenote_category":0,"footnotes":""},"categories":[41,17,34,290,6,35],"tags":[],"class_list":["post-3532","post","type-post","status-publish","format-standard","has-post-thumbnail","hentry","category-agenda","category-bsb","category-destaque","category-educacao","category-music","category-business-news365"],"_links":{"self":[{"href":"https:\/\/cidadecult.com.br\/index.php?rest_route=\/wp\/v2\/posts\/3532","targetHints":{"allow":["GET"]}}],"collection":[{"href":"https:\/\/cidadecult.com.br\/index.php?rest_route=\/wp\/v2\/posts"}],"about":[{"href":"https:\/\/cidadecult.com.br\/index.php?rest_route=\/wp\/v2\/types\/post"}],"author":[{"embeddable":true,"href":"https:\/\/cidadecult.com.br\/index.php?rest_route=\/wp\/v2\/users\/1441"}],"replies":[{"embeddable":true,"href":"https:\/\/cidadecult.com.br\/index.php?rest_route=%2Fwp%2Fv2%2Fcomments&post=3532"}],"version-history":[{"count":1,"href":"https:\/\/cidadecult.com.br\/index.php?rest_route=\/wp\/v2\/posts\/3532\/revisions"}],"predecessor-version":[{"id":3534,"href":"https:\/\/cidadecult.com.br\/index.php?rest_route=\/wp\/v2\/posts\/3532\/revisions\/3534"}],"wp:featuredmedia":[{"embeddable":true,"href":"https:\/\/cidadecult.com.br\/index.php?rest_route=\/wp\/v2\/media\/3533"}],"wp:attachment":[{"href":"https:\/\/cidadecult.com.br\/index.php?rest_route=%2Fwp%2Fv2%2Fmedia&parent=3532"}],"wp:term":[{"taxonomy":"category","embeddable":true,"href":"https:\/\/cidadecult.com.br\/index.php?rest_route=%2Fwp%2Fv2%2Fcategories&post=3532"},{"taxonomy":"post_tag","embeddable":true,"href":"https:\/\/cidadecult.com.br\/index.php?rest_route=%2Fwp%2Fv2%2Ftags&post=3532"}],"curies":[{"name":"wp","href":"https:\/\/api.w.org\/{rel}","templated":true}]}}