{"id":3480,"date":"2024-02-25T09:00:00","date_gmt":"2024-02-25T12:00:00","guid":{"rendered":"https:\/\/cidadecult.com.br\/?p=3480"},"modified":"2024-02-24T19:51:17","modified_gmt":"2024-02-24T22:51:17","slug":"caetano-veloso-e-a-nova-onda-da-musica-francesa-no-documentario-une-famille","status":"publish","type":"post","link":"https:\/\/cidadecult.com.br\/?p=3480","title":{"rendered":"Caetano Veloso e a nova onda da m\u00fasica francesa no document\u00e1rio &#8220;Une Famille&#8221;"},"content":{"rendered":"\n<h3 class=\"wp-block-heading\"><\/h3>\n\n\n\n<p><\/p>\n\n\n\n<p>Em um encontro emocionante de culturas e gera\u00e7\u00f5es, Caetano Veloso traz uma nova vida ao cl\u00e1ssico franc\u00eas &#8220;La Mer&#8221;, de Charles Trenet, atrav\u00e9s de uma releitura sens\u00edvel e introspectiva. Lan\u00e7ada na \u00faltima sexta-feira, 23 de fevereiro de 2024, esta vers\u00e3o voz e viol\u00e3o n\u00e3o s\u00f3 demonstra a versatilidade do artista brasileiro, mas tamb\u00e9m sua conex\u00e3o profunda com a m\u00fasica que marcou sua inf\u00e2ncia em Santo Amaro da Purifica\u00e7\u00e3o.<\/p>\n\n\n\n<p>&#8220;La Mer&#8221;, que se consagrou na voz de Roland Gerbeau em 1945 e rapidamente ganhou o cora\u00e7\u00e3o do mundo, agora serve de trilha sonora para &#8220;Une Famille&#8221;, um document\u00e1rio da renomada escritora e diretora francesa Christine Angot. O filme, que estreou no Festival de Berlim, mergulha na vida da pr\u00f3pria Angot, explorando temas de fam\u00edlia e identidade com uma honestidade crua.<\/p>\n\n\n\n<p>A escolha de &#8220;La Mer&#8221; para compor a trilha sonora n\u00e3o foi ao acaso. A m\u00fasica, que j\u00e1 havia sido homenageada por Caetano em uma apresenta\u00e7\u00e3o em Paris, ap\u00f3s a morte de Guilherme Ara\u00fajo, seu querido empres\u00e1rio, ressoou com Angot, presente na plateia naquela noite. Movida pela emo\u00e7\u00e3o compartilhada, Angot convidou Caetano para gravar a can\u00e7\u00e3o exatamente como feito naquela ocasi\u00e3o: com a intimidade do viol\u00e3o e a lentid\u00e3o que captura o esp\u00edrito da mem\u00f3ria e do luto.<\/p>\n\n\n\n<p>Esta colabora\u00e7\u00e3o transcultural n\u00e3o apenas destaca a universalidade da m\u00fasica e das emo\u00e7\u00f5es humanas, mas tamb\u00e9m reafirma Caetano Veloso como um artista que atravessa fronteiras, capaz de tocar cora\u00e7\u00f5es ao redor do mundo com sua arte. &#8220;Une Famille&#8221; promete ser uma experi\u00eancia cinematogr\u00e1fica marcante, e a contribui\u00e7\u00e3o de Caetano apenas enriquece sua narrativa, fazendo deste um lan\u00e7amento imperd\u00edvel para os amantes da m\u00fasica e do cinema.<\/p>\n\n\n\n<p>&#8220;Une Famille&#8221; chega aos cinemas franceses em 20 de mar\u00e7o, prometendo emocionar e inspirar audi\u00eancias com a beleza de sua hist\u00f3ria e trilha sonora.<\/p>\n\n\n\n<figure class=\"wp-block-embed is-type-video is-provider-youtube wp-block-embed-youtube wp-embed-aspect-16-9 wp-has-aspect-ratio\"><div class=\"wp-block-embed__wrapper\">\n<div class=\"jeg_video_container jeg_video_content\"><iframe loading=\"lazy\" title=\"Caetano Veloso - La Mer\" width=\"500\" height=\"281\" src=\"https:\/\/www.youtube.com\/embed\/g8gDW3Q3yMw?feature=oembed\" frameborder=\"0\" allow=\"accelerometer; autoplay; clipboard-write; encrypted-media; gyroscope; picture-in-picture; web-share\" referrerpolicy=\"strict-origin-when-cross-origin\" allowfullscreen><\/iframe><\/div>\n<\/div><\/figure>\n","protected":false},"excerpt":{"rendered":"<p>Em um encontro emocionante de culturas e gera\u00e7\u00f5es, Caetano Veloso traz uma nova vida ao cl\u00e1ssico franc\u00eas &#8220;La Mer&#8221;, de Charles Trenet, atrav\u00e9s de uma releitura sens\u00edvel e introspectiva. Lan\u00e7ada na \u00faltima sexta-feira, 23 de fevereiro de 2024, esta vers\u00e3o voz e viol\u00e3o n\u00e3o s\u00f3 demonstra a versatilidade do artista brasileiro, mas tamb\u00e9m sua conex\u00e3o [&hellip;]<\/p>\n","protected":false},"author":777,"featured_media":3481,"comment_status":"open","ping_status":"open","sticky":false,"template":"","format":"standard","meta":{"_monsterinsights_skip_tracking":false,"_monsterinsights_sitenote_active":false,"_monsterinsights_sitenote_note":"","_monsterinsights_sitenote_category":0,"footnotes":""},"categories":[41,54,232,3,6],"tags":[376,380,378,381],"class_list":["post-3480","post","type-post","status-publish","format-standard","has-post-thumbnail","hentry","category-agenda","category-brasil","category-cinema","category-entertainment","category-music","tag-caetano","tag-franca","tag-nova-onda","tag-une-famille"],"_links":{"self":[{"href":"https:\/\/cidadecult.com.br\/index.php?rest_route=\/wp\/v2\/posts\/3480","targetHints":{"allow":["GET"]}}],"collection":[{"href":"https:\/\/cidadecult.com.br\/index.php?rest_route=\/wp\/v2\/posts"}],"about":[{"href":"https:\/\/cidadecult.com.br\/index.php?rest_route=\/wp\/v2\/types\/post"}],"author":[{"embeddable":true,"href":"https:\/\/cidadecult.com.br\/index.php?rest_route=\/wp\/v2\/users\/777"}],"replies":[{"embeddable":true,"href":"https:\/\/cidadecult.com.br\/index.php?rest_route=%2Fwp%2Fv2%2Fcomments&post=3480"}],"version-history":[{"count":1,"href":"https:\/\/cidadecult.com.br\/index.php?rest_route=\/wp\/v2\/posts\/3480\/revisions"}],"predecessor-version":[{"id":3482,"href":"https:\/\/cidadecult.com.br\/index.php?rest_route=\/wp\/v2\/posts\/3480\/revisions\/3482"}],"wp:featuredmedia":[{"embeddable":true,"href":"https:\/\/cidadecult.com.br\/index.php?rest_route=\/wp\/v2\/media\/3481"}],"wp:attachment":[{"href":"https:\/\/cidadecult.com.br\/index.php?rest_route=%2Fwp%2Fv2%2Fmedia&parent=3480"}],"wp:term":[{"taxonomy":"category","embeddable":true,"href":"https:\/\/cidadecult.com.br\/index.php?rest_route=%2Fwp%2Fv2%2Fcategories&post=3480"},{"taxonomy":"post_tag","embeddable":true,"href":"https:\/\/cidadecult.com.br\/index.php?rest_route=%2Fwp%2Fv2%2Ftags&post=3480"}],"curies":[{"name":"wp","href":"https:\/\/api.w.org\/{rel}","templated":true}]}}