{"id":344,"date":"2020-01-27T19:08:50","date_gmt":"2020-01-27T22:08:50","guid":{"rendered":"https:\/\/cidadecult.com.br\/novo\/concurso-nacional-para-a-requalificacao-da-arena-de-brasilia\/"},"modified":"2020-01-27T19:08:50","modified_gmt":"2020-01-27T22:08:50","slug":"concurso-nacional-para-a-requalificacao-da-arena-de-brasilia","status":"publish","type":"post","link":"https:\/\/cidadecult.com.br\/?p=344","title":{"rendered":"Concurso nacional para a requalifica\u00e7\u00e3o da Arena de Bras\u00edlia"},"content":{"rendered":"<header class=\"article-header afd-container-padding--m\" style=\"box-sizing: border-box; -webkit-font-smoothing: inherit; -webkit-tap-highlight-color: transparent; border: 0px; font-variant-numeric: inherit; font-variant-east-asian: inherit; font-stretch: inherit; font-size: 14px; line-height: inherit; font-family: 'Source Sans Pro', Helvetica, sans-serif; vertical-align: baseline; margin: 0px; padding: 0px; color: #303030;\">\n<h1 class=\"afd-title-big afd-title-big--full afd-title-big--bmargin-big afd-relativeposition \" style=\"box-sizing: border-box; -webkit-font-smoothing: inherit; -webkit-tap-highlight-color: transparent; border: 0px; font-style: inherit; font-variant: inherit; font-stretch: inherit; font-size: 25px; line-height: normal; font-family: inherit; vertical-align: baseline; margin: 0px 0px 25px; padding: 0px; position: relative; width: 640px;\">Ve\u00edculo: Archdaily<\/h1>\n<div class=\"afd-desktop-e\" style=\"box-sizing: border-box; -webkit-font-smoothing: inherit; -webkit-tap-highlight-color: transparent; border: 0px; font: inherit; vertical-align: baseline; margin: 0px; padding: 0px;\">\n<div class=\"afd-desktop-e afd-post-actions\" style=\"box-sizing: border-box; -webkit-font-smoothing: inherit; -webkit-tap-highlight-color: transparent; border: 0px; font: inherit; vertical-align: baseline; margin: 0px 0px 25px; padding: 0px; display: flex; justify-content: space-between; align-items: center;\">\n<div class=\"mobile-single-bookmark afd-desktop-e single-bookmark\" style=\"box-sizing: border-box; -webkit-font-smoothing: inherit; -webkit-tap-highlight-color: transparent; border: 0px; font: inherit; vertical-align: baseline; margin: 0px; padding: 3px 15px; min-height: 40px; background: #026cb6; color: #ffffff; border-radius: 2px; position: relative;\"><span style=\"box-sizing: border-box; -webkit-font-smoothing: inherit; -webkit-tap-highlight-color: transparent; border: 0px; font: inherit; vertical-align: baseline; margin: 0px; padding: 0px;\">\u00a0<\/span><\/div>\n<\/div>\n<\/div>\n<\/header>\n<article id=\"single-content\" class=\"afd-post-content\" style=\"box-sizing: border-box; -webkit-font-smoothing: inherit; -webkit-tap-highlight-color: transparent; border: 0px; font-variant-numeric: inherit; font-variant-east-asian: inherit; font-stretch: inherit; font-size: 15px; line-height: inherit; font-family: 'Source Sans Pro', Helvetica, sans-serif; vertical-align: baseline; margin: 0px; padding: 0px; color: #303030;\" data-io-article-url=\"https:\/\/www.archdaily.com.br\/br\/924593\/concurso-nacional-para-a-requalificacao-da-arena-de-brasilia\">\n<figure id=\"newsroom-picture-att-id-5d77ecbf284dd16737000011\" class=\"featured-image js-image-size media-picture\" style=\"box-sizing: border-box; -webkit-font-smoothing: inherit; -webkit-tap-highlight-color: transparent; border: 0px; font: inherit; vertical-align: baseline; margin: 0px auto 1.75em; padding: 0px; position: relative; text-align: center; max-width: 100%; clear: both; width: 640px; height: 239px;\" data-height=\"239\" data-width=\"640\">\n<div class=\"save-image\" style=\"box-sizing: border-box; -webkit-font-smoothing: inherit; -webkit-tap-highlight-color: transparent; border: 0px; font: inherit; vertical-align: baseline; margin: 0px; padding: 0px; text-align: left; top: 0px; opacity: 0; position: absolute; z-index: 1; transition: opacity 0.2s ease-in-out 0s !important;\">\n<div class=\"save-image-icon clearfix\" style=\"box-sizing: border-box; -webkit-font-smoothing: inherit; -webkit-tap-highlight-color: transparent; border: 0px; font: inherit; vertical-align: baseline; margin: 0px; padding: 10px 0px 10px 10px; background: rgba(255, 255, 255, 0.8);\">\u00a0<\/div>\n<div class=\"save-image-text\" style=\"box-sizing: border-box; -webkit-font-smoothing: inherit; -webkit-tap-highlight-color: transparent; border: 0px; font: inherit; vertical-align: baseline; margin: 0px; padding: 0px; color: #303030; overflow: hidden; position: absolute; left: 40px; top: 0px; z-index: 0;\"><span class=\"save-image-span\" style=\"box-sizing: border-box; -webkit-font-smoothing: inherit; -webkit-tap-highlight-color: transparent; border: 0px; font-style: inherit; font-variant: inherit; font-weight: inherit; font-stretch: inherit; font-size: inherit; line-height: 40px; font-family: inherit; vertical-align: baseline; margin: 0px; padding: 0px 10px 0px 0px; background: rgba(255, 255, 255, 0.8); display: inline-block; height: 40px; white-space: nowrap; transform: translateX(-100%); transition: all 0.2s ease-in-out 0s;\">Guardar no Meu ArchDaily<\/span><\/div>\n<\/div>\n<p><a class=\"js-image-size__link \" style=\"box-sizing: border-box; -webkit-font-smoothing: inherit; -webkit-tap-highlight-color: transparent; border: 0px; font: inherit; vertical-align: baseline; margin: 0px; padding: 0px; color: #026cb6; cursor: -webkit-zoom-in; display: inline-block; max-width: 100%; width: 640px; height: 239px;\" href=\"https:\/\/www.archdaily.com.br\/br\/924593\/concurso-nacional-para-a-requalificacao-da-arena-de-brasilia\/5d77ecbf284dd16737000011-concurso-nacional-para-a-requalificacao-da-arena-de-brasilia-imagem\" rel=\"attachment\"><picture style=\"box-sizing: border-box; -webkit-font-smoothing: inherit; -webkit-tap-highlight-color: transparent;\"><source style=\"box-sizing: border-box; -webkit-font-smoothing: inherit; -webkit-tap-highlight-color: transparent;\" srcset=\"https:\/\/images.adsttc.com\/media\/images\/5d77\/ecbf\/284d\/d167\/3700\/0011\/medium_jpg\/slide1-6698dd69394be1b0e824ec568720bafd48620b4935fc9c59597d0a082db18aa6.jpg?1568140474\" media=\"(max-width: 528px)\" \/><img decoding=\"async\" style=\"box-sizing: border-box; -webkit-font-smoothing: inherit; -webkit-tap-highlight-color: transparent; border: 0px; font: inherit; vertical-align: middle; margin: 0px; padding: 0px; width: auto; height: auto; max-width: 100%; max-height: 580px; cursor: -webkit-zoom-in;\" src=\"https:\/\/images.adsttc.com\/media\/images\/5d77\/ecbf\/284d\/d167\/3700\/0011\/newsletter\/slide1-6698dd69394be1b0e824ec568720bafd48620b4935fc9c59597d0a082db18aa6.jpg?1568140474\" alt=\"Concurso nacional para a requalifica\u00e7\u00e3o da Arena de Bras\u00edlia\" longdesc=\"https:\/\/www.archdaily.com.br\/br\/924593\/concurso-nacional-para-a-requalificacao-da-arena-de-brasilia\/5d77ecbf284dd16737000011-concurso-nacional-para-a-requalificacao-da-arena-de-brasilia-imagem\" data-nr-picture-id=\"5d77ecbf284dd16737000011\" \/><\/picture><\/a><figcaption id=\"figcaption_newsroom-picture-att-id-5d77ecbf284dd16737000011\" class=\"figcaption afd-desktop-e\" style=\"box-sizing: border-box; -webkit-font-smoothing: inherit; -webkit-tap-highlight-color: transparent; border: 0px; font-style: inherit; font-variant: inherit; font-weight: inherit; font-stretch: inherit; font-size: 13.5px; line-height: 20px; font-family: inherit; vertical-align: baseline; margin: 0px; padding: 2.5em 0.5em 0.5em; bottom: 0px; text-align: left; opacity: 0; position: absolute; width: 640px; background: linear-gradient(transparent 0%, rgba(0, 0, 0, 0.75) 100%); color: #ffffff; transition: opacity 0.3s ease-in-out 0s !important;\"><\/figcaption><\/figure>\n<div class=\"article-meta\" style=\"box-sizing: border-box; -webkit-font-smoothing: inherit; -webkit-tap-highlight-color: transparent; border: 0px; font: inherit; vertical-align: baseline; margin: 0px 0px 1.3em; padding: 0px; display: flex;\">\n<ul id=\"single-meta\" class=\"afd-char-list article-meta--after_featured_image\" style=\"box-sizing: border-box; -webkit-font-smoothing: initial; -webkit-tap-highlight-color: transparent; border: 0px; font-style: inherit; font-variant: inherit; font-weight: inherit; font-stretch: inherit; font-size: 14px; line-height: 1.75em; font-family: inherit; vertical-align: baseline; margin: auto auto 0px; padding: 0px; list-style: none; overflow-wrap: break-word; display: flex; position: relative; width: 640px; flex: 1 1 0%; justify-content: space-between;\">\n<li class=\"single-meta__author\" style=\"box-sizing: border-box; -webkit-font-smoothing: inherit; -webkit-tap-highlight-color: transparent; border: 0px; font: inherit; vertical-align: baseline; margin: 0px; padding: 0px; list-style-type: none; color: #929292;\"><span class=\"theAuthor\" style=\"box-sizing: border-box; -webkit-font-smoothing: inherit; -webkit-tap-highlight-color: transparent; border: 0px; font: inherit; vertical-align: baseline; margin: 0px; padding: 0px;\">Escrito por\u00a0<span style=\"box-sizing: border-box; -webkit-font-smoothing: inherit; -webkit-tap-highlight-color: transparent; border: 0px; font-style: inherit; font-variant: inherit; font-weight: 600; font-stretch: inherit; font-size: inherit; line-height: inherit; font-family: inherit; vertical-align: baseline; margin: 0px; padding: 0px;\">Equipe ArchDaily Brasil<\/span><\/span><\/li>\n<li class=\"theDate\" style=\"box-sizing: border-box; -webkit-font-smoothing: inherit; -webkit-tap-highlight-color: transparent; border: 0px; font: inherit; vertical-align: baseline; margin: 0px 0px 0px 16px; padding: 0px; list-style-type: none; color: #929292; white-space: nowrap;\"><time lang=\"pt-br\" style=\"box-sizing: border-box; -webkit-font-smoothing: inherit; -webkit-tap-highlight-color: transparent; border: 0px; font: inherit; vertical-align: baseline; margin: 0px; padding: 0px;\" title=\"Setembro 11, 2019\" datetime=\"2019-09-11T10:00:00+00:00\" data-time-ago=\"2019-09-11T10:00:00+00:00\">h\u00e1 5 meses<\/time><\/li>\n<\/ul>\n<\/div>\n<p style=\"box-sizing: border-box; -webkit-font-smoothing: initial; -webkit-tap-highlight-color: transparent; border: 0px; font-style: inherit; font-variant: inherit; font-weight: inherit; font-stretch: inherit; font-size: 1em; line-height: 1.75em; font-family: inherit; vertical-align: baseline; margin: 0px 0px 1.75em; padding: 0px; overflow-wrap: break-word;\">Est\u00e3o abertas at\u00e9 28 de outubro as inscri\u00e7\u00f5es para\u00a0<a style=\"box-sizing: border-box; -webkit-font-smoothing: inherit; -webkit-tap-highlight-color: transparent; border: 0px; font: inherit; vertical-align: baseline; margin: 0px; padding: 0px; color: #026cb6;\" href=\"http:\/\/www.concursoarenabsb.org\/?utm_medium=website&amp;utm_source=archdaily.com.br\" target=\"_blank\" rel=\"noopener noreferrer\">Concurso Nacional de Arquitetura e Paisagismo para Requalifica\u00e7\u00e3o do Complexo Esportivo e de Lazer Arena BSB<\/a>, organizado pelo IAB-DF e promovido pelo Cons\u00f3rcio Arena BSB. O objeto do concurso engloba parte do Setor de Recrea\u00e7\u00e3o P\u00fablica Norte (SRPN), junto ao Est\u00e1dio Nacional Man\u00e9 Garrincha, Gin\u00e1sio Nilson Nelson e outros, na Regi\u00e3o Administrativa de\u00a0<a style=\"box-sizing: border-box; -webkit-font-smoothing: inherit; -webkit-tap-highlight-color: transparent; border: 0px; font: inherit; vertical-align: baseline; margin: 0px; padding: 0px; color: #026cb6;\" href=\"https:\/\/www.archdaily.com.br\/br\/tag\/brasilia\">Bras\u00edlia<\/a>\u00a0\u2013 RA I, em Bras\u00edlia.<\/p>\n<p style=\"box-sizing: border-box; -webkit-font-smoothing: initial; -webkit-tap-highlight-color: transparent; border: 0px; font-style: inherit; font-variant: inherit; font-weight: inherit; font-stretch: inherit; font-size: 1em; line-height: 1.75em; font-family: inherit; vertical-align: baseline; margin: 0px 0px 1.75em; padding: 0px; overflow-wrap: break-word;\">A expectativa \u00e9 que o projeto vencedor traga espa\u00e7os urbanos, arquitet\u00f4nicos e paisag\u00edsticos altamente qualificados a partir de crit\u00e9rios como integra\u00e7\u00e3o e contextualiza\u00e7\u00e3o urbana; mobilidade e acessibilidade; flexibilidade funcional;facilidade e coer\u00eancia log\u00edstica para as opera\u00e7\u00f5es e sustentabilidade.\u00a0<\/p>\n<h3 style=\"box-sizing: border-box; -webkit-font-smoothing: inherit; -webkit-tap-highlight-color: transparent; border: 0px; font-style: inherit; font-variant: inherit; font-stretch: inherit; font-size: 1.27em; line-height: 1.4em; font-family: inherit; vertical-align: baseline; margin: 0px 0px 1.2em; padding: 0px;\">Cronograma<\/h3>\n<ul style=\"box-sizing: border-box; -webkit-font-smoothing: initial; -webkit-tap-highlight-color: transparent; border: 0px; font-style: inherit; font-variant: inherit; font-weight: inherit; font-stretch: inherit; font-size: inherit; line-height: 1.75em; font-family: inherit; vertical-align: baseline; margin: 0.8em 0px 0.8em 1.2em; padding: 0px; list-style-position: initial; list-style-image: initial; overflow-wrap: break-word;\">\n<li style=\"box-sizing: border-box; -webkit-font-smoothing: inherit; -webkit-tap-highlight-color: transparent; border: 0px; font: inherit; vertical-align: baseline; margin: 0px 0px 0px 1.2em; padding: 0px; list-style-type: disc;\"><span style=\"box-sizing: border-box; -webkit-font-smoothing: inherit; -webkit-tap-highlight-color: transparent; border: 0px; font-style: inherit; font-variant: inherit; font-weight: 600; font-stretch: inherit; font-size: inherit; line-height: inherit; font-family: inherit; vertical-align: baseline; margin: 0px; padding: 0px;\">Inscri\u00e7\u00f5es:<\/span>\u00a009\/09\/19 a 28\/10\/19<\/li>\n<li style=\"box-sizing: border-box; -webkit-font-smoothing: inherit; -webkit-tap-highlight-color: transparent; border: 0px; font: inherit; vertical-align: baseline; margin: 0px 0px 0px 1.2em; padding: 0px; list-style-type: disc;\"><span style=\"box-sizing: border-box; -webkit-font-smoothing: inherit; -webkit-tap-highlight-color: transparent; border: 0px; font-style: inherit; font-variant: inherit; font-weight: 600; font-stretch: inherit; font-size: inherit; line-height: inherit; font-family: inherit; vertical-align: baseline; margin: 0px; padding: 0px;\">Envio dos Estudos Preliminares:<\/span>\u00a023h59min do dia 04\/11\/19 (hor\u00e1rio de Bras\u00edlia\/DF)<\/li>\n<li style=\"box-sizing: border-box; -webkit-font-smoothing: inherit; -webkit-tap-highlight-color: transparent; border: 0px; font: inherit; vertical-align: baseline; margin: 0px 0px 0px 1.2em; padding: 0px; list-style-type: disc;\"><span style=\"box-sizing: border-box; -webkit-font-smoothing: inherit; -webkit-tap-highlight-color: transparent; border: 0px; font-style: inherit; font-variant: inherit; font-weight: 600; font-stretch: inherit; font-size: inherit; line-height: inherit; font-family: inherit; vertical-align: baseline; margin: 0px; padding: 0px;\">Julgamento:<\/span>\u00a006\/11\/19 a 08\/11\/19<\/li>\n<li style=\"box-sizing: border-box; -webkit-font-smoothing: inherit; -webkit-tap-highlight-color: transparent; border: 0px; font: inherit; vertical-align: baseline; margin: 0px 0px 0px 1.2em; padding: 0px; list-style-type: disc;\"><span style=\"box-sizing: border-box; -webkit-font-smoothing: inherit; -webkit-tap-highlight-color: transparent; border: 0px; font-style: inherit; font-variant: inherit; font-weight: 600; font-stretch: inherit; font-size: inherit; line-height: inherit; font-family: inherit; vertical-align: baseline; margin: 0px; padding: 0px;\">Divulga\u00e7\u00e3o dos finalistas:<\/span>\u00a009\/11\/19<\/li>\n<li style=\"box-sizing: border-box; -webkit-font-smoothing: inherit; -webkit-tap-highlight-color: transparent; border: 0px; font: inherit; vertical-align: baseline; margin: 0px 0px 0px 1.2em; padding: 0px; list-style-type: disc;\"><span style=\"box-sizing: border-box; -webkit-font-smoothing: inherit; -webkit-tap-highlight-color: transparent; border: 0px; font-style: inherit; font-variant: inherit; font-weight: 600; font-stretch: inherit; font-size: inherit; line-height: inherit; font-family: inherit; vertical-align: baseline; margin: 0px; padding: 0px;\">Envio dos Estudos Preliminares revisados dos finalistas:<\/span>\u00a023h59min do dia 10\/12\/19 (hor\u00e1rio de Bras\u00edlia\/DF)<\/li>\n<li style=\"box-sizing: border-box; -webkit-font-smoothing: inherit; -webkit-tap-highlight-color: transparent; border: 0px; font: inherit; vertical-align: baseline; margin: 0px 0px 0px 1.2em; padding: 0px; list-style-type: disc;\"><span style=\"box-sizing: border-box; -webkit-font-smoothing: inherit; -webkit-tap-highlight-color: transparent; border: 0px; font-style: inherit; font-variant: inherit; font-weight: 600; font-stretch: inherit; font-size: inherit; line-height: inherit; font-family: inherit; vertical-align: baseline; margin: 0px; padding: 0px;\">Defesa oral dos Estudos Preliminares dos finalistas:<\/span>\u00a012\/12\/19<\/li>\n<li style=\"box-sizing: border-box; -webkit-font-smoothing: inherit; -webkit-tap-highlight-color: transparent; border: 0px; font: inherit; vertical-align: baseline; margin: 0px 0px 0px 1.2em; padding: 0px; list-style-type: disc;\"><span style=\"box-sizing: border-box; -webkit-font-smoothing: inherit; -webkit-tap-highlight-color: transparent; border: 0px; font-style: inherit; font-variant: inherit; font-weight: 600; font-stretch: inherit; font-size: inherit; line-height: inherit; font-family: inherit; vertical-align: baseline; margin: 0px; padding: 0px;\">Divulga\u00e7\u00e3o do resultado final do\u00a0<a style=\"box-sizing: border-box; -webkit-font-smoothing: inherit; -webkit-tap-highlight-color: transparent; border: 0px; font: inherit; vertical-align: baseline; margin: 0px; padding: 0px; color: #026cb6;\" href=\"https:\/\/www.archdaily.com.br\/br\/tag\/concurso\">Concurso<\/a>:<\/span>\u00a014\/12\/19<\/li>\n<\/ul>\n<p style=\"box-sizing: border-box; -webkit-font-smoothing: initial; -webkit-tap-highlight-color: transparent; border: 0px; font-style: inherit; font-variant: inherit; font-weight: inherit; font-stretch: inherit; font-size: 1em; line-height: 1.75em; font-family: inherit; vertical-align: baseline; margin: 0px 0px 1.75em; padding: 0px; overflow-wrap: break-word;\">Inscri\u00e7\u00f5es e bases do concurso podem ser conferidas no site:<a style=\"box-sizing: border-box; -webkit-font-smoothing: inherit; -webkit-tap-highlight-color: transparent; border: 0px; font: inherit; vertical-align: baseline; margin: 0px; padding: 0px; color: #026cb6;\" href=\"http:\/\/www.concursoarenabsb.org\/?utm_medium=website&amp;utm_source=archdaily.com.br\" target=\"_blank\" rel=\"noopener noreferrer\">\u00a0www.concursoarenabsb.org<\/a>.<\/p>\n<\/article>\n","protected":false},"excerpt":{"rendered":"<header class=\"article-header afd-container-padding--m\" style=\"box-sizing: border-box; -webkit-font-smoothing: inherit; -webkit-tap-highlight-color: transparent; border: 0px; font-variant-numeric: inherit; font-variant-east-asian: inherit; font-stretch: inherit; font-size: 14px; line-height: inherit; font-family: 'Source Sans Pro', Helvetica, sans-serif; vertical-align: baseline; margin: 0px; padding: 0px; color: #303030;\">\n<h1 class=\"afd-title-big afd-title-big--full afd-title-big--bmargin-big afd-relativeposition \" style=\"box-sizing: border-box; -webkit-font-smoothing: inherit; -webkit-tap-highlight-color: transparent; border: 0px; font-style: inherit; font-variant: inherit; font-stretch: inherit; font-size: 25px; line-height: normal; font-family: inherit; vertical-align: baseline; margin: 0px 0px 25px; padding: 0px; position: relative; width: 640px;\">Ve\u00edculo: Archdaily<\/h1>\n","protected":false},"author":3,"featured_media":0,"comment_status":"open","ping_status":"open","sticky":false,"template":"","format":"standard","meta":{"_monsterinsights_skip_tracking":false,"_monsterinsights_sitenote_active":false,"_monsterinsights_sitenote_note":"","_monsterinsights_sitenote_category":0,"footnotes":""},"categories":[42],"tags":[],"class_list":["post-344","post","type-post","status-publish","format-standard","hentry","category-clipping"],"_links":{"self":[{"href":"https:\/\/cidadecult.com.br\/index.php?rest_route=\/wp\/v2\/posts\/344","targetHints":{"allow":["GET"]}}],"collection":[{"href":"https:\/\/cidadecult.com.br\/index.php?rest_route=\/wp\/v2\/posts"}],"about":[{"href":"https:\/\/cidadecult.com.br\/index.php?rest_route=\/wp\/v2\/types\/post"}],"author":[{"embeddable":true,"href":"https:\/\/cidadecult.com.br\/index.php?rest_route=\/wp\/v2\/users\/3"}],"replies":[{"embeddable":true,"href":"https:\/\/cidadecult.com.br\/index.php?rest_route=%2Fwp%2Fv2%2Fcomments&post=344"}],"version-history":[{"count":0,"href":"https:\/\/cidadecult.com.br\/index.php?rest_route=\/wp\/v2\/posts\/344\/revisions"}],"wp:attachment":[{"href":"https:\/\/cidadecult.com.br\/index.php?rest_route=%2Fwp%2Fv2%2Fmedia&parent=344"}],"wp:term":[{"taxonomy":"category","embeddable":true,"href":"https:\/\/cidadecult.com.br\/index.php?rest_route=%2Fwp%2Fv2%2Fcategories&post=344"},{"taxonomy":"post_tag","embeddable":true,"href":"https:\/\/cidadecult.com.br\/index.php?rest_route=%2Fwp%2Fv2%2Ftags&post=344"}],"curies":[{"name":"wp","href":"https:\/\/api.w.org\/{rel}","templated":true}]}}