{"id":3438,"date":"2024-02-23T14:59:43","date_gmt":"2024-02-23T17:59:43","guid":{"rendered":"https:\/\/cidadecult.com.br\/?p=3438"},"modified":"2024-02-23T14:59:45","modified_gmt":"2024-02-23T17:59:45","slug":"final-de-semana-pos-carnaval-com-jazz-e-cultura-na-infinu-comunidade-criativa","status":"publish","type":"post","link":"https:\/\/cidadecult.com.br\/?p=3438","title":{"rendered":"Final de semana p\u00f3s-carnaval com jazz e cultura na Infinu Comunidade Criativa"},"content":{"rendered":"\n<p><\/p>\n\n\n\n<p>Este fim de semana, a Infinu Comunidade Criativa, situada na vibrante quadra 506 da W3 Sul, promete ser o ponto de encontro para os amantes de m\u00fasica, cultura e boa gastronomia em Bras\u00edlia. Ap\u00f3s a efervesc\u00eancia do carnaval, a casa abre suas portas para um ref\u00fagio de calmaria, arte e sons envolventes, com uma programa\u00e7\u00e3o musical de alt\u00edssimo n\u00edvel, feirinhas e atividades meditativas.<\/p>\n\n\n\n<figure class=\"wp-block-image size-large\"><img loading=\"lazy\" decoding=\"async\" width=\"1024\" height=\"1024\" src=\"https:\/\/cidadecult.com.br\/wp-content\/uploads\/2024\/02\/infinu2-1024x1024.jpeg\" alt=\"\" class=\"wp-image-3440\" srcset=\"https:\/\/cidadecult.com.br\/wp-content\/uploads\/2024\/02\/infinu2-1024x1024.jpeg 1024w, https:\/\/cidadecult.com.br\/wp-content\/uploads\/2024\/02\/infinu2-300x300.jpeg 300w, https:\/\/cidadecult.com.br\/wp-content\/uploads\/2024\/02\/infinu2-150x150.jpeg 150w, https:\/\/cidadecult.com.br\/wp-content\/uploads\/2024\/02\/infinu2-768x768.jpeg 768w, https:\/\/cidadecult.com.br\/wp-content\/uploads\/2024\/02\/infinu2-75x75.jpeg 75w, https:\/\/cidadecult.com.br\/wp-content\/uploads\/2024\/02\/infinu2-750x750.jpeg 750w, https:\/\/cidadecult.com.br\/wp-content\/uploads\/2024\/02\/infinu2.jpeg 1080w\" sizes=\"auto, (max-width: 1024px) 100vw, 1024px\" \/><\/figure>\n\n\n\n<p>As atra\u00e7\u00f5es principais incluem o talentoso M\u00e1rio Salimon e os Novos Standarts, que misturam o jazz com o pop de maneira inteligente e emocionante. M\u00e1rio Salimon \u00e9 reconhecido como uma das principais vozes masculinas da cena musical brasiliense, com uma carreira diversificada que abrange desde o funk old school at\u00e9 o jazz, soul e bossa nova.<\/p>\n\n\n\n<p>Outro destaque \u00e9 Levi Ramiro, mestre da viola jazz, que n\u00e3o apenas toca mas tamb\u00e9m constr\u00f3i seus pr\u00f3prios instrumentos, promovendo uma experi\u00eancia \u00fanica ao p\u00fablico. E para completar, a banda Maboh &amp; Os Jazzies trar\u00e1 swing e surpresa em uma apresenta\u00e7\u00e3o onde a improvisa\u00e7\u00e3o e o talento dos m\u00fasicos prometem uma noite inesquec\u00edvel.<\/p>\n\n\n\n<p>O evento oferece ainda a oportunidade de desfrutar de deliciosas op\u00e7\u00f5es gastron\u00f4micas e explorar feirinhas com itens criativos e originais, em um ambiente que inspira relaxamento e bem-estar.<\/p>\n\n\n\n<p><strong>Servi\u00e7o:<\/strong><\/p>\n\n\n\n<ul class=\"wp-block-list\">\n<li><strong>M\u00e1rio Salimon e os Novos Standarts:<\/strong> S\u00e1bado, 24\/02, abertura do sal\u00e3o \u00e0s 20h, show \u00e0s 20h30.<\/li>\n\n\n\n<li><strong>Maboh &amp; Os Jazzies:<\/strong> Domingo, 25\/02, abertura do sal\u00e3o \u00e0s 20h, show \u00e0s 20h.<\/li>\n\n\n\n<li><strong>Levi Ramiro:<\/strong> Domingo, 25\/02, show \u00e0s 18h.<\/li>\n<\/ul>\n\n\n\n<p>Local: Infinu Comunidade Criativa, CRS 506 Bloco A Loja 67, ao lado da Pra\u00e7a das Av\u00f3s, SHCS, Bras\u00edlia &#8211; DF.<\/p>\n\n\n\n<p>A entrada \u00e9 franca para os shows de Levi Ramiro e Maboh &amp; Os Jazzies, refor\u00e7ando o compromisso da Infinu com a acessibilidade cultural. N\u00e3o perca a chance de vivenciar momentos de pura arte e conex\u00e3o neste final de semana especial.<\/p>\n","protected":false},"excerpt":{"rendered":"<p>Este fim de semana, a Infinu Comunidade Criativa, situada na vibrante quadra 506 da W3 Sul, promete ser o ponto de encontro para os amantes de m\u00fasica, cultura e boa gastronomia em Bras\u00edlia. Ap\u00f3s a efervesc\u00eancia do carnaval, a casa abre suas portas para um ref\u00fagio de calmaria, arte e sons envolventes, com uma programa\u00e7\u00e3o [&hellip;]<\/p>\n","protected":false},"author":1861,"featured_media":3439,"comment_status":"open","ping_status":"open","sticky":false,"template":"","format":"standard","meta":{"_monsterinsights_skip_tracking":false,"_monsterinsights_sitenote_active":false,"_monsterinsights_sitenote_note":"","_monsterinsights_sitenote_category":0,"footnotes":""},"categories":[41,17,35],"tags":[353,352,350,354,355],"class_list":["post-3438","post","type-post","status-publish","format-standard","has-post-thumbnail","hentry","category-agenda","category-bsb","category-business-news365","tag-asa-sul","tag-critativa","tag-infinu","tag-levi-ramiro","tag-mario-salimon"],"_links":{"self":[{"href":"https:\/\/cidadecult.com.br\/index.php?rest_route=\/wp\/v2\/posts\/3438","targetHints":{"allow":["GET"]}}],"collection":[{"href":"https:\/\/cidadecult.com.br\/index.php?rest_route=\/wp\/v2\/posts"}],"about":[{"href":"https:\/\/cidadecult.com.br\/index.php?rest_route=\/wp\/v2\/types\/post"}],"author":[{"embeddable":true,"href":"https:\/\/cidadecult.com.br\/index.php?rest_route=\/wp\/v2\/users\/1861"}],"replies":[{"embeddable":true,"href":"https:\/\/cidadecult.com.br\/index.php?rest_route=%2Fwp%2Fv2%2Fcomments&post=3438"}],"version-history":[{"count":1,"href":"https:\/\/cidadecult.com.br\/index.php?rest_route=\/wp\/v2\/posts\/3438\/revisions"}],"predecessor-version":[{"id":3441,"href":"https:\/\/cidadecult.com.br\/index.php?rest_route=\/wp\/v2\/posts\/3438\/revisions\/3441"}],"wp:featuredmedia":[{"embeddable":true,"href":"https:\/\/cidadecult.com.br\/index.php?rest_route=\/wp\/v2\/media\/3439"}],"wp:attachment":[{"href":"https:\/\/cidadecult.com.br\/index.php?rest_route=%2Fwp%2Fv2%2Fmedia&parent=3438"}],"wp:term":[{"taxonomy":"category","embeddable":true,"href":"https:\/\/cidadecult.com.br\/index.php?rest_route=%2Fwp%2Fv2%2Fcategories&post=3438"},{"taxonomy":"post_tag","embeddable":true,"href":"https:\/\/cidadecult.com.br\/index.php?rest_route=%2Fwp%2Fv2%2Ftags&post=3438"}],"curies":[{"name":"wp","href":"https:\/\/api.w.org\/{rel}","templated":true}]}}