{"id":342,"date":"2020-01-27T18:57:35","date_gmt":"2020-01-27T21:57:35","guid":{"rendered":"https:\/\/cidadecult.com.br\/novo\/mane-garrincha-tera-14-salas-de-cinema-e-cine-drive-in\/"},"modified":"2020-01-27T18:57:35","modified_gmt":"2020-01-27T21:57:35","slug":"mane-garrincha-tera-14-salas-de-cinema-e-cine-drive-in","status":"publish","type":"post","link":"https:\/\/cidadecult.com.br\/?p=342","title":{"rendered":"Man\u00e9 Garrincha ter\u00e1 14 salas de cinema e cine drive-in"},"content":{"rendered":"<p>Ve\u00edculo: Correio Braziliense<\/p>\n<p>Data: 27\/08\/2019<\/p>\n<p><img decoding=\"async\" style=\"font-size: 12.16px;\" src=\"http:\/\/blogs.correiobraziliense.com.br\/cbpoder\/wp-content\/uploads\/sites\/5\/2019\/08\/man%C3%A9-3-550x366.jpg\" \/><\/p>\n<p>O Est\u00e1dio Nacional Man\u00e9 Garrincha ter\u00e1 um complexo com 14 salas de cinema e exibi\u00e7\u00e3o em drive-in no estacionamento. O contrato entre a Arena BSB, cons\u00f3rcio respons\u00e1vel pela gest\u00e3o do espa\u00e7o, e a companhia mexicana Cin\u00e9polis foi assinado na manh\u00e3 desta ter\u00e7a-feira (27\/8). O investimento total ser\u00e1 de R$ 46 milh\u00f5es e ser\u00e3o gerados 200 empregos diretos.<\/p>\n<div class=\"entry-content mgt-xlarge\" style=\"box-sizing: border-box; color: #37474f; font-family: 'Lato Sans', sans-serif; font-size: 17px; margin-top: 20px !important;\">\n<p style=\"box-sizing: border-box; margin: 0px 0px 10px; font-family: Lato, sans-serif;\">As salas ser\u00e3o instaladas no boulevard do Est\u00e1dio, que tem previs\u00e3o de come\u00e7ar a ser constru\u00eddo em 2020. A estimativa \u00e9 que o espa\u00e7o esteja em funcionamento em 2021.<\/p>\n<p style=\"box-sizing: border-box; margin: 0px 0px 10px; font-family: Lato, sans-serif;\">\u201cQueremos trazer o que h\u00e1 de melhor no mundo em lazer para Bras\u00edlia. Destaco que vamos ter um drive-in no estacionamento ao lado. Ser\u00e1 um drive-in, moderno, do s\u00e9culo XXI, para manter a hist\u00f3ria de Bras\u00edlia mas trazer a modernidade para a capital\u201d, destacou o representante do cons\u00f3rcio, Richard Dubois.<\/p>\n<p style=\"box-sizing: border-box; margin: 0px 0px 10px; font-family: Lato, sans-serif;\">As conversas pr\u00e9vias com a Cin\u00e9polis, a maior operadora de cinema da Am\u00e9rica Latina, come\u00e7aram antes mesmo de o contrato de gest\u00e3o do Est\u00e1dio ser assinado.<\/p>\n<p style=\"box-sizing: border-box; margin: 0px 0px 10px; font-family: Lato, sans-serif;\">\u00a0<\/p>\n<p style=\"box-sizing: border-box; margin: 0px 0px 10px; font-family: Lato, sans-serif;\">\u201cBuscamos um lugar em Bras\u00edlia h\u00e1 8 anos. Olhamos toda as possibilidades e n\u00e3o fomos bem sucedidos. H\u00e1 3 anos, fomos procurados pelo cons\u00f3rcio. Era uma proposta ousada e que saiu mais r\u00e1pido do que acredit\u00e1vamos\u201d, disse o presidente da Cin\u00e9polis Brasil, Luiz Gonzaga de Luca.<\/p>\n<p style=\"box-sizing: border-box; margin: 0px 0px 10px; font-family: Lato, sans-serif;\">Inicialmente, a previs\u00e3o \u00e9 de que o complexo receba 14 salas, mas o n\u00famero pode chegar a 20. As salas devem oferecer diferentes experi\u00eancias, segundo o representante da companhia, como telas de grande dimens\u00e3o, espa\u00e7o infantil e VIP.<\/p>\n<p style=\"box-sizing: border-box; margin: 0px 0px 10px; font-family: Lato, sans-serif;\">\u201cIsso s\u00f3 enriquece Bras\u00edlia. Aqui \u00e9 o centro. Uma empresa desta pujan\u00e7a deveria estar aqui h\u00e1 muitos anos. O governo busca uma Bras\u00edlia grande com empregos, lazer, entretenimento e qualidade em busca do bem-estar da popula\u00e7\u00e3o\u201d, frisou o vice-governador do DF, Paco Britto.<\/p>\n<\/div>\n","protected":false},"excerpt":{"rendered":"<p>Ve\u00edculo: Correio Braziliense<\/p>\n<p>Data: 27\/08\/2019<\/p>\n","protected":false},"author":3,"featured_media":0,"comment_status":"open","ping_status":"open","sticky":false,"template":"","format":"standard","meta":{"_monsterinsights_skip_tracking":false,"_monsterinsights_sitenote_active":false,"_monsterinsights_sitenote_note":"","_monsterinsights_sitenote_category":0,"footnotes":""},"categories":[42],"tags":[],"class_list":["post-342","post","type-post","status-publish","format-standard","hentry","category-clipping"],"_links":{"self":[{"href":"https:\/\/cidadecult.com.br\/index.php?rest_route=\/wp\/v2\/posts\/342","targetHints":{"allow":["GET"]}}],"collection":[{"href":"https:\/\/cidadecult.com.br\/index.php?rest_route=\/wp\/v2\/posts"}],"about":[{"href":"https:\/\/cidadecult.com.br\/index.php?rest_route=\/wp\/v2\/types\/post"}],"author":[{"embeddable":true,"href":"https:\/\/cidadecult.com.br\/index.php?rest_route=\/wp\/v2\/users\/3"}],"replies":[{"embeddable":true,"href":"https:\/\/cidadecult.com.br\/index.php?rest_route=%2Fwp%2Fv2%2Fcomments&post=342"}],"version-history":[{"count":0,"href":"https:\/\/cidadecult.com.br\/index.php?rest_route=\/wp\/v2\/posts\/342\/revisions"}],"wp:attachment":[{"href":"https:\/\/cidadecult.com.br\/index.php?rest_route=%2Fwp%2Fv2%2Fmedia&parent=342"}],"wp:term":[{"taxonomy":"category","embeddable":true,"href":"https:\/\/cidadecult.com.br\/index.php?rest_route=%2Fwp%2Fv2%2Fcategories&post=342"},{"taxonomy":"post_tag","embeddable":true,"href":"https:\/\/cidadecult.com.br\/index.php?rest_route=%2Fwp%2Fv2%2Ftags&post=342"}],"curies":[{"name":"wp","href":"https:\/\/api.w.org\/{rel}","templated":true}]}}