{"id":341,"date":"2020-01-27T18:56:01","date_gmt":"2020-01-27T21:56:01","guid":{"rendered":"https:\/\/cidadecult.com.br\/novo\/brasilia-tera-um-dos-maiores-complexos-de-cinema-do-brasil\/"},"modified":"2020-01-27T18:56:01","modified_gmt":"2020-01-27T21:56:01","slug":"brasilia-tera-um-dos-maiores-complexos-de-cinema-do-brasil","status":"publish","type":"post","link":"https:\/\/cidadecult.com.br\/?p=341","title":{"rendered":"Bras\u00edlia ter\u00e1 um dos maiores complexos de cinema do Brasil"},"content":{"rendered":"<header class=\"single__topo \" style=\"box-sizing: border-box; transition: all 0.1s ease 0s; font-family: 'Open Sans', sans-serif; font-size: 16px;\">\n<div class=\"single__topo--titulo\" style=\"box-sizing: border-box; transition: all 0.1s ease 0s;\">Ve\u00edculo: Ag\u00eancia Bras\u00edlia<\/p>\n<p>Data: 27\/08\/2019<\/p>\n<div class=\"single__topo--titulo--sutia\" style=\"box-sizing: border-box; transition: all 0.1s ease 0s;\">\n<p style=\"box-sizing: border-box; transition: all 0.1s ease 0s; margin: 0px 0px 20px; color: #000000;\">Ser\u00e3o 14 salas no Boulevard Comercial do Complexo Multiuso da Arena BSB<\/p>\n<\/div>\n<\/div>\n<div class=\"single__topo--assinatura bold text-uppercase\" style=\"box-sizing: border-box; transition: all 0.1s ease 0s; text-transform: uppercase; font-weight: bold; color: #a7a9ac; padding: 40px 0px 20px; margin: 0px; font-size: 13px;\"><span class=\"author\" style=\"box-sizing: border-box; transition: all 0.1s ease 0s;\">LUC\u00cdOLA BARBOSA, DA AG\u00caNCIA BRAS\u00cdLIA *<\/span><\/div>\n<\/header>\n<div class=\"single__redes clearfix\" style=\"box-sizing: border-box; transition: all 0.1s ease 0s; position: fixed; margin-left: -70px; font-family: 'Open Sans', sans-serif; font-size: 16px; top: 10px;\">\u00a0<\/div>\n<div class=\"single__conteudo noticia\" style=\"box-sizing: border-box; transition: all 0.1s ease 0s; font-size: 18px; line-height: 36px; font-family: 'Open Sans', sans-serif;\">\n<p style=\"box-sizing: border-box; transition: all 0.1s ease 0s; margin: 0px 0px 20px; color: #000000; font-family: Merriweather, serif; text-transform: initial; text-align: justify;\">A mexicana Cin\u00e9polis, maior operadora de cinemas da Am\u00e9rica Latina e a segunda maior do mundo em p\u00fablico, chega a Bras\u00edlia. O an\u00fancio foi oficializado durante assinatura do Memorando de Entendimento para instala\u00e7\u00e3o do Complexo de Cinema no Centro Esportivo de Bras\u00edlia, nesta ter\u00e7a-feira (27), na Tribuna de Honra do Est\u00e1dio Nacional de Bras\u00edlia Man\u00e9 Garrincha, pelos representantes da Cin\u00e9polis, da Arena BSB e do Governo do Distrito Federal.<\/p>\n<p style=\"box-sizing: border-box; transition: all 0.1s ease 0s; margin: 0px 0px 20px; color: #000000; font-family: Merriweather, serif; text-transform: initial; text-align: justify;\">A Arena BSB \u00e9 respons\u00e1vel pelo Boulevard Comercial do Complexo Multiuso, que inclui o Est\u00e1dio Man\u00e9 Garrincha, o Gin\u00e1sio Nilson Nelson e o Complexo Aqu\u00e1tico.<\/p>\n<figure id=\"attachment_162565\" class=\"wp-caption aligncenter\" style=\"box-sizing: border-box; transition: all 0.1s ease 0s; margin: 0px auto 20px; max-width: 100%; width: 1024px;\"><img loading=\"lazy\" decoding=\"async\" class=\"wp-image-162565 size-large\" style=\"box-sizing: border-box; transition: all 0.1s ease 0s; border: 0px; vertical-align: middle; max-width: 100%; height: auto;\" src=\"http:\/\/www.agenciabrasilia.df.gov.br\/wp-conteudo\/uploads\/2019\/08\/IMG_0366-1024x664.jpg\" sizes=\"auto, (max-width: 1024px) 100vw, 1024px\" srcset=\"https:\/\/www.agenciabrasilia.df.gov.br\/wp-conteudo\/uploads\/2019\/08\/IMG_0366-1024x664.jpg 1024w, https:\/\/www.agenciabrasilia.df.gov.br\/wp-conteudo\/uploads\/2019\/08\/IMG_0366-300x194.jpg 300w, https:\/\/www.agenciabrasilia.df.gov.br\/wp-conteudo\/uploads\/2019\/08\/IMG_0366-768x498.jpg 768w, https:\/\/www.agenciabrasilia.df.gov.br\/wp-conteudo\/uploads\/2019\/08\/IMG_0366-153x99.jpg 153w, https:\/\/www.agenciabrasilia.df.gov.br\/wp-conteudo\/uploads\/2019\/08\/IMG_0366-160x104.jpg 160w, https:\/\/www.agenciabrasilia.df.gov.br\/wp-conteudo\/uploads\/2019\/08\/IMG_0366-256x166.jpg 256w, https:\/\/www.agenciabrasilia.df.gov.br\/wp-conteudo\/uploads\/2019\/08\/IMG_0366-1200x778.jpg 1200w\" alt=\"\" width=\"1024\" height=\"664\" \/><figcaption id=\"caption-attachment-162565\" class=\"wp-caption-text\" style=\"box-sizing: border-box; transition: all 0.1s ease 0s; color: #696969; font-size: 13px; line-height: 20px; margin-top: 5px;\">Durante o evento, o vice-governador Paco Britto destacou que a chegada da Cin\u00e9polis a Bras\u00edlia representa um ganho para a cidade | Fotos: Vin\u00edcius de Melo\/Ag\u00eancia Bras\u00edlia<\/figcaption><\/figure>\n<p style=\"box-sizing: border-box; transition: all 0.1s ease 0s; margin: 0px 0px 20px; color: #000000; font-family: Merriweather, serif; text-transform: initial; text-align: justify;\">Presente \u00e0 cerim\u00f4nia de apresenta\u00e7\u00e3o do projeto para constru\u00e7\u00e3o do mais novo complexo, o vice-governador do Distrito Federal Paco Britto, representando o governador Ibaneis Rocha, ressaltou que as empresas envolvidas podem contar com a seguran\u00e7a jur\u00eddica para a realiza\u00e7\u00e3o do empreendimento. \u201cO governador Ibaneis Rocha tem grande satisfa\u00e7\u00e3o em receber a Cin\u00e9polis. Isso s\u00f3 engrandece Bras\u00edlia\u201d, afirmou Paco Britto, referindo-se \u00e0 gera\u00e7\u00e3o de empregos e entretenimento aos brasilienses.<\/p>\n<p style=\"box-sizing: border-box; transition: all 0.1s ease 0s; margin: 0px 0px 20px; color: #000000; font-family: Merriweather, serif; text-transform: initial; text-align: justify;\">A rede de cinemas Cin\u00e9polis vai trazer para a capital um investimento de cerca de R$ 46 milh\u00f5es. O projeto contempla a implementa\u00e7\u00e3o de um complexo com 14 salas de cinemas em diferentes formatos e com tecnologia de ponta. Ser\u00e1 o maior cinema da cidade e do Centro-Oeste e um dos maiores constru\u00eddos no Brasil. Al\u00e9m disso, vai gerar 200 empregos diretos e dezenas de outros empregos na sua constru\u00e7\u00e3o.<\/p>\n<p style=\"box-sizing: border-box; transition: all 0.1s ease 0s; margin: 0px 0px 20px; color: #000000; font-family: Merriweather, serif; text-transform: initial; text-align: justify;\">\u201cBras\u00edlia est\u00e1 pronta para receber uma iniciativa como essa. A assinatura de hoje demonstra que essa nova Bras\u00edlia acolhe novos investimentos. Estamos trabalhando muito para trazer o que h\u00e1 de melhor para a nossa cidade\u201d, comentou a secret\u00e1ria de Turismo, Vanessa Mendon\u00e7a.<\/p>\n<p style=\"box-sizing: border-box; transition: all 0.1s ease 0s; margin: 0px 0px 20px; color: #000000; font-family: Merriweather, serif; text-transform: initial; text-align: justify;\"><span style=\"box-sizing: border-box; transition: all 0.1s ease 0s; font-weight: bold;\">Obras<\/span><br style=\"box-sizing: border-box; transition: all 0.1s ease 0s;\" \/>As obras do empreendimento est\u00e3o previstas para come\u00e7ar no ano que vem. O n\u00famero de salas no complexo pode chegar at\u00e9 20 e fornecer\u00e3o diferentes tipos de experi\u00eancias, como cinema com espa\u00e7o kids, salas vip e um drive-in (filme assistido de dentro do ve\u00edculo). \u201cN\u00f3s n\u00e3o vendemos um espa\u00e7o para assistir filmes, n\u00f3s vendemos experi\u00eancias\u201d, pontuou o presidente da Cin\u00e9polis Brasil, Luiz Gonzaga de Luca.<\/p>\n<p style=\"box-sizing: border-box; transition: all 0.1s ease 0s; margin: 0px 0px 20px; color: #000000; font-family: Merriweather, serif; text-transform: initial; text-align: justify;\">\u201cVamos colocar nosso cliente no centro e trazer o que tem de melhor no Brasil e no mundo para Bras\u00edlia\u201d, disse o presidente da Arena BSB, Richard Dubois. O embaixador do M\u00e9xico, Jos\u00e9 Ign\u00e1cio Pi\u00f1a Rojas , enfatizou que o Brasil \u00e9 o principal s\u00f3cio comercial de seu pa\u00eds. \u201cA rede Cin\u00e9polis \u00e9 um grupo que est\u00e1 contribuindo para o desenvolvimento econ\u00f4mico e social dos nossos pa\u00edses\u201d, falou.<\/p>\n<p style=\"box-sizing: border-box; transition: all 0.1s ease 0s; margin: 0px 0px 20px; color: #000000; font-family: Merriweather, serif; text-transform: initial; text-align: justify;\">Participaram tamb\u00e9m do evento o secret\u00e1rio de Rela\u00e7\u00f5es Internacionais, embaixador Pedro Luiz Rodrigues, o diretor de expans\u00e3o da Cin\u00e9polis, Adri\u00e3n Aquileira, o diretor de Novos Neg\u00f3cios da Terracap, S\u00e9rgio Nogueira, a diretora da Arena BSB, Juliana de Castro Alves, empres\u00e1rios e imprensa.<\/p>\n<p style=\"box-sizing: border-box; transition: all 0.1s ease 0s; margin: 0px 0px 20px; color: #000000; font-family: Merriweather, serif; text-transform: initial; text-align: justify;\"><span style=\"box-sizing: border-box; transition: all 0.1s ease 0s; font-weight: bold;\">Cin\u00e9polis Brasil<\/span><\/p>\n<p style=\"box-sizing: border-box; transition: all 0.1s ease 0s; margin: 0px 0px 20px; color: #000000; font-family: Merriweather, serif; text-transform: initial; text-align: justify;\">A Cin\u00e9polis \u00e9 a maior operadora de cinemas da Am\u00e9rica Latina e segunda maior do mundo em ingressos vendidos, com um total atual de 722 cinemas, 5.840 salas 100% digitais, em quinze pa\u00edses. Desde sua chegada ao Brasil, em 2010, \u00e9 a rede com maior crescimento no mercado. Atualmente, opera 57 cinemas em todo o pa\u00eds, com 422 salas.<\/p>\n<p style=\"box-sizing: border-box; transition: all 0.1s ease 0s; margin: 0px 0px 20px; color: #000000; font-family: Merriweather, serif; text-transform: initial; text-align: justify;\"><em style=\"box-sizing: border-box; transition: all 0.1s ease 0s;\">* Com informa\u00e7\u00f5es da Secretaria de Turismo<\/em><span class=\"h3 text-uppercase\" style=\"box-sizing: border-box; transition: all 0.1s ease 0s; font-family: inherit; line-height: 1.1; color: inherit; margin: 20px 0px; font-size: 28px; text-transform: uppercase; display: block;\"><br \/><\/span><\/p>\n<p style=\"box-sizing: border-box; transition: all 0.1s ease 0s; margin: 0px 0px 20px; color: #000000; font-family: Merriweather, serif; text-transform: initial;\">\u00a0<\/p>\n<p style=\"box-sizing: border-box; transition: all 0.1s ease 0s; margin: 0px 0px 20px; color: #000000; font-family: Merriweather, serif; text-transform: initial;\">\u00a0<\/p>\n<\/div>\n","protected":false},"excerpt":{"rendered":"<header class=\"single__topo \" style=\"box-sizing: border-box; transition: all 0.1s ease 0s; font-family: 'Open Sans', sans-serif; font-size: 16px;\">\n<div class=\"single__topo--titulo\" style=\"box-sizing: border-box; transition: all 0.1s ease 0s;\">Ve\u00edculo: Ag\u00eancia Bras\u00edlia<\/p>\n<p>Data: 27\/08\/2019<\/p>\n","protected":false},"author":3,"featured_media":0,"comment_status":"open","ping_status":"open","sticky":false,"template":"","format":"standard","meta":{"_monsterinsights_skip_tracking":false,"_monsterinsights_sitenote_active":false,"_monsterinsights_sitenote_note":"","_monsterinsights_sitenote_category":0,"footnotes":""},"categories":[42],"tags":[],"class_list":["post-341","post","type-post","status-publish","format-standard","hentry","category-clipping"],"_links":{"self":[{"href":"https:\/\/cidadecult.com.br\/index.php?rest_route=\/wp\/v2\/posts\/341","targetHints":{"allow":["GET"]}}],"collection":[{"href":"https:\/\/cidadecult.com.br\/index.php?rest_route=\/wp\/v2\/posts"}],"about":[{"href":"https:\/\/cidadecult.com.br\/index.php?rest_route=\/wp\/v2\/types\/post"}],"author":[{"embeddable":true,"href":"https:\/\/cidadecult.com.br\/index.php?rest_route=\/wp\/v2\/users\/3"}],"replies":[{"embeddable":true,"href":"https:\/\/cidadecult.com.br\/index.php?rest_route=%2Fwp%2Fv2%2Fcomments&post=341"}],"version-history":[{"count":0,"href":"https:\/\/cidadecult.com.br\/index.php?rest_route=\/wp\/v2\/posts\/341\/revisions"}],"wp:attachment":[{"href":"https:\/\/cidadecult.com.br\/index.php?rest_route=%2Fwp%2Fv2%2Fmedia&parent=341"}],"wp:term":[{"taxonomy":"category","embeddable":true,"href":"https:\/\/cidadecult.com.br\/index.php?rest_route=%2Fwp%2Fv2%2Fcategories&post=341"},{"taxonomy":"post_tag","embeddable":true,"href":"https:\/\/cidadecult.com.br\/index.php?rest_route=%2Fwp%2Fv2%2Ftags&post=341"}],"curies":[{"name":"wp","href":"https:\/\/api.w.org\/{rel}","templated":true}]}}