{"id":340,"date":"2020-01-27T18:54:19","date_gmt":"2020-01-27T21:54:19","guid":{"rendered":"https:\/\/cidadecult.com.br\/novo\/gdf-anuncia-ganhador-da-licitacao-do-arenaplex\/"},"modified":"2020-01-27T18:54:19","modified_gmt":"2020-01-27T21:54:19","slug":"gdf-anuncia-ganhador-da-licitacao-do-arenaplex","status":"publish","type":"post","link":"https:\/\/cidadecult.com.br\/?p=340","title":{"rendered":"GDF anuncia ganhador da licita\u00e7\u00e3o do ArenaPlex"},"content":{"rendered":"<header class=\"single__topo \" style=\"box-sizing: border-box; transition: all 0.1s ease 0s; font-family: 'Open Sans', sans-serif; font-size: 16px;\">\n<div class=\"single__topo--titulo\" style=\"box-sizing: border-box; transition: all 0.1s ease 0s;\">Ve\u00edculo: Ag\u00eancia Bras\u00edlia<br \/>Data: 06\/06\/2019<\/p>\n<div class=\"single__topo--titulo--sutia\" style=\"box-sizing: border-box; transition: all 0.1s ease 0s;\">\n<p style=\"box-sizing: border-box; transition: all 0.1s ease 0s; margin: 0px 0px 20px; color: #000000;\">Empresa vai gerenciar Est\u00e1dio Man\u00e9 Garrincha, Complexo Aqu\u00e1tico Cl\u00e1udio Coutinho e Gin\u00e1sio Nilson Nelson por 35 anos. Outorga anual ficou em R$ 5,05 milh\u00f5es<\/p>\n<\/div>\n<\/div>\n<div class=\"single__topo--assinatura bold text-uppercase\" style=\"box-sizing: border-box; transition: all 0.1s ease 0s; text-transform: uppercase; font-weight: bold; color: #a7a9ac; padding: 40px 0px 20px; margin: 0px; font-size: 13px;\"><span class=\"author\" style=\"box-sizing: border-box; transition: all 0.1s ease 0s;\">RENATA MOURA, DA AG\u00caNCIA BRAS\u00cdLIA<\/span><\/div>\n<\/header>\n<div class=\"single__redes clearfix\" style=\"box-sizing: border-box; transition: all 0.1s ease 0s; position: fixed; margin-left: -70px; font-family: 'Open Sans', sans-serif; font-size: 16px; top: 10px;\">\u00a0<\/div>\n<div class=\"single__conteudo noticia\" style=\"box-sizing: border-box; transition: all 0.1s ease 0s; font-size: 18px; line-height: 36px; font-family: 'Open Sans', sans-serif;\">\n<figure id=\"attachment_151470\" class=\"wp-caption alignright\" style=\"box-sizing: border-box; transition: all 0.1s ease 0s; margin: 0px -182.5px 10px 20px; float: right; max-width: 100%; width: 561px;\"><img loading=\"lazy\" decoding=\"async\" class=\"wp-image-151470 \" style=\"box-sizing: border-box; transition: all 0.1s ease 0s; border: 0px; vertical-align: middle; max-width: 100%; height: auto;\" src=\"http:\/\/www.agenciabrasilia.df.gov.br\/wp-conteudo\/uploads\/2019\/06\/RFA_0051.jpg\" sizes=\"auto, (max-width: 561px) 100vw, 561px\" srcset=\"https:\/\/www.agenciabrasilia.df.gov.br\/wp-conteudo\/uploads\/2019\/06\/RFA_0051.jpg 3731w, https:\/\/www.agenciabrasilia.df.gov.br\/wp-conteudo\/uploads\/2019\/06\/RFA_0051-300x200.jpg 300w, https:\/\/www.agenciabrasilia.df.gov.br\/wp-conteudo\/uploads\/2019\/06\/RFA_0051-768x512.jpg 768w, https:\/\/www.agenciabrasilia.df.gov.br\/wp-conteudo\/uploads\/2019\/06\/RFA_0051-1024x683.jpg 1024w, https:\/\/www.agenciabrasilia.df.gov.br\/wp-conteudo\/uploads\/2019\/06\/RFA_0051-640x427.jpg 640w, https:\/\/www.agenciabrasilia.df.gov.br\/wp-conteudo\/uploads\/2019\/06\/RFA_0051-149x99.jpg 149w, https:\/\/www.agenciabrasilia.df.gov.br\/wp-conteudo\/uploads\/2019\/06\/RFA_0051-160x107.jpg 160w, https:\/\/www.agenciabrasilia.df.gov.br\/wp-conteudo\/uploads\/2019\/06\/RFA_0051-256x171.jpg 256w, https:\/\/www.agenciabrasilia.df.gov.br\/wp-conteudo\/uploads\/2019\/06\/RFA_0051-1200x800.jpg 1200w\" alt=\"\" width=\"561\" height=\"374\" \/><figcaption id=\"caption-attachment-151470\" class=\"wp-caption-text\" style=\"box-sizing: border-box; transition: all 0.1s ease 0s; color: #696969; font-size: 13px; line-height: 20px; margin-top: 5px;\">Fotos: Renato Alves\/Ag\u00eancia Bras\u00edlia<\/figcaption><\/figure>\n<p style=\"box-sizing: border-box; transition: all 0.1s ease 0s; margin: 0px 0px 20px; color: #000000; font-family: Merriweather, serif; text-transform: initial; text-align: justify;\">O Governo do Distrito Federal anunciou, nesta quinta-feira (6), o cons\u00f3rcio BSB Boulevard Show de Bola como o novo administrador do ArenaPlex, conjunto de instala\u00e7\u00f5es esportivas formado pelo Est\u00e1dio Man\u00e9 Garrincha, o Gin\u00e1sio Nilson Nelson e o Complexo Aqu\u00e1tico Cl\u00e1udio Coutinho. Pela concess\u00e3o de 35 anos, o governo vai recolher anualmente R$ 5,05 milh\u00f5es mais um percentual, estipulado em 5%, do faturamento geral de todo o complexo.<\/p>\n<p style=\"box-sizing: border-box; transition: all 0.1s ease 0s; margin: 0px 0px 20px; color: #000000; font-family: Merriweather, serif; text-transform: initial; text-align: justify;\">\u201cA cultura de neg\u00f3cios privados n\u00e3o existia no DF, mas precisamos dar uma virada nessa p\u00e1gina para gerar empregos e renda para Bras\u00edlia\u201d, afirmou o governador Ibaneis Rocha. Ele fez quest\u00e3o de comparecer \u00e0 abertura do envelope de proposta comercial para outorga dos servi\u00e7os.<\/p>\n<p style=\"box-sizing: border-box; transition: all 0.1s ease 0s; margin: 0px 0px 20px; color: #000000; font-family: Merriweather, serif; text-transform: initial; text-align: justify;\">A expectativa \u00e9 que o governo passe a economizar cerca de R$ 370 milh\u00f5es em investimentos, al\u00e9m de arrecadar mais R$ 700 milh\u00f5es em impostos diretos e indiretos. De acordo com a proposta, o Cons\u00f3rcio far\u00e1 reformas pontuais e revitaliza\u00e7\u00e3o, incluindo paisagismo e adequa\u00e7\u00f5es em todo o equipamento e na \u00e1rea de estacionamento.<\/p>\n<p style=\"box-sizing: border-box; transition: all 0.1s ease 0s; margin: 0px 0px 20px; color: #000000; font-family: Merriweather, serif; text-transform: initial; text-align: justify;\">\u201cEsses equipamentos p\u00fablicos geridos pelo Estado s\u00e3o muito dispendiosos\u201d, lembrou o chefe do Executivo. Segundo a Terracap, em um ano, s\u00f3 para trocar o gramado do Man\u00e9 Garrincha, foram gastos mais de R$ 750 mil. \u201cTodo mundo sabe que o governo n\u00e3o tem condi\u00e7\u00f5es de investimento. Se n\u00e3o temos, devemos convidar o privado para investir e dar retorno para a cidade\u201d, avaliou Ibaneis.<\/p>\n<p style=\"box-sizing: border-box; transition: all 0.1s ease 0s; margin: 0px 0px 20px; color: #000000; font-family: Merriweather, serif; text-transform: initial; text-align: justify;\"><span style=\"box-sizing: border-box; transition: all 0.1s ease 0s; font-weight: bold;\">Emprego e renda<br style=\"box-sizing: border-box; transition: all 0.1s ease 0s;\" \/><\/span>Representante do cons\u00f3rcio vitorioso, Richard Dubois afirmou que o plano de neg\u00f3cios para o complexo \u00e9 audacioso. \u201cEm 5 ou 6 anos, queremos estar no patamar completo de opera\u00e7\u00e3o\u201d, disse. O grupo, de acordo com ele, vai investir R$ 700 milh\u00f5es na revitaliza\u00e7\u00e3o dos espa\u00e7os. \u201cAqui faremos opera\u00e7\u00f5es com servi\u00e7os de primeiro mundo. Nossa ideia \u00e9 realizar pelo menos cinco grandes eventos internacionais e dez nacionais por ano\u201d, garantiu.<\/p>\n<p style=\"box-sizing: border-box; transition: all 0.1s ease 0s; margin: 0px 0px 20px; color: #000000; font-family: Merriweather, serif; text-transform: initial; text-align: justify;\">O cons\u00f3rcio Show de Bola tem experi\u00eancia para conquistar as metas propostas. O grupo atualmente administra 18 arenas na Europa, entre elas as de Amsterd\u00e3, Paris e Moscou. De acordo com o edital, ap\u00f3s a assinatura do contrato de concess\u00e3o, o governo deve acompanhar a opera\u00e7\u00e3o do complexo por 180 dias. \u201cNesse per\u00edodo, vamos conhecendo melhor e, acima de tudo, melhorando a opera\u00e7\u00e3o dos eventos\u201d, previu Richard.<\/p>\n<p style=\"box-sizing: border-box; transition: all 0.1s ease 0s; margin: 0px 0px 20px; color: #000000; font-family: Merriweather, serif; text-transform: initial; text-align: justify;\">Ele explica que, al\u00e9m dos R$ 5 milh\u00f5es de outorga anual, o GDF tamb\u00e9m vai receber 5% de todo o faturamento do complexo. \u201cEstamos esperando ter um faturamento da concession\u00e1ria na ordem de R$ 100 milh\u00f5es a R$ 120 milh\u00f5es por ano, uma vez estabilizado o neg\u00f3cio\u201d, avaliou.<\/p>\n<p style=\"box-sizing: border-box; transition: all 0.1s ease 0s; margin: 0px 0px 20px; color: #000000; font-family: Merriweather, serif; text-transform: initial;\">\u00a0<\/p>\n<section class=\"single__conteudo--galeria-de-fotos margin40\" style=\"box-sizing: border-box; transition: all 0.1s ease 0s; margin: 40px 0px; font-size: 24px; color: #387abc; font-family: 'titillium web';\"><\/section>\n<div class=\"single__conteudo--tags text-uppercase\" style=\"box-sizing: border-box; transition: all 0.1s ease 0s; text-transform: uppercase; border-bottom: 1px solid #c1c2c4; border-top: 1px solid #c1c2c4; padding: 5px 10px; font-size: 13px; margin: 30px 0px;\"><a style=\"box-sizing: border-box; transition: all 0.1s ease 0s; background: #387abc; color: #ffffff; padding: 0px 5px; margin: 5px; display: inline-block;\" href=\"https:\/\/www.agenciabrasilia.df.gov.br\/topicos\/arenaplex\/\" target=\"_blank\" rel=\"tag noopener noreferrer\">ARENAPLEX<\/a>\u00a0<a style=\"box-sizing: border-box; transition: all 0.1s ease 0s; background: #387abc; color: #ffffff; padding: 0px 5px; margin: 5px; display: inline-block;\" href=\"https:\/\/www.agenciabrasilia.df.gov.br\/topicos\/complexo-aquatico-claudio-coutinho\/\" target=\"_blank\" rel=\"tag noopener noreferrer\">COMPLEXO AQU\u00c1TICO CLAUDIO COUTINHO<\/a>\u00a0<a style=\"box-sizing: border-box; transition: all 0.1s ease 0s; background: #387abc; color: #ffffff; padding: 0px 5px; margin: 5px; display: inline-block;\" href=\"https:\/\/www.agenciabrasilia.df.gov.br\/topicos\/estadio-mane-garrincha\/\" target=\"_blank\" rel=\"tag noopener noreferrer\">EST\u00c1DIO MAN\u00c9 GARRINCHA<\/a>\u00a0<a style=\"box-sizing: border-box; transition: all 0.1s ease 0s; background: #387abc; color: #ffffff; padding: 0px 5px; margin: 5px; display: inline-block;\" href=\"https:\/\/www.agenciabrasilia.df.gov.br\/topicos\/ginasio-nilson-nelson\/\" target=\"_blank\" rel=\"tag noopener noreferrer\">GIN\u00c1SIO NILSON NELSON<\/a>\u00a0<a style=\"box-sizing: border-box; transition: all 0.1s ease 0s; background: #387abc; color: #ffffff; padding: 0px 5px; margin: 5px; display: inline-block;\" href=\"https:\/\/www.agenciabrasilia.df.gov.br\/topicos\/governador-ibaneis-rocha\/\" target=\"_blank\" rel=\"tag noopener noreferrer\">GOVERNADOR IBANEIS ROCHA<\/a><\/div>\n<\/div>\n","protected":false},"excerpt":{"rendered":"<header class=\"single__topo \" style=\"box-sizing: border-box; transition: all 0.1s ease 0s; font-family: 'Open Sans', sans-serif; font-size: 16px;\">\n<div class=\"single__topo--titulo\" style=\"box-sizing: border-box; transition: all 0.1s ease 0s;\">Ve\u00edculo: Ag\u00eancia Bras\u00edlia<br \/>Data: 06\/06\/2019<\/p>\n","protected":false},"author":3,"featured_media":0,"comment_status":"open","ping_status":"open","sticky":false,"template":"","format":"standard","meta":{"_monsterinsights_skip_tracking":false,"_monsterinsights_sitenote_active":false,"_monsterinsights_sitenote_note":"","_monsterinsights_sitenote_category":0,"footnotes":""},"categories":[42],"tags":[],"class_list":["post-340","post","type-post","status-publish","format-standard","hentry","category-clipping"],"_links":{"self":[{"href":"https:\/\/cidadecult.com.br\/index.php?rest_route=\/wp\/v2\/posts\/340","targetHints":{"allow":["GET"]}}],"collection":[{"href":"https:\/\/cidadecult.com.br\/index.php?rest_route=\/wp\/v2\/posts"}],"about":[{"href":"https:\/\/cidadecult.com.br\/index.php?rest_route=\/wp\/v2\/types\/post"}],"author":[{"embeddable":true,"href":"https:\/\/cidadecult.com.br\/index.php?rest_route=\/wp\/v2\/users\/3"}],"replies":[{"embeddable":true,"href":"https:\/\/cidadecult.com.br\/index.php?rest_route=%2Fwp%2Fv2%2Fcomments&post=340"}],"version-history":[{"count":0,"href":"https:\/\/cidadecult.com.br\/index.php?rest_route=\/wp\/v2\/posts\/340\/revisions"}],"wp:attachment":[{"href":"https:\/\/cidadecult.com.br\/index.php?rest_route=%2Fwp%2Fv2%2Fmedia&parent=340"}],"wp:term":[{"taxonomy":"category","embeddable":true,"href":"https:\/\/cidadecult.com.br\/index.php?rest_route=%2Fwp%2Fv2%2Fcategories&post=340"},{"taxonomy":"post_tag","embeddable":true,"href":"https:\/\/cidadecult.com.br\/index.php?rest_route=%2Fwp%2Fv2%2Ftags&post=340"}],"curies":[{"name":"wp","href":"https:\/\/api.w.org\/{rel}","templated":true}]}}