{"id":339,"date":"2020-01-27T18:48:59","date_gmt":"2020-01-27T21:48:59","guid":{"rendered":"https:\/\/cidadecult.com.br\/novo\/estadio-mane-garrincha-em-brasilia-passa-a-ser-administrado-por-consorcio-privado\/"},"modified":"2020-01-27T18:48:59","modified_gmt":"2020-01-27T21:48:59","slug":"estadio-mane-garrincha-em-brasilia-passa-a-ser-administrado-por-consorcio-privado","status":"publish","type":"post","link":"https:\/\/cidadecult.com.br\/?p=339","title":{"rendered":"Est\u00e1dio Man\u00e9 Garrincha, em Bras\u00edlia, passa a ser administrado por cons\u00f3rcio privado"},"content":{"rendered":"<div class=\"row content-head non-featured \" style=\"box-sizing: inherit; margin: 64px auto 0px; padding: 0px; border: 0px; font-variant-numeric: inherit; font-variant-east-asian: inherit; font-stretch: inherit; font-size: 18px; line-height: inherit; font-family: opensanstitle, helvetica, arial, sans-serif; vertical-align: baseline; max-width: 85rem; width: 55.5rem;\">\n<div class=\"title\" style=\"box-sizing: inherit; margin: 0px; padding: 0px; border: 0px; font: inherit; vertical-align: baseline;\">Ve\u00edculo: G1<\/p>\n<p>Data:06\/06\/2019<\/p>\n<\/div>\n<div class=\"medium-centered subtitle\" style=\"box-sizing: inherit; margin: 1.5rem auto 0px; padding: 0px; border: 0px; font: inherit; vertical-align: baseline; float: none;\">\n<h2 class=\"content-head__subtitle\" style=\"box-sizing: inherit; margin: 0px; padding: 0px 1.5rem 0px 0px; border: 0px; font-style: inherit; font-variant: inherit; font-weight: inherit; font-stretch: inherit; font-size: 1.25rem; line-height: 1.75rem; font-family: inherit; vertical-align: baseline; color: #555555; letter-spacing: -0.03125rem;\">BSB Boulevard Show de Bola venceu licita\u00e7\u00e3o e deve repassar R$ 5 milh\u00f5es por ano ao GDF. Contrato tem dura\u00e7\u00e3o de 35 anos.<\/h2>\n<\/div>\n<\/div>\n<div class=\"content__signa-share\" style=\"box-sizing: inherit; margin: 0px auto; padding: 0px; border: 0px; font-variant-numeric: inherit; font-variant-east-asian: inherit; font-stretch: inherit; font-size: 18px; line-height: inherit; font-family: opensans, helvetica, arial, sans-serif; vertical-align: baseline; width: 55.5rem; display: flex; justify-content: space-between;\">\n<div class=\"content__signature\" style=\"box-sizing: inherit; margin: 2.5rem 2.5rem 2.5rem 0px; padding: 0px; border: 0px; font: inherit; vertical-align: baseline; display: flex;\">\n<div class=\"content-publication-data\" style=\"box-sizing: inherit; margin: 0px; padding: 0px; border: 0px; font: inherit; vertical-align: baseline; display: flex; align-items: center;\">\n<div class=\"content-publication-data__text\" style=\"box-sizing: inherit; margin: 0px; padding: 0px; border: 0px; font: inherit; vertical-align: baseline;\">\n<p class=\"content-publication-data__from\" style=\"box-sizing: inherit; margin: 0px 0px 8px; padding: 0px; border: 0px; font-style: inherit; font-variant: inherit; font-weight: bold; font-stretch: inherit; font-size: 1rem; line-height: 1.25rem; font-family: inherit; vertical-align: baseline; color: #555555; letter-spacing: -0.01875rem;\" title=\"Pedro Alves, G1 DF\">Por Pedro Alves, G1 DF<\/p>\n<p class=\"content-publication-data__updated\" style=\"box-sizing: inherit; margin: 0px; padding: 0px; border: 0px; font-style: inherit; font-variant: inherit; font-weight: inherit; font-stretch: inherit; font-size: 0.75rem; line-height: 1rem; font-family: inherit; vertical-align: baseline; color: #555555;\"><time style=\"box-sizing: inherit; margin: 0px; padding: 0px; border: 0px; font: inherit; vertical-align: baseline;\" datetime=\"2019-06-06T16:02:27.777Z\">06\/06\/2019 13h02\u00a0<\/time><span class=\"content-publication-data__updated-relative\" style=\"box-sizing: inherit; margin: 0px; padding: 0px; border: 0px; font: inherit; vertical-align: baseline; opacity: 1; transition: opacity 0.2s ease-in-out 0s;\">\u00a0<time style=\"box-sizing: inherit; margin: 0px; padding: 0px; border: 0px; font: inherit; vertical-align: baseline;\" datetime=\"2019-06-06T16:28:01.884Z\">Atualizado\u00a0<time style=\"box-sizing: inherit; margin: 0px; padding: 0px; border: 0px; font: inherit; vertical-align: baseline;\" datetime=\"2019-06-06T16:28:01.884Z\">h\u00e1 7 meses<\/time><\/time><\/span><\/p>\n<\/div>\n<\/div>\n<\/div>\n<div class=\"content__share-bar\" style=\"box-sizing: inherit; margin: 2.5rem -0.8125rem; padding: 0px; border: 0px; font: inherit; vertical-align: baseline; height: 3rem; display: flex; align-items: center;\">\u00a0<\/div>\n<\/div>\n<hr class=\"content__divider \" \/>\n<div class=\"mc-article-body\" style=\"box-sizing: inherit; margin: 0px; padding: 0px; border: 0px; font-variant-numeric: inherit; font-variant-east-asian: inherit; font-stretch: inherit; font-size: 18px; line-height: inherit; font-family: opensans, helvetica, arial, sans-serif; vertical-align: baseline;\">\n<article style=\"box-sizing: inherit; margin: 0px; padding: 0px; border: 0px; font: inherit; vertical-align: baseline;\">\n<div class=\"row medium-uncollapsed content-media content-photo\" style=\"box-sizing: inherit; margin: 2.5rem auto; padding: 0px; border: 0px; font: inherit; vertical-align: baseline; max-width: 85rem; clear: both;\" data-block-type=\"backstage-photo\" data-block-id=\"0\">\n<div class=\"mc-column content-media__container\" style=\"box-sizing: inherit; margin: 0px auto; padding: 0px 1rem; border: 0px; font: inherit; vertical-align: baseline; max-width: 42.5rem; width: 680px; float: none;\">\n<div class=\"progressive-img can-open-lightbox\" style=\"box-sizing: inherit; margin: 0px; padding: 0px; border: 0px; font: inherit; vertical-align: baseline; background-color: #f6f6f6; background-size: cover; background-repeat: no-repeat; position: relative; overflow: hidden; cursor: pointer;\" data-min-size=\"1008x567\" data-min-size-url=\"https:\/\/s2.glbimg.com\/SsFSDEScqU-i1JAXmhqEXyD9qKo=\/0x0:1920x1080\/1008x0\/smart\/filters:strip_icc()\/i.s3.glbimg.com\/v1\/AUTH_59edd422c0c84a879bd37670ae4f538a\/internal_photos\/bs\/2018\/M\/f\/xqSUCVQ0aBacl2sHr4Rw\/h03-g-globocop-df1-09052018-frame-36569.png\" data-max-size=\"1600x900\" data-max-size-url=\"https:\/\/s2.glbimg.com\/Y_oiijrmWecGsCJWNgi_sDhjirs=\/0x0:1920x1080\/1600x0\/smart\/filters:strip_icc()\/i.s3.glbimg.com\/v1\/AUTH_59edd422c0c84a879bd37670ae4f538a\/internal_photos\/bs\/2018\/M\/f\/xqSUCVQ0aBacl2sHr4Rw\/h03-g-globocop-df1-09052018-frame-36569.png\" data-media-index=\"0\">\n<div class=\"placeholder-container\" style=\"box-sizing: inherit; margin: 0px; padding: 0px 0px 364.5px; border: 0px; font: inherit; vertical-align: baseline; position: relative;\">\u00a0<\/div>\n<p><img decoding=\"async\" class=\"progressive-draft\" style=\"box-sizing: inherit; margin: 0px; padding: 0px; border: 0px; font: inherit; vertical-align: baseline; opacity: 1; width: 648px; transition: opacity 0.3s linear 0s; position: absolute; top: 0px; left: auto; filter: blur(10px); transform: scale(1); max-height: 100%;\" title=\"Imagem a\u00e9rea do est\u00e1dio Man\u00e9 Garrincha e do gin\u00e1sio Nilson Nelson, em Bras\u00edlia \u2014 Foto: TV Globo\/Reprodu\u00e7\u00e3o\" src=\"data:image\/jpeg;base64,\/9j\/4AAQSkZJRgABAQAAAQABAAD\/2wBDAAMCAgMCAgMDAwMEAwMEBQgFBQQEBQoHBwYIDAoMDAsKCwsNDhIQDQ4RDgsLEBYQERMUFRUVDA8XGBYUGBIUFRT\/2wBDAQMEBAUEBQkFBQkUDQsNFBQUFBQUFBQUFBQUFBQUFBQUFBQUFBQUFBQUFBQUFBQUFBQUFBQUFBQUFBQUFBQUFBT\/wgARCAAOABkDASIAAhEBAxEB\/8QAFwABAQEBAAAAAAAAAAAAAAAABAMFBv\/EABYBAQEBAAAAAAAAAAAAAAAAAAIBA\/\/aAAwDAQACEAMQAAAB3yKEIuPK2Wf\/xAAcEAADAQACAwAAAAAAAAAAAAACAwQBAAUTFBX\/2gAIAQEAAQUCRDfqTR26VZbWrPtlzxiZWEYIOnQz0aOf\/8QAGBEAAgMAAAAAAAAAAAAAAAAAAAECERP\/2gAIAQMBAT8ByscUj\/\/EABgRAAIDAAAAAAAAAAAAAAAAAAABAgMT\/9oACAECAQE\/AdBWSZ\/\/xAAnEAACAQIEBAcAAAAAAAAAAAABAgADERITITIEFCKRMTRRUmHB0f\/aAAgBAQAGPwJ6p4gLTX5xHsIlRnTKc7lb6InWoqL7l1mxZmMoxW3DQx+XsjjqOPW49JTFTxqbHQ2Kfs80e0\/\/xAAfEAABAwQDAQAAAAAAAAAAAAABABEhEDFBUWGRobH\/2gAIAQEAAT8hjY0TF1kRJuAZ8BHSc7oIcA+Wosgwsn7woiw5ZtroMOUk7xxPNBf\/2gAMAwEAAgADAAAAENlf\/8QAGBEAAwEBAAAAAAAAAAAAAAAAAAERITH\/2gAIAQMBAT8QjS4Oof\/EABcRAQADAAAAAAAAAAAAAAAAAAEAESH\/2gAIAQIBAT8QWGrcMs2f\/8QAHRABAQACAwADAAAAAAAAAAAAAREAITFB0VHw8f\/aAAgBAQABPxCjSR1Zom7s3OGlwJ+B0os32tzhwWULJyPd82dTPwn3LsE6wBCoXRN4nJDXmCpUd73uaxWqJPNFUQoKb65Xefae5\/\/Z\" alt=\"Imagem a\u00e9rea do est\u00e1dio Man\u00e9 Garrincha e do gin\u00e1sio Nilson Nelson, em Bras\u00edlia \u2014 Foto: TV Globo\/Reprodu\u00e7\u00e3o\" \/><picture style=\"box-sizing: inherit;\"><source style=\"box-sizing: inherit;\" srcset=\"https:\/\/s2.glbimg.com\/xsNCO8j06koTpEsCBd6LUshx3XA=\/0x0:1920x1080\/600x0\/smart\/filters:strip_icc()\/i.s3.glbimg.com\/v1\/AUTH_59edd422c0c84a879bd37670ae4f538a\/internal_photos\/bs\/2018\/M\/f\/xqSUCVQ0aBacl2sHr4Rw\/h03-g-globocop-df1-09052018-frame-36569.png 1x, https:\/\/s2.glbimg.com\/0bqV3P_XrTuD3CYryZeIFw06NnM=\/0x0:1920x1080\/1200x0\/smart\/filters:strip_icc()\/i.s3.glbimg.com\/v1\/AUTH_59edd422c0c84a879bd37670ae4f538a\/internal_photos\/bs\/2018\/M\/f\/xqSUCVQ0aBacl2sHr4Rw\/h03-g-globocop-df1-09052018-frame-36569.png 2x\" media=\"(max-width: 1024px)\" data-src=\"https:\/\/s2.glbimg.com\/xsNCO8j06koTpEsCBd6LUshx3XA=\/0x0:1920x1080\/600x0\/smart\/filters:strip_icc()\/i.s3.glbimg.com\/v1\/AUTH_59edd422c0c84a879bd37670ae4f538a\/internal_photos\/bs\/2018\/M\/f\/xqSUCVQ0aBacl2sHr4Rw\/h03-g-globocop-df1-09052018-frame-36569.png 1x, https:\/\/s2.glbimg.com\/0bqV3P_XrTuD3CYryZeIFw06NnM=\/0x0:1920x1080\/1200x0\/smart\/filters:strip_icc()\/i.s3.glbimg.com\/v1\/AUTH_59edd422c0c84a879bd37670ae4f538a\/internal_photos\/bs\/2018\/M\/f\/xqSUCVQ0aBacl2sHr4Rw\/h03-g-globocop-df1-09052018-frame-36569.png 2x\" \/><source style=\"box-sizing: inherit;\" srcset=\"https:\/\/s2.glbimg.com\/P6bwAKVwQdsIqA9ZD3B4iYiMj3k=\/0x0:1920x1080\/640x0\/smart\/filters:strip_icc()\/i.s3.glbimg.com\/v1\/AUTH_59edd422c0c84a879bd37670ae4f538a\/internal_photos\/bs\/2018\/M\/f\/xqSUCVQ0aBacl2sHr4Rw\/h03-g-globocop-df1-09052018-frame-36569.png 1x, https:\/\/s2.glbimg.com\/si-_fBTz3vammJ4iCMYB5Wor1RQ=\/0x0:1920x1080\/1280x0\/smart\/filters:strip_icc()\/i.s3.glbimg.com\/v1\/AUTH_59edd422c0c84a879bd37670ae4f538a\/internal_photos\/bs\/2018\/M\/f\/xqSUCVQ0aBacl2sHr4Rw\/h03-g-globocop-df1-09052018-frame-36569.png 2x\" media=\"(max-width: 1280px)\" data-src=\"https:\/\/s2.glbimg.com\/P6bwAKVwQdsIqA9ZD3B4iYiMj3k=\/0x0:1920x1080\/640x0\/smart\/filters:strip_icc()\/i.s3.glbimg.com\/v1\/AUTH_59edd422c0c84a879bd37670ae4f538a\/internal_photos\/bs\/2018\/M\/f\/xqSUCVQ0aBacl2sHr4Rw\/h03-g-globocop-df1-09052018-frame-36569.png 1x, https:\/\/s2.glbimg.com\/si-_fBTz3vammJ4iCMYB5Wor1RQ=\/0x0:1920x1080\/1280x0\/smart\/filters:strip_icc()\/i.s3.glbimg.com\/v1\/AUTH_59edd422c0c84a879bd37670ae4f538a\/internal_photos\/bs\/2018\/M\/f\/xqSUCVQ0aBacl2sHr4Rw\/h03-g-globocop-df1-09052018-frame-36569.png 2x\" \/><source style=\"box-sizing: inherit;\" srcset=\"https:\/\/s2.glbimg.com\/VZhVJME7eE6506JUPnOt849u4m0=\/0x0:1920x1080\/984x0\/smart\/filters:strip_icc()\/i.s3.glbimg.com\/v1\/AUTH_59edd422c0c84a879bd37670ae4f538a\/internal_photos\/bs\/2018\/M\/f\/xqSUCVQ0aBacl2sHr4Rw\/h03-g-globocop-df1-09052018-frame-36569.png 1x, https:\/\/s2.glbimg.com\/MByuem-O1487BywoCaFdFAmWOQ0=\/0x0:1920x1080\/1968x0\/smart\/filters:strip_icc()\/i.s3.glbimg.com\/v1\/AUTH_59edd422c0c84a879bd37670ae4f538a\/internal_photos\/bs\/2018\/M\/f\/xqSUCVQ0aBacl2sHr4Rw\/h03-g-globocop-df1-09052018-frame-36569.png 2x\" media=\"(max-width: 1360px)\" data-src=\"https:\/\/s2.glbimg.com\/VZhVJME7eE6506JUPnOt849u4m0=\/0x0:1920x1080\/984x0\/smart\/filters:strip_icc()\/i.s3.glbimg.com\/v1\/AUTH_59edd422c0c84a879bd37670ae4f538a\/internal_photos\/bs\/2018\/M\/f\/xqSUCVQ0aBacl2sHr4Rw\/h03-g-globocop-df1-09052018-frame-36569.png 1x, https:\/\/s2.glbimg.com\/MByuem-O1487BywoCaFdFAmWOQ0=\/0x0:1920x1080\/1968x0\/smart\/filters:strip_icc()\/i.s3.glbimg.com\/v1\/AUTH_59edd422c0c84a879bd37670ae4f538a\/internal_photos\/bs\/2018\/M\/f\/xqSUCVQ0aBacl2sHr4Rw\/h03-g-globocop-df1-09052018-frame-36569.png 2x\" \/><source style=\"box-sizing: inherit;\" srcset=\"https:\/\/s2.glbimg.com\/1Tbta7rDHmzfZkJ2We8iXUG2UOk=\/0x0:1920x1080\/1000x0\/smart\/filters:strip_icc()\/i.s3.glbimg.com\/v1\/AUTH_59edd422c0c84a879bd37670ae4f538a\/internal_photos\/bs\/2018\/M\/f\/xqSUCVQ0aBacl2sHr4Rw\/h03-g-globocop-df1-09052018-frame-36569.png 1x, https:\/\/s2.glbimg.com\/RZKnVfOLIC4hPNxfvvZUPAKilCw=\/0x0:1920x1080\/2000x0\/smart\/filters:strip_icc()\/i.s3.glbimg.com\/v1\/AUTH_59edd422c0c84a879bd37670ae4f538a\/internal_photos\/bs\/2018\/M\/f\/xqSUCVQ0aBacl2sHr4Rw\/h03-g-globocop-df1-09052018-frame-36569.png 2x\" media=\"(min-width: 1361px)\" data-src=\"https:\/\/s2.glbimg.com\/1Tbta7rDHmzfZkJ2We8iXUG2UOk=\/0x0:1920x1080\/1000x0\/smart\/filters:strip_icc()\/i.s3.glbimg.com\/v1\/AUTH_59edd422c0c84a879bd37670ae4f538a\/internal_photos\/bs\/2018\/M\/f\/xqSUCVQ0aBacl2sHr4Rw\/h03-g-globocop-df1-09052018-frame-36569.png 1x, https:\/\/s2.glbimg.com\/RZKnVfOLIC4hPNxfvvZUPAKilCw=\/0x0:1920x1080\/2000x0\/smart\/filters:strip_icc()\/i.s3.glbimg.com\/v1\/AUTH_59edd422c0c84a879bd37670ae4f538a\/internal_photos\/bs\/2018\/M\/f\/xqSUCVQ0aBacl2sHr4Rw\/h03-g-globocop-df1-09052018-frame-36569.png 2x\" \/><source style=\"box-sizing: inherit;\" srcset=\"https:\/\/s2.glbimg.com\/VZhVJME7eE6506JUPnOt849u4m0=\/0x0:1920x1080\/984x0\/smart\/filters:strip_icc()\/i.s3.glbimg.com\/v1\/AUTH_59edd422c0c84a879bd37670ae4f538a\/internal_photos\/bs\/2018\/M\/f\/xqSUCVQ0aBacl2sHr4Rw\/h03-g-globocop-df1-09052018-frame-36569.png\" data-src=\"https:\/\/s2.glbimg.com\/VZhVJME7eE6506JUPnOt849u4m0=\/0x0:1920x1080\/984x0\/smart\/filters:strip_icc()\/i.s3.glbimg.com\/v1\/AUTH_59edd422c0c84a879bd37670ae4f538a\/internal_photos\/bs\/2018\/M\/f\/xqSUCVQ0aBacl2sHr4Rw\/h03-g-globocop-df1-09052018-frame-36569.png\" \/><img decoding=\"async\" class=\"image content-media__image progressive-loaded\" style=\"box-sizing: inherit; margin: 0px; padding: 0px; border: 0px; font: inherit; vertical-align: baseline; width: 648px; display: block; opacity: 1; transition: opacity 0.3s linear 0s; position: absolute; top: 0px; left: 0px;\" title=\"Imagem a\u00e9rea do est\u00e1dio Man\u00e9 Garrincha e do gin\u00e1sio Nilson Nelson, em Bras\u00edlia \u2014 Foto: TV Globo\/Reprodu\u00e7\u00e3o\" src=\"https:\/\/s2.glbimg.com\/VZhVJME7eE6506JUPnOt849u4m0=\/0x0:1920x1080\/984x0\/smart\/filters:strip_icc()\/i.s3.glbimg.com\/v1\/AUTH_59edd422c0c84a879bd37670ae4f538a\/internal_photos\/bs\/2018\/M\/f\/xqSUCVQ0aBacl2sHr4Rw\/h03-g-globocop-df1-09052018-frame-36569.png\" alt=\"Imagem a\u00e9rea do est\u00e1dio Man\u00e9 Garrincha e do gin\u00e1sio Nilson Nelson, em Bras\u00edlia \u2014 Foto: TV Globo\/Reprodu\u00e7\u00e3o\" data-src=\"https:\/\/s2.glbimg.com\/VZhVJME7eE6506JUPnOt849u4m0=\/0x0:1920x1080\/984x0\/smart\/filters:strip_icc()\/i.s3.glbimg.com\/v1\/AUTH_59edd422c0c84a879bd37670ae4f538a\/internal_photos\/bs\/2018\/M\/f\/xqSUCVQ0aBacl2sHr4Rw\/h03-g-globocop-df1-09052018-frame-36569.png\" \/><\/picture><\/div>\n<p class=\"content-media__description \" style=\"box-sizing: inherit; margin: 1rem 0px 0px; padding: 0px; border: 0px; font-style: inherit; font-variant: inherit; font-weight: inherit; font-stretch: inherit; font-size: 0.75rem; line-height: 1rem; font-family: inherit; vertical-align: baseline; color: #555555;\">Imagem a\u00e9rea do est\u00e1dio Man\u00e9 Garrincha e do gin\u00e1sio Nilson Nelson, em Bras\u00edlia \u2014 Foto: TV Globo\/Reprodu\u00e7\u00e3o<\/p>\n<\/div>\n<\/div>\n<div class=\"mc-column mc-side-item__container\" style=\"box-sizing: inherit; margin: 0px auto; padding: 0px 1rem; border: 0px; font: inherit; vertical-align: baseline; max-width: none; width: 1349px; float: none; position: relative; top: 0.5rem;\" data-block-type=\"ads\" data-block-id=\"1\">\u00a0<\/div>\n<div class=\"mc-column content-text active-extra-styles \" style=\"box-sizing: inherit; margin: 0px auto 2rem; padding: 0px 1rem; border: 0px; font-style: inherit; font-variant: inherit; font-weight: inherit; font-stretch: inherit; font-size: 1.25rem; line-height: 2rem; vertical-align: baseline; max-width: 42.5rem; width: 680px; float: none; letter-spacing: -0.03125rem; overflow-wrap: break-word;\" data-block-type=\"unstyled\" data-block-weight=\"46\" data-block-id=\"2\">\n<p class=\"content-text__container \" style=\"box-sizing: inherit; margin: 0px; padding: 0px; border: 0px; font: inherit; vertical-align: baseline;\" data-track-category=\"Link no Texto\" data-track-links=\"\">O Governo do Distrito Federal (GDF) anunciou, nesta quinta-feira (6), que o cons\u00f3rcio BSB Boulevard Show de Bola foi o vencedor da licita\u00e7\u00e3o para\u00a0<a style=\"box-sizing: inherit; margin: 0px; padding: 0px; border: 0px; font-style: inherit; font-variant: inherit; font-weight: bold; font-stretch: inherit; font-size: inherit; line-height: inherit; font-family: inherit; vertical-align: baseline; color: #c4170c;\" href=\"http:\/\/g1.globo.com\/distrito-federal\/noticia\/2015\/08\/gdf-pretende-entregar-estadio-mane-garrincha-iniciativa-privada.html\">administrar o Arenaplex<\/a>, complexo que inclui o Est\u00e1dio Nacional Man\u00e9 Garrincha, o Gin\u00e1sio Nilson Nelson e o Complexo Aqu\u00e1tico Cl\u00e1udio Coutinho.<\/p>\n<\/div>\n<div class=\"wall protected-content\" style=\"box-sizing: inherit; margin: 0px; padding: 0px; border: 0px; font: inherit; vertical-align: baseline;\">\n<div class=\"mc-column content-text active-extra-styles \" style=\"box-sizing: inherit; margin: 0px auto 2rem; padding: 0px 1rem; border: 0px; font-style: inherit; font-variant: inherit; font-weight: inherit; font-stretch: inherit; font-size: 1.25rem; line-height: 2rem; vertical-align: baseline; max-width: 42.5rem; width: 680px; float: none; letter-spacing: -0.03125rem; overflow-wrap: break-word;\" data-block-type=\"unstyled\" data-block-weight=\"50\" data-block-id=\"3\">\n<p class=\"content-text__container \" style=\"box-sizing: inherit; margin: 0px; padding: 0px; border: 0px; font: inherit; vertical-align: baseline;\" data-track-category=\"Link no Texto\" data-track-links=\"\">O cons\u00f3rcio, \u00fanico interessado em assumir o espa\u00e7o, \u00e9 formado pelas empresas RNGD Consultoria de Neg\u00f3cios Ltda-EPP e Arena do Brasil Gest\u00e3o de Est\u00e1dios e Arenas Ltda. Segundo a proposta de concess\u00e3o, o GDF vai receber R$ 5,05 milh\u00f5es por ano da empresa, al\u00e9m de 5% do faturamento do complexo.<\/p>\n<\/div>\n<div class=\"mc-column content-text active-extra-styles \" style=\"box-sizing: inherit; margin: 0px auto 2rem; padding: 0px 1rem; border: 0px; font-style: inherit; font-variant: inherit; font-weight: inherit; font-stretch: inherit; font-size: 1.25rem; line-height: 2rem; vertical-align: baseline; max-width: 42.5rem; width: 680px; float: none; letter-spacing: -0.03125rem; overflow-wrap: break-word;\" data-block-type=\"unstyled\" data-block-weight=\"47\" data-block-id=\"4\">\n<p class=\"content-text__container \" style=\"box-sizing: inherit; margin: 0px; padding: 0px; border: 0px; font: inherit; vertical-align: baseline;\" data-track-category=\"Link no Texto\" data-track-links=\"\">O contrato, que tem dura\u00e7\u00e3o de 35 anos, prev\u00ea que as empresas\u00a0<a style=\"box-sizing: inherit; margin: 0px; padding: 0px; border: 0px; font-style: inherit; font-variant: inherit; font-weight: bold; font-stretch: inherit; font-size: inherit; line-height: inherit; font-family: inherit; vertical-align: baseline; color: #c4170c;\" href=\"https:\/\/g1.globo.com\/df\/distrito-federal\/noticia\/governo-do-df-quer-tirar-dez-concessoes-e-ppps-do-papel-ate-dezembro-veja-raio-x.ghtml\">fiquem respons\u00e1veis pela gest\u00e3o, manuten\u00e7\u00e3o, moderniza\u00e7\u00e3o e opera\u00e7\u00e3o\/explora\u00e7\u00e3o da estrutura<\/a>. O cons\u00f3rcio tem at\u00e9 180 dias para assumir a gest\u00e3o do complexo, em opera\u00e7\u00e3o assistida junto \u00e0 Ag\u00eancia de Desenvolvimento do Distrito Federal (Terracap).<\/p>\n<\/div>\n<div class=\"mc-column content-text active-extra-styles\" style=\"box-sizing: inherit; margin: 0px auto 2rem; padding: 0px 1rem; border: 0px; font-style: inherit; font-variant: inherit; font-weight: inherit; font-stretch: inherit; font-size: 1.25rem; line-height: 2rem; vertical-align: baseline; max-width: 42.5rem; width: 680px; float: none; letter-spacing: -0.03125rem; overflow-wrap: break-word;\" data-block-type=\"raw\" data-block-weight=\"16\" data-block-id=\"5\">\n<p class=\"content-text__container\" style=\"box-sizing: inherit; margin: 0px; padding: 0px; border: 0px; font: inherit; vertical-align: baseline;\">\u00a0<\/p>\n<ul class=\"content-unordered-list\" style=\"box-sizing: inherit; margin: 0px; padding: 0px; border: 0px; font: inherit; vertical-align: baseline; list-style: none;\">\n<li style=\"box-sizing: inherit; margin: 0px; padding: 0px 0px 0px 25px; border: 0px; font-style: inherit; font-variant: inherit; font-weight: inherit; font-stretch: inherit; font-size: 1.25rem; line-height: inherit; font-family: inherit; vertical-align: baseline; position: relative;\"><a style=\"box-sizing: inherit; margin: 0px; padding: 0px; border: 0px; font-style: inherit; font-variant: inherit; font-weight: bold; font-stretch: inherit; font-size: inherit; line-height: inherit; font-family: inherit; vertical-align: baseline; color: #c4170c;\" href=\"https:\/\/g1.globo.com\/df\/distrito-federal\/noticia\/2019\/06\/03\/gdf-vai-gastar-r-775-mil-com-gramado-do-mane-garrincha-estadio-arrecadou-r-232-mil-em-2019.ghtml\">GDF vai gastar R$ 775 mil com gramado do Man\u00e9 Garrincha; est\u00e1dio arrecadou R$ 232 mil<\/a><\/li>\n<\/ul>\n<p style=\"box-sizing: inherit; margin: 0px; padding: 0px; border: 0px; font: inherit; vertical-align: baseline;\">\u00a0<\/p>\n<\/div>\n<div class=\"row medium-uncollapsed content-media content-photo\" style=\"box-sizing: inherit; margin: 2.5rem auto; padding: 0px; border: 0px; font: inherit; vertical-align: baseline; max-width: 85rem; clear: both;\" data-block-type=\"backstage-photo\" data-block-id=\"6\">\n<div class=\"mc-column content-media__container\" style=\"box-sizing: inherit; margin: 0px auto; padding: 0px 1rem; border: 0px; font: inherit; vertical-align: baseline; max-width: 42.5rem; width: 680px; float: none;\">\n<div class=\"progressive-img can-open-lightbox\" style=\"box-sizing: inherit; margin: 0px; padding: 0px; border: 0px; font: inherit; vertical-align: baseline; background-color: #f6f6f6; background-size: cover; background-repeat: no-repeat; position: relative; overflow: hidden; cursor: pointer;\" data-min-size=\"1008x671\" data-min-size-url=\"https:\/\/s2.glbimg.com\/bXgZxaWCuzrFVSIuu02kmcCbKDo=\/0x0:2048x1365\/1008x0\/smart\/filters:strip_icc()\/i.s3.glbimg.com\/v1\/AUTH_59edd422c0c84a879bd37670ae4f538a\/internal_photos\/bs\/2019\/k\/O\/F7DNiYTa6R7wjdZNjRkA\/48013857223-c7e376461b-k.jpg\" data-max-size=\"1600x1066\" data-max-size-url=\"https:\/\/s2.glbimg.com\/qTrDZfSO0jh7kkEG43BBG4SOyJc=\/0x0:2048x1365\/1600x0\/smart\/filters:strip_icc()\/i.s3.glbimg.com\/v1\/AUTH_59edd422c0c84a879bd37670ae4f538a\/internal_photos\/bs\/2019\/k\/O\/F7DNiYTa6R7wjdZNjRkA\/48013857223-c7e376461b-k.jpg\" data-media-index=\"1\">\n<div class=\"placeholder-container\" style=\"box-sizing: inherit; margin: 0px; padding: 0px 0px 431.891px; border: 0px; font: inherit; vertical-align: baseline; position: relative;\">\u00a0<\/div>\n<p><img decoding=\"async\" class=\"progressive-draft\" style=\"box-sizing: inherit; margin: 0px; padding: 0px; border: 0px; font: inherit; vertical-align: baseline; opacity: 1; width: 648px; transition: opacity 0.3s linear 0s; position: absolute; top: 0px; left: auto; filter: blur(10px); transform: scale(1); max-height: 100%;\" title=\"An\u00fancio do cons\u00f3rcio escolhido para administrar o Est\u00e1dio Man\u00e9 Garrincha \u2014 Foto: Renato Alves\/Ag\u00eancia Bras\u00edlia\" src=\"data:image\/jpeg;base64,\/9j\/4AAQSkZJRgABAQAAAQABAAD\/2wBDAAMCAgMCAgMDAwMEAwMEBQgFBQQEBQoHBwYIDAoMDAsKCwsNDhIQDQ4RDgsLEBYQERMUFRUVDA8XGBYUGBIUFRT\/2wBDAQMEBAUEBQkFBQkUDQsNFBQUFBQUFBQUFBQUFBQUFBQUFBQUFBQUFBQUFBQUFBQUFBQUFBQUFBQUFBQUFBQUFBT\/wgARCAARABkDASIAAhEBAxEB\/8QAGgAAAgIDAAAAAAAAAAAAAAAAAAcDBgQFCP\/EABcBAAMBAAAAAAAAAAAAAAAAAAECAwT\/2gAMAwEAAhADEAAAAba3E1ErtjRKahRr0bEDZ8SMLD\/\/xAAfEAABAwMFAAAAAAAAAAAAAAADAAEEBQYTAhASFjL\/2gAIAQEAAQUCiVAAZLTgYnJF55gI1oQGKa2SYKnb8oMTq9fWrZ\/S\/8QAGhEBAAIDAQAAAAAAAAAAAAAAAQACEBMhQf\/aAAgBAwEBPwGr1by2t9cM\/8QAHxEAAQEJAQAAAAAAAAAAAAAAAQACAxARImFxkeHw\/9oACAECAQE\/AWiJU+13KFhB2v\/EACcQAAIBAwIDCQAAAAAAAAAAAAECAwAEERIxBSEzEyBBUWFxgZKT\/9oACAEBAAY\/AiskzEdsA2V5Hb0okSLoXfOeVPm4XOckE7V1F+1RmGa5t0Da8a9fP5q4ituMyRJMiIQ8e2n2PjVukUwubt8K8uThmzkk+VdO1\/RaHc\/\/xAAhEAACAgIBBAMAAAAAAAAAAAABEQAxIUEQUWFx8IGh0f\/aAAgBAQABPyEk8KJRsVsGcQQUrBYMAQ3WCJcPPwAu09b+xpMS5l4LP0ISe7AsbexZ+J1VRqIJ2DydjquFbyZf7vj\/2gAMAwEAAgADAAAAEJgY3\/\/EABwRAQACAwADAAAAAAAAAAAAAAEAESFRYUGB0f\/aAAgBAwEBPxAlFRcU9d2XWqOExVs9PyE8Z\/\/EABwRAQACAgMBAAAAAAAAAAAAAAEAESExQVFhgf\/aAAgBAgEBPxAYNtthRgwUGrvdvUyWoz6feZ3NGf\/EAB8QAQEAAgICAwEAAAAAAAAAAAERACExQRCxUYGhwf\/aAAgBAQABPxBd1fRyX0KtRNwGGEc1wDSGJSIzSfOdNZVXeB4CBHtnjad7\/c4ABAmkirsw1PXzQQEVbKzSElmsAxBSGM7w5BVln7\/4Z2+89T08f\/\/Z\" alt=\"An\u00fancio do cons\u00f3rcio escolhido para administrar o Est\u00e1dio Man\u00e9 Garrincha \u2014 Foto: Renato Alves\/Ag\u00eancia Bras\u00edlia\" \/><picture style=\"box-sizing: inherit;\"><source style=\"box-sizing: inherit;\" srcset=\"https:\/\/s2.glbimg.com\/5eNKkGLKc5ZmpioAPS-sxTwoY34=\/0x0:2048x1365\/600x0\/smart\/filters:strip_icc()\/i.s3.glbimg.com\/v1\/AUTH_59edd422c0c84a879bd37670ae4f538a\/internal_photos\/bs\/2019\/k\/O\/F7DNiYTa6R7wjdZNjRkA\/48013857223-c7e376461b-k.jpg 1x, https:\/\/s2.glbimg.com\/dZogEcg_yjBOWhzHjkew4QR5odk=\/0x0:2048x1365\/1200x0\/smart\/filters:strip_icc()\/i.s3.glbimg.com\/v1\/AUTH_59edd422c0c84a879bd37670ae4f538a\/internal_photos\/bs\/2019\/k\/O\/F7DNiYTa6R7wjdZNjRkA\/48013857223-c7e376461b-k.jpg 2x\" media=\"(max-width: 1024px)\" data-src=\"https:\/\/s2.glbimg.com\/5eNKkGLKc5ZmpioAPS-sxTwoY34=\/0x0:2048x1365\/600x0\/smart\/filters:strip_icc()\/i.s3.glbimg.com\/v1\/AUTH_59edd422c0c84a879bd37670ae4f538a\/internal_photos\/bs\/2019\/k\/O\/F7DNiYTa6R7wjdZNjRkA\/48013857223-c7e376461b-k.jpg 1x, https:\/\/s2.glbimg.com\/dZogEcg_yjBOWhzHjkew4QR5odk=\/0x0:2048x1365\/1200x0\/smart\/filters:strip_icc()\/i.s3.glbimg.com\/v1\/AUTH_59edd422c0c84a879bd37670ae4f538a\/internal_photos\/bs\/2019\/k\/O\/F7DNiYTa6R7wjdZNjRkA\/48013857223-c7e376461b-k.jpg 2x\" \/><source style=\"box-sizing: inherit;\" srcset=\"https:\/\/s2.glbimg.com\/ibsE-N41-EcBVlOtStAzTnTM488=\/0x0:2048x1365\/640x0\/smart\/filters:strip_icc()\/i.s3.glbimg.com\/v1\/AUTH_59edd422c0c84a879bd37670ae4f538a\/internal_photos\/bs\/2019\/k\/O\/F7DNiYTa6R7wjdZNjRkA\/48013857223-c7e376461b-k.jpg 1x, https:\/\/s2.glbimg.com\/rXAiWXxXwB-Y3gFL7S4nQRtxJiY=\/0x0:2048x1365\/1280x0\/smart\/filters:strip_icc()\/i.s3.glbimg.com\/v1\/AUTH_59edd422c0c84a879bd37670ae4f538a\/internal_photos\/bs\/2019\/k\/O\/F7DNiYTa6R7wjdZNjRkA\/48013857223-c7e376461b-k.jpg 2x\" media=\"(max-width: 1280px)\" data-src=\"https:\/\/s2.glbimg.com\/ibsE-N41-EcBVlOtStAzTnTM488=\/0x0:2048x1365\/640x0\/smart\/filters:strip_icc()\/i.s3.glbimg.com\/v1\/AUTH_59edd422c0c84a879bd37670ae4f538a\/internal_photos\/bs\/2019\/k\/O\/F7DNiYTa6R7wjdZNjRkA\/48013857223-c7e376461b-k.jpg 1x, https:\/\/s2.glbimg.com\/rXAiWXxXwB-Y3gFL7S4nQRtxJiY=\/0x0:2048x1365\/1280x0\/smart\/filters:strip_icc()\/i.s3.glbimg.com\/v1\/AUTH_59edd422c0c84a879bd37670ae4f538a\/internal_photos\/bs\/2019\/k\/O\/F7DNiYTa6R7wjdZNjRkA\/48013857223-c7e376461b-k.jpg 2x\" \/><source style=\"box-sizing: inherit;\" srcset=\"https:\/\/s2.glbimg.com\/0XSN_Bi4KAD0XYQIbD0-ZcvRb1E=\/0x0:2048x1365\/984x0\/smart\/filters:strip_icc()\/i.s3.glbimg.com\/v1\/AUTH_59edd422c0c84a879bd37670ae4f538a\/internal_photos\/bs\/2019\/k\/O\/F7DNiYTa6R7wjdZNjRkA\/48013857223-c7e376461b-k.jpg 1x, https:\/\/s2.glbimg.com\/FmILhI8X6xw6aJvuMvKIKFdN4F8=\/0x0:2048x1365\/1968x0\/smart\/filters:strip_icc()\/i.s3.glbimg.com\/v1\/AUTH_59edd422c0c84a879bd37670ae4f538a\/internal_photos\/bs\/2019\/k\/O\/F7DNiYTa6R7wjdZNjRkA\/48013857223-c7e376461b-k.jpg 2x\" media=\"(max-width: 1360px)\" data-src=\"https:\/\/s2.glbimg.com\/0XSN_Bi4KAD0XYQIbD0-ZcvRb1E=\/0x0:2048x1365\/984x0\/smart\/filters:strip_icc()\/i.s3.glbimg.com\/v1\/AUTH_59edd422c0c84a879bd37670ae4f538a\/internal_photos\/bs\/2019\/k\/O\/F7DNiYTa6R7wjdZNjRkA\/48013857223-c7e376461b-k.jpg 1x, https:\/\/s2.glbimg.com\/FmILhI8X6xw6aJvuMvKIKFdN4F8=\/0x0:2048x1365\/1968x0\/smart\/filters:strip_icc()\/i.s3.glbimg.com\/v1\/AUTH_59edd422c0c84a879bd37670ae4f538a\/internal_photos\/bs\/2019\/k\/O\/F7DNiYTa6R7wjdZNjRkA\/48013857223-c7e376461b-k.jpg 2x\" \/><source style=\"box-sizing: inherit;\" srcset=\"https:\/\/s2.glbimg.com\/GCXaq6fFIH7a12MQao1F7eQoscY=\/0x0:2048x1365\/1000x0\/smart\/filters:strip_icc()\/i.s3.glbimg.com\/v1\/AUTH_59edd422c0c84a879bd37670ae4f538a\/internal_photos\/bs\/2019\/k\/O\/F7DNiYTa6R7wjdZNjRkA\/48013857223-c7e376461b-k.jpg 1x, https:\/\/s2.glbimg.com\/B3OhnOPkIGdxfECuyUBEq4wQy_w=\/0x0:2048x1365\/2000x0\/smart\/filters:strip_icc()\/i.s3.glbimg.com\/v1\/AUTH_59edd422c0c84a879bd37670ae4f538a\/internal_photos\/bs\/2019\/k\/O\/F7DNiYTa6R7wjdZNjRkA\/48013857223-c7e376461b-k.jpg 2x\" media=\"(min-width: 1361px)\" data-src=\"https:\/\/s2.glbimg.com\/GCXaq6fFIH7a12MQao1F7eQoscY=\/0x0:2048x1365\/1000x0\/smart\/filters:strip_icc()\/i.s3.glbimg.com\/v1\/AUTH_59edd422c0c84a879bd37670ae4f538a\/internal_photos\/bs\/2019\/k\/O\/F7DNiYTa6R7wjdZNjRkA\/48013857223-c7e376461b-k.jpg 1x, https:\/\/s2.glbimg.com\/B3OhnOPkIGdxfECuyUBEq4wQy_w=\/0x0:2048x1365\/2000x0\/smart\/filters:strip_icc()\/i.s3.glbimg.com\/v1\/AUTH_59edd422c0c84a879bd37670ae4f538a\/internal_photos\/bs\/2019\/k\/O\/F7DNiYTa6R7wjdZNjRkA\/48013857223-c7e376461b-k.jpg 2x\" \/><source style=\"box-sizing: inherit;\" srcset=\"https:\/\/s2.glbimg.com\/0XSN_Bi4KAD0XYQIbD0-ZcvRb1E=\/0x0:2048x1365\/984x0\/smart\/filters:strip_icc()\/i.s3.glbimg.com\/v1\/AUTH_59edd422c0c84a879bd37670ae4f538a\/internal_photos\/bs\/2019\/k\/O\/F7DNiYTa6R7wjdZNjRkA\/48013857223-c7e376461b-k.jpg\" data-src=\"https:\/\/s2.glbimg.com\/0XSN_Bi4KAD0XYQIbD0-ZcvRb1E=\/0x0:2048x1365\/984x0\/smart\/filters:strip_icc()\/i.s3.glbimg.com\/v1\/AUTH_59edd422c0c84a879bd37670ae4f538a\/internal_photos\/bs\/2019\/k\/O\/F7DNiYTa6R7wjdZNjRkA\/48013857223-c7e376461b-k.jpg\" \/><img decoding=\"async\" class=\"image content-media__image progressive-loaded\" style=\"box-sizing: inherit; margin: 0px; padding: 0px; border: 0px; font: inherit; vertical-align: baseline; width: 648px; display: block; opacity: 1; transition: opacity 0.3s linear 0s; position: absolute; top: 0px; left: 0px;\" title=\"An\u00fancio do cons\u00f3rcio escolhido para administrar o Est\u00e1dio Man\u00e9 Garrincha \u2014 Foto: Renato Alves\/Ag\u00eancia Bras\u00edlia\" src=\"https:\/\/s2.glbimg.com\/0XSN_Bi4KAD0XYQIbD0-ZcvRb1E=\/0x0:2048x1365\/984x0\/smart\/filters:strip_icc()\/i.s3.glbimg.com\/v1\/AUTH_59edd422c0c84a879bd37670ae4f538a\/internal_photos\/bs\/2019\/k\/O\/F7DNiYTa6R7wjdZNjRkA\/48013857223-c7e376461b-k.jpg\" alt=\"An\u00fancio do cons\u00f3rcio escolhido para administrar o Est\u00e1dio Man\u00e9 Garrincha \u2014 Foto: Renato Alves\/Ag\u00eancia Bras\u00edlia\" data-src=\"https:\/\/s2.glbimg.com\/0XSN_Bi4KAD0XYQIbD0-ZcvRb1E=\/0x0:2048x1365\/984x0\/smart\/filters:strip_icc()\/i.s3.glbimg.com\/v1\/AUTH_59edd422c0c84a879bd37670ae4f538a\/internal_photos\/bs\/2019\/k\/O\/F7DNiYTa6R7wjdZNjRkA\/48013857223-c7e376461b-k.jpg\" \/><\/picture><\/div>\n<p class=\"content-media__description \" style=\"box-sizing: inherit; margin: 1rem 0px 0px; padding: 0px; border: 0px; font-style: inherit; font-variant: inherit; font-weight: inherit; font-stretch: inherit; font-size: 0.75rem; line-height: 1rem; font-family: inherit; vertical-align: baseline; color: #555555;\">An\u00fancio do cons\u00f3rcio escolhido para administrar o Est\u00e1dio Man\u00e9 Garrincha \u2014 Foto: Renato Alves\/Ag\u00eancia Bras\u00edlia<\/p>\n<\/div>\n<\/div>\n<div class=\"content-ads content-ads--reveal\" style=\"box-sizing: inherit; margin: 0px auto; padding: 0px; border: 0px; font: inherit; vertical-align: baseline; width: 970px; transition: height 0.9s ease 0s; overflow: hidden;\" data-block-type=\"ads\" data-block-id=\"7\">\u00a0<\/div>\n<div class=\"mc-column content-text active-extra-styles \" style=\"box-sizing: inherit; margin: 0px auto 2rem; padding: 0px 1rem; border: 0px; font-style: inherit; font-variant: inherit; font-weight: inherit; font-stretch: inherit; font-size: 1.25rem; line-height: 2rem; vertical-align: baseline; max-width: 42.5rem; width: 680px; float: none; letter-spacing: -0.03125rem; overflow-wrap: break-word;\" data-block-type=\"unstyled\" data-block-weight=\"41\" data-block-id=\"8\">\n<p class=\"content-text__container \" style=\"box-sizing: inherit; margin: 0px; padding: 0px; border: 0px; font: inherit; vertical-align: baseline;\" data-track-category=\"Link no Texto\" data-track-links=\"\">Segundo o GDF, a proposta tamb\u00e9m prev\u00ea que o cons\u00f3rcio fa\u00e7a reformas pontuais e revitaliza\u00e7\u00e3o no espa\u00e7o, incluindo paisagismo e adequa\u00e7\u00f5es em todo o equipamento e na \u00e1rea de estacionamento. A expectativa do governo \u00e9 economizar R$ 370 milh\u00f5es por ano.<\/p>\n<\/div>\n<div class=\"mc-column content-text active-extra-styles \" style=\"box-sizing: inherit; margin: 0px auto 2rem; padding: 0px 1rem; border: 0px; font-style: inherit; font-variant: inherit; font-weight: inherit; font-stretch: inherit; font-size: 1.25rem; line-height: 2rem; vertical-align: baseline; max-width: 42.5rem; width: 680px; float: none; letter-spacing: -0.03125rem; overflow-wrap: break-word;\" data-block-type=\"unstyled\" data-block-weight=\"30\" data-block-id=\"9\">\n<p class=\"content-text__container \" style=\"box-sizing: inherit; margin: 0px; padding: 0px; border: 0px; font: inherit; vertical-align: baseline;\" data-track-category=\"Link no Texto\" data-track-links=\"\">Durante o an\u00fancio do vencedor da licita\u00e7\u00e3o, o governador\u00a0<a style=\"box-sizing: inherit; margin: 0px; padding: 0px; border: 0px; font-style: inherit; font-variant: inherit; font-weight: bold; font-stretch: inherit; font-size: inherit; line-height: inherit; font-family: inherit; vertical-align: baseline; color: #c4170c;\" href=\"https:\/\/g1.globo.com\/politica\/politico\/ibaneis-rocha\/\">Ibaneis Rocha (MDB)<\/a>\u00a0afirmou que a estrutura custa muito ao Executivo. \u201cEsses equipamentos p\u00fablicos geridos pelo Estado s\u00e3o muito dispendiosos\u201d, afirmou.<\/p>\n<\/div>\n<div class=\"mc-column content-text active-extra-styles \" style=\"box-sizing: inherit; margin: 0px auto 2rem; padding: 0px 1rem; border: 0px; font-style: inherit; font-variant: inherit; font-weight: inherit; font-stretch: inherit; font-size: 1.25rem; line-height: 2rem; vertical-align: baseline; max-width: 42.5rem; width: 680px; float: none; letter-spacing: -0.03125rem; overflow-wrap: break-word;\" data-block-type=\"unstyled\" data-block-weight=\"30\" data-block-id=\"10\">\n<p class=\"content-text__container \" style=\"box-sizing: inherit; margin: 0px; padding: 0px; border: 0px; font: inherit; vertical-align: baseline;\" data-track-category=\"Link no Texto\" data-track-links=\"\">Ainda de acordo com Ibaneis, \u201ctodo mundo sabe que o governo n\u00e3o tem condi\u00e7\u00f5es de investimento. Se n\u00e3o temos, devemos convidar o privado para investir e dar retorno para cidade\u201d.<\/p>\n<\/div>\n<div class=\"mc-column content-text active-extra-styles\" style=\"box-sizing: inherit; margin: 0px auto 2rem; padding: 0px 1rem; border: 0px; font-style: inherit; font-variant: inherit; font-weight: inherit; font-stretch: inherit; font-size: 1.25rem; line-height: 2rem; vertical-align: baseline; max-width: 42.5rem; width: 680px; float: none; letter-spacing: -0.03125rem; overflow-wrap: break-word;\" data-block-type=\"raw\" data-block-weight=\"4\" data-block-id=\"11\">\n<p class=\"content-text__container\" style=\"box-sizing: inherit; margin: 0px; padding: 0px; border: 0px; font: inherit; vertical-align: baseline;\">\u00a0<\/p>\n<div class=\"content-intertitle\" style=\"box-sizing: inherit; margin: 1rem 0px -0.5rem; padding: 0px; border: 0px; font-style: inherit; font-variant: inherit; font-weight: bold; font-stretch: inherit; font-size: 2rem; line-height: 2.25rem; vertical-align: baseline; letter-spacing: -0.0625rem; color: #111111;\">\n<h2 style=\"box-sizing: inherit; margin: 0px; padding: 0px; border: 0px; font: inherit; vertical-align: baseline;\">Alto custo, baixa arrecada\u00e7\u00e3o<\/h2>\n<\/div>\n<p style=\"box-sizing: inherit; margin: 0px; padding: 0px; border: 0px; font: inherit; vertical-align: baseline;\">\u00a0<\/p>\n<\/div>\n<div class=\"mc-column content-text active-extra-styles \" style=\"box-sizing: inherit; margin: 0px auto 2rem; padding: 0px 1rem; border: 0px; font-style: inherit; font-variant: inherit; font-weight: inherit; font-stretch: inherit; font-size: 1.25rem; line-height: 2rem; vertical-align: baseline; max-width: 42.5rem; width: 680px; float: none; letter-spacing: -0.03125rem; overflow-wrap: break-word;\" data-block-type=\"unstyled\" data-block-weight=\"52\" data-block-id=\"12\">\n<p class=\"content-text__container \" style=\"box-sizing: inherit; margin: 0px; padding: 0px; border: 0px; font: inherit; vertical-align: baseline;\" data-track-category=\"Link no Texto\" data-track-links=\"\">A concess\u00e3o da gest\u00e3o do Arenaplex foi a sa\u00edda encontrada pelo GDF para diminuir os preju\u00edzos com o Est\u00e1dio Nacional Man\u00e9 Garrincha.\u00a0<a style=\"box-sizing: inherit; margin: 0px; padding: 0px; border: 0px; font-style: inherit; font-variant: inherit; font-weight: bold; font-stretch: inherit; font-size: inherit; line-height: inherit; font-family: inherit; vertical-align: baseline; color: #c4170c;\" href=\"https:\/\/g1.globo.com\/df\/distrito-federal\/noticia\/2019\/06\/03\/gdf-vai-gastar-r-775-mil-com-gramado-do-mane-garrincha-estadio-arrecadou-r-232-mil-em-2019.ghtml\">Segundo a Secretaria de Esportes, o espa\u00e7o custa R$ 700 mil por m\u00eas aos cofres p\u00fablicos<\/a>. No entanto, nos primeiros quatro meses do ano, arrecadou apenas R$ 232 mil.<\/p>\n<\/div>\n<div class=\"mc-column content-text active-extra-styles \" style=\"box-sizing: inherit; margin: 0px auto 2rem; padding: 0px 1rem; border: 0px; font-style: inherit; font-variant: inherit; font-weight: inherit; font-stretch: inherit; font-size: 1.25rem; line-height: 2rem; vertical-align: baseline; max-width: 42.5rem; width: 680px; float: none; letter-spacing: -0.03125rem; overflow-wrap: break-word;\" data-block-type=\"unstyled\" data-block-weight=\"38\" data-block-id=\"13\">\n<p class=\"content-text__container \" style=\"box-sizing: inherit; margin: 0px; padding: 0px; border: 0px; font: inherit; vertical-align: baseline;\" data-track-category=\"Link no Texto\" data-track-links=\"\">Em janeiro deste ano, o est\u00e1dio foi palco de quatro festas. J\u00e1 no m\u00eas seguinte, recebeu cinco jogos de futebol e um evento. O m\u00eas mais movimentado foi mar\u00e7o, quando ocorreram sete jogos de futebol e tr\u00eas festas.<\/p>\n<\/div>\n<div class=\"row medium-uncollapsed content-media content-photo\" style=\"box-sizing: inherit; margin: 2.5rem auto; padding: 0px; border: 0px; font: inherit; vertical-align: baseline; max-width: 85rem; clear: both;\" data-block-type=\"backstage-photo\" data-block-id=\"14\">\n<div class=\"mc-column content-media__container\" style=\"box-sizing: inherit; margin: 0px auto; padding: 0px 1rem; border: 0px; font: inherit; vertical-align: baseline; max-width: 42.5rem; width: 680px; float: none;\">\n<div class=\"progressive-img can-open-lightbox\" style=\"box-sizing: inherit; margin: 0px; padding: 0px; border: 0px; font: inherit; vertical-align: baseline; background-color: #f6f6f6; background-size: cover; background-repeat: no-repeat; position: relative; overflow: hidden; cursor: pointer;\" data-min-size=\"1008x756\" data-min-size-url=\"https:\/\/s2.glbimg.com\/QIgWIDYfVi_h4FudeFjgN4UWMfU=\/0x0:690x518\/1008x0\/smart\/filters:strip_icc()\/s.glbimg.com\/jo\/g1\/f\/original\/2014\/06\/23\/mane.jpg\" data-max-size=\"1600x1201\" data-max-size-url=\"https:\/\/s2.glbimg.com\/xNNUFpoL9r_8dNAp0QH5x2gLr8Q=\/0x0:690x518\/1600x0\/smart\/filters:strip_icc()\/s.glbimg.com\/jo\/g1\/f\/original\/2014\/06\/23\/mane.jpg\" data-media-index=\"2\">\n<div class=\"placeholder-container\" style=\"box-sizing: inherit; margin: 0px; padding: 0px 0px 486.469px; border: 0px; font: inherit; vertical-align: baseline; position: relative;\">\u00a0<\/div>\n<p><img decoding=\"async\" class=\"progressive-draft\" style=\"box-sizing: inherit; margin: 0px; padding: 0px; border: 0px; font: inherit; vertical-align: baseline; opacity: 1; width: 648px; transition: opacity 0.3s linear 0s; position: absolute; top: 0px; left: auto; filter: blur(10px); transform: scale(1); max-height: 100%;\" title=\"Gramado do Est\u00e1dio Nacional Man\u00e9 Garrincha \u2014 Foto: Thiago Lavinas \/ Globoesporte.com\" src=\"data:image\/jpeg;base64,\/9j\/4AAQSkZJRgABAQAAAQABAAD\/2wBDAAMCAgMCAgMDAwMEAwMEBQgFBQQEBQoHBwYIDAoMDAsKCwsNDhIQDQ4RDgsLEBYQERMUFRUVDA8XGBYUGBIUFRT\/2wBDAQMEBAUEBQkFBQkUDQsNFBQUFBQUFBQUFBQUFBQUFBQUFBQUFBQUFBQUFBQUFBQUFBQUFBQUFBQUFBQUFBQUFBT\/wgARCAATABkDASIAAhEBAxEB\/8QAGAAAAwEBAAAAAAAAAAAAAAAAAAQFBwb\/xAAZAQACAwEAAAAAAAAAAAAAAAADBAACBQb\/2gAMAwEAAhADEAAAAc2uMspsxpHXr0mUvATotEtAHJ\/\/xAAfEAABBQABBQAAAAAAAAAAAAAEAAECAwUGEBESEyL\/2gAIAQEAAQUCH2dSl4cn3JonV2CF7D1KhN2gvKmVn0md4RE1zYOMTYT0\/8QAHBEAAgICAwAAAAAAAAAAAAAAAQIAAwQhERNR\/9oACAEDAQE\/Ae6hW4ZTDfj+GDbAGZ1aLboT\/8QAHBEAAQMFAAAAAAAAAAAAAAAAAAECQQQQERRR\/9oACAECAQE\/AVqMQbScs+D\/xAApEAABAwIEAwkAAAAAAAAAAAABAAIRITEDBBMiBRIzNFFSYXGBgpGh\/9oACAEBAAY\/Atr2g+LTAP4qZot+K38QxjWIFF2nH+102ub3sqFXDM3iE1kWk+6sES1xafIqBmHx6pmo7nm9FZf\/xAAhEAACAQMFAAMAAAAAAAAAAAABEQAhQVExYXGRobHh8f\/aAAgBAQABPyEptkh3iQWklwzw2YCKKyBvpPyUJsWiPCAtwUI1cnEAEGhluHkf0RB5tmECOTN8wSGk1BWIYdT\/2gAMAwEAAgADAAAAEAFIgv\/EABsRAQACAgMAAAAAAAAAAAAAAAEAEXGBIUHR\/9oACAEDAQE\/ELGj1eyJ4rcHsAIsjIMwB0T\/xAAcEQACAgIDAAAAAAAAAAAAAAAAASGRETFR0eH\/2gAIAQIBAT8QwlOvR8ql2PQqUD\/\/xAAgEAEAAgICAQUAAAAAAAAAAAABESEAMRBBYVFxgdHx\/9oACAEBAAE\/EHFRKAMbgaz7uRxgi0TSS7tyr5JLjoitvud8TzxUgpnGpZXR09YTIegykkAw8t+DETB0yUDR6I23wcaCFGN+BMtfkx91kUIpCNPUJz83n\/\/Z\" alt=\"Gramado do Est\u00e1dio Nacional Man\u00e9 Garrincha \u2014 Foto: Thiago Lavinas \/ Globoesporte.com\" \/><picture style=\"box-sizing: inherit;\"><source style=\"box-sizing: inherit;\" srcset=\"https:\/\/s2.glbimg.com\/uVohTPddVrKelWM2YR7TtfxXPWc=\/0x0:690x518\/600x0\/smart\/filters:strip_icc()\/s.glbimg.com\/jo\/g1\/f\/original\/2014\/06\/23\/mane.jpg 1x, https:\/\/s2.glbimg.com\/hHAYY1zg4AEBv5M0lUiz1SHeQ4c=\/0x0:690x518\/1200x0\/smart\/filters:strip_icc()\/s.glbimg.com\/jo\/g1\/f\/original\/2014\/06\/23\/mane.jpg 2x\" media=\"(max-width: 1024px)\" data-src=\"https:\/\/s2.glbimg.com\/uVohTPddVrKelWM2YR7TtfxXPWc=\/0x0:690x518\/600x0\/smart\/filters:strip_icc()\/s.glbimg.com\/jo\/g1\/f\/original\/2014\/06\/23\/mane.jpg 1x, https:\/\/s2.glbimg.com\/hHAYY1zg4AEBv5M0lUiz1SHeQ4c=\/0x0:690x518\/1200x0\/smart\/filters:strip_icc()\/s.glbimg.com\/jo\/g1\/f\/original\/2014\/06\/23\/mane.jpg 2x\" \/><source style=\"box-sizing: inherit;\" srcset=\"https:\/\/s2.glbimg.com\/xiVYZuL7IcuCuGGfZom5XoAxPZ8=\/0x0:690x518\/640x0\/smart\/filters:strip_icc()\/s.glbimg.com\/jo\/g1\/f\/original\/2014\/06\/23\/mane.jpg 1x, https:\/\/s2.glbimg.com\/Iiqzn1tMw5ahJJmWXBDdkBmSAE4=\/0x0:690x518\/1280x0\/smart\/filters:strip_icc()\/s.glbimg.com\/jo\/g1\/f\/original\/2014\/06\/23\/mane.jpg 2x\" media=\"(max-width: 1280px)\" data-src=\"https:\/\/s2.glbimg.com\/xiVYZuL7IcuCuGGfZom5XoAxPZ8=\/0x0:690x518\/640x0\/smart\/filters:strip_icc()\/s.glbimg.com\/jo\/g1\/f\/original\/2014\/06\/23\/mane.jpg 1x, https:\/\/s2.glbimg.com\/Iiqzn1tMw5ahJJmWXBDdkBmSAE4=\/0x0:690x518\/1280x0\/smart\/filters:strip_icc()\/s.glbimg.com\/jo\/g1\/f\/original\/2014\/06\/23\/mane.jpg 2x\" \/><source style=\"box-sizing: inherit;\" srcset=\"https:\/\/s2.glbimg.com\/hTJ7QRdesBsXdx-S9XMukX8iJtI=\/0x0:690x518\/984x0\/smart\/filters:strip_icc()\/s.glbimg.com\/jo\/g1\/f\/original\/2014\/06\/23\/mane.jpg 1x, https:\/\/s2.glbimg.com\/7MZA8PypXIMtWqBM1BOdvUBK2Iw=\/0x0:690x518\/1968x0\/smart\/filters:strip_icc()\/s.glbimg.com\/jo\/g1\/f\/original\/2014\/06\/23\/mane.jpg 2x\" media=\"(max-width: 1360px)\" data-src=\"https:\/\/s2.glbimg.com\/hTJ7QRdesBsXdx-S9XMukX8iJtI=\/0x0:690x518\/984x0\/smart\/filters:strip_icc()\/s.glbimg.com\/jo\/g1\/f\/original\/2014\/06\/23\/mane.jpg 1x, https:\/\/s2.glbimg.com\/7MZA8PypXIMtWqBM1BOdvUBK2Iw=\/0x0:690x518\/1968x0\/smart\/filters:strip_icc()\/s.glbimg.com\/jo\/g1\/f\/original\/2014\/06\/23\/mane.jpg 2x\" \/><source style=\"box-sizing: inherit;\" srcset=\"https:\/\/s2.glbimg.com\/FMHdsCvj7Occoxr_HqRLW05bGAA=\/0x0:690x518\/1000x0\/smart\/filters:strip_icc()\/s.glbimg.com\/jo\/g1\/f\/original\/2014\/06\/23\/mane.jpg 1x, https:\/\/s2.glbimg.com\/1e3nqN3DGOUfIimOCBTlwrwiuMs=\/0x0:690x518\/2000x0\/smart\/filters:strip_icc()\/s.glbimg.com\/jo\/g1\/f\/original\/2014\/06\/23\/mane.jpg 2x\" media=\"(min-width: 1361px)\" data-src=\"https:\/\/s2.glbimg.com\/FMHdsCvj7Occoxr_HqRLW05bGAA=\/0x0:690x518\/1000x0\/smart\/filters:strip_icc()\/s.glbimg.com\/jo\/g1\/f\/original\/2014\/06\/23\/mane.jpg 1x, https:\/\/s2.glbimg.com\/1e3nqN3DGOUfIimOCBTlwrwiuMs=\/0x0:690x518\/2000x0\/smart\/filters:strip_icc()\/s.glbimg.com\/jo\/g1\/f\/original\/2014\/06\/23\/mane.jpg 2x\" \/><source style=\"box-sizing: inherit;\" srcset=\"https:\/\/s2.glbimg.com\/hTJ7QRdesBsXdx-S9XMukX8iJtI=\/0x0:690x518\/984x0\/smart\/filters:strip_icc()\/s.glbimg.com\/jo\/g1\/f\/original\/2014\/06\/23\/mane.jpg\" data-src=\"https:\/\/s2.glbimg.com\/hTJ7QRdesBsXdx-S9XMukX8iJtI=\/0x0:690x518\/984x0\/smart\/filters:strip_icc()\/s.glbimg.com\/jo\/g1\/f\/original\/2014\/06\/23\/mane.jpg\" \/><img decoding=\"async\" class=\"image content-media__image\" style=\"box-sizing: inherit; margin: 0px; padding: 0px; border: 0px; font: inherit; vertical-align: baseline; width: 648px; display: block; opacity: 0; transition: opacity 0.3s linear 0s; position: absolute; top: 0px; left: 0px;\" title=\"Gramado do Est\u00e1dio Nacional Man\u00e9 Garrincha \u2014 Foto: Thiago Lavinas \/ Globoesporte.com\" src=\"https:\/\/s2.glbimg.com\/hTJ7QRdesBsXdx-S9XMukX8iJtI=\/0x0:690x518\/984x0\/smart\/filters:strip_icc()\/s.glbimg.com\/jo\/g1\/f\/original\/2014\/06\/23\/mane.jpg\" alt=\"Gramado do Est\u00e1dio Nacional Man\u00e9 Garrincha \u2014 Foto: Thiago Lavinas \/ Globoesporte.com\" data-src=\"https:\/\/s2.glbimg.com\/hTJ7QRdesBsXdx-S9XMukX8iJtI=\/0x0:690x518\/984x0\/smart\/filters:strip_icc()\/s.glbimg.com\/jo\/g1\/f\/original\/2014\/06\/23\/mane.jpg\" \/><\/picture><\/div>\n<p class=\"content-media__description \" style=\"box-sizing: inherit; margin: 1rem 0px 0px; padding: 0px; border: 0px; font-style: inherit; font-variant: inherit; font-weight: inherit; font-stretch: inherit; font-size: 0.75rem; line-height: 1rem; font-family: inherit; vertical-align: baseline; color: #555555;\">Gramado do Est\u00e1dio Nacional Man\u00e9 Garrincha \u2014 Foto: Thiago Lavinas \/ Globoesporte.com<\/p>\n<\/div>\n<\/div>\n<div class=\"mc-column content-text active-extra-styles \" style=\"box-sizing: inherit; margin: 0px auto 2rem; padding: 0px 1rem; border: 0px; font-style: inherit; font-variant: inherit; font-weight: inherit; font-stretch: inherit; font-size: 1.25rem; line-height: 2rem; vertical-align: baseline; max-width: 42.5rem; width: 680px; float: none; letter-spacing: -0.03125rem; overflow-wrap: break-word;\" data-block-type=\"unstyled\" data-block-weight=\"33\" data-block-id=\"15\">\n<p class=\"content-text__container \" style=\"box-sizing: inherit; margin: 0px; padding: 0px; border: 0px; font: inherit; vertical-align: baseline;\" data-track-category=\"Link no Texto\" data-track-links=\"\">Em abril, foram duas partidas e tr\u00eas eventos. Neste m\u00eas, o principal evento a ser realizado no local \u00e9 a Campus Party Bras\u00edlia, que ocorre entre os dias 19 e 23 de junho.<\/p>\n<\/div>\n<div class=\"content-ads content-ads--reveal\" style=\"box-sizing: inherit; margin: 0px auto; padding: 0px; border: 0px; font: inherit; vertical-align: baseline; width: 970px; transition: height 0.9s ease 0s; overflow: hidden;\" data-block-type=\"ads\" data-block-id=\"16\">\u00a0<\/div>\n<div class=\"mc-column content-text active-extra-styles\" style=\"box-sizing: inherit; margin: 0px auto 2rem; padding: 0px 1rem; border: 0px; font-style: inherit; font-variant: inherit; font-weight: inherit; font-stretch: inherit; font-size: 1.25rem; line-height: 2rem; vertical-align: baseline; max-width: 42.5rem; width: 680px; float: none; letter-spacing: -0.03125rem; overflow-wrap: break-word;\" data-block-type=\"raw\" data-block-weight=\"5\" data-block-id=\"17\">\n<p class=\"content-text__container\" style=\"box-sizing: inherit; margin: 0px; padding: 0px; border: 0px; font: inherit; vertical-align: baseline;\">\u00a0<\/p>\n<div class=\"content-intertitle\" style=\"box-sizing: inherit; margin: 1rem 0px -0.5rem; padding: 0px; border: 0px; font-style: inherit; font-variant: inherit; font-weight: bold; font-stretch: inherit; font-size: 2rem; line-height: 2.25rem; vertical-align: baseline; letter-spacing: -0.0625rem; color: #111111;\">\n<h2 style=\"box-sizing: inherit; margin: 0px; padding: 0px; border: 0px; font: inherit; vertical-align: baseline;\">Entraves no Tribunal de Contas<\/h2>\n<\/div>\n<p style=\"box-sizing: inherit; margin: 0px; padding: 0px; border: 0px; font: inherit; vertical-align: baseline;\">\u00a0<\/p>\n<\/div>\n<div class=\"mc-column content-text active-extra-styles \" style=\"box-sizing: inherit; margin: 0px auto 2rem; padding: 0px 1rem; border: 0px; font-style: inherit; font-variant: inherit; font-weight: inherit; font-stretch: inherit; font-size: 1.25rem; line-height: 2rem; vertical-align: baseline; max-width: 42.5rem; width: 680px; float: none; letter-spacing: -0.03125rem; overflow-wrap: break-word;\" data-block-type=\"unstyled\" data-block-weight=\"38\" data-block-id=\"18\">\n<p class=\"content-text__container \" style=\"box-sizing: inherit; margin: 0px; padding: 0px; border: 0px; font: inherit; vertical-align: baseline;\" data-track-category=\"Link no Texto\" data-track-links=\"\">O processo de concess\u00e3o, no entanto, sofreu entraves. A licita\u00e7\u00e3o foi aberta no ano passado, mas acabou\u00a0<a style=\"box-sizing: inherit; margin: 0px; padding: 0px; border: 0px; font-style: inherit; font-variant: inherit; font-weight: bold; font-stretch: inherit; font-size: inherit; line-height: inherit; font-family: inherit; vertical-align: baseline; color: #c4170c;\" href=\"https:\/\/g1.globo.com\/df\/distrito-federal\/noticia\/2018\/12\/04\/arenaplex-nova-decisao-do-tribunal-de-contas-congela-licitacao-do-mane-garrincha.ghtml\">suspensa por decis\u00e3o do Tribunal de Contas do DF<\/a>. Em fevereiro, no entanto, a Corte\u00a0<a style=\"box-sizing: inherit; margin: 0px; padding: 0px; border: 0px; font-style: inherit; font-variant: inherit; font-weight: bold; font-stretch: inherit; font-size: inherit; line-height: inherit; font-family: inherit; vertical-align: baseline; color: #c4170c;\" href=\"https:\/\/g1.globo.com\/df\/distrito-federal\/noticia\/2019\/02\/14\/tribunal-de-contas-autoriza-df-a-continuar-concessao-do-estadio-mane-garrincha.ghtml\">permitiu a continua\u00e7\u00e3o do processo<\/a>.<\/p>\n<\/div>\n<\/div>\n<\/article>\n<\/div>\n","protected":false},"excerpt":{"rendered":"<div class=\"row content-head non-featured \" style=\"box-sizing: inherit; margin: 64px auto 0px; padding: 0px; border: 0px; font-variant-numeric: inherit; font-variant-east-asian: inherit; font-stretch: inherit; font-size: 18px; line-height: inherit; font-family: opensanstitle, helvetica, arial, sans-serif; vertical-align: baseline; max-width: 85rem; width: 55.5rem;\">\n<div class=\"title\" style=\"box-sizing: inherit; margin: 0px; padding: 0px; border: 0px; font: inherit; vertical-align: baseline;\">Ve\u00edculo: G1<\/p>\n<p>Data:06\/06\/2019<\/p>\n","protected":false},"author":3,"featured_media":0,"comment_status":"open","ping_status":"open","sticky":false,"template":"","format":"standard","meta":{"_monsterinsights_skip_tracking":false,"_monsterinsights_sitenote_active":false,"_monsterinsights_sitenote_note":"","_monsterinsights_sitenote_category":0,"footnotes":""},"categories":[42],"tags":[],"class_list":["post-339","post","type-post","status-publish","format-standard","hentry","category-clipping"],"_links":{"self":[{"href":"https:\/\/cidadecult.com.br\/index.php?rest_route=\/wp\/v2\/posts\/339","targetHints":{"allow":["GET"]}}],"collection":[{"href":"https:\/\/cidadecult.com.br\/index.php?rest_route=\/wp\/v2\/posts"}],"about":[{"href":"https:\/\/cidadecult.com.br\/index.php?rest_route=\/wp\/v2\/types\/post"}],"author":[{"embeddable":true,"href":"https:\/\/cidadecult.com.br\/index.php?rest_route=\/wp\/v2\/users\/3"}],"replies":[{"embeddable":true,"href":"https:\/\/cidadecult.com.br\/index.php?rest_route=%2Fwp%2Fv2%2Fcomments&post=339"}],"version-history":[{"count":0,"href":"https:\/\/cidadecult.com.br\/index.php?rest_route=\/wp\/v2\/posts\/339\/revisions"}],"wp:attachment":[{"href":"https:\/\/cidadecult.com.br\/index.php?rest_route=%2Fwp%2Fv2%2Fmedia&parent=339"}],"wp:term":[{"taxonomy":"category","embeddable":true,"href":"https:\/\/cidadecult.com.br\/index.php?rest_route=%2Fwp%2Fv2%2Fcategories&post=339"},{"taxonomy":"post_tag","embeddable":true,"href":"https:\/\/cidadecult.com.br\/index.php?rest_route=%2Fwp%2Fv2%2Ftags&post=339"}],"curies":[{"name":"wp","href":"https:\/\/api.w.org\/{rel}","templated":true}]}}