{"id":338,"date":"2020-01-27T18:47:38","date_gmt":"2020-01-27T21:47:38","guid":{"rendered":"https:\/\/cidadecult.com.br\/novo\/consorcio-divulga-projetos-para-area-de-lazer-do-estadio-mane-garrincha-em-brasilia-vote-no-seu-preferido\/"},"modified":"2020-01-27T18:47:38","modified_gmt":"2020-01-27T21:47:38","slug":"consorcio-divulga-projetos-para-area-de-lazer-do-estadio-mane-garrincha-em-brasilia-vote-no-seu-preferido","status":"publish","type":"post","link":"https:\/\/cidadecult.com.br\/?p=338","title":{"rendered":"Cons\u00f3rcio divulga projetos para \u00e1rea de lazer do Est\u00e1dio Man\u00e9 Garrincha, em Bras\u00edlia; vote no seu preferido"},"content":{"rendered":"<div class=\"row content-head non-featured \" style=\"box-sizing: inherit; margin: 64px auto 0px; padding: 0px; border: 0px; font-variant-numeric: inherit; font-variant-east-asian: inherit; font-stretch: inherit; font-size: 18px; line-height: inherit; font-family: opensanstitle, helvetica, arial, sans-serif; vertical-align: baseline; max-width: 85rem; width: 55.5rem;\">\n<div class=\"title\" style=\"box-sizing: inherit; margin: 0px; padding: 0px; border: 0px; font: inherit; vertical-align: baseline;\">Ve\u00edculo: G1<br \/>Data: 11\/11\/2019\n<\/div>\n<div class=\"medium-centered subtitle\" style=\"box-sizing: inherit; margin: 1.5rem auto 0px; padding: 0px; border: 0px; font: inherit; vertical-align: baseline; float: none;\">\n<h2 class=\"content-head__subtitle\" style=\"box-sizing: inherit; margin: 0px; padding: 0px 1.5rem 0px 0px; border: 0px; font-style: inherit; font-variant: inherit; font-weight: inherit; font-stretch: inherit; font-size: 1.25rem; line-height: 1.75rem; font-family: inherit; vertical-align: baseline; color: #555555; letter-spacing: -0.03125rem;\">Previs\u00e3o \u00e9 de que o projeto comece a sair do papel em janeiro e seja conclu\u00eddo at\u00e9 2024. G1 quer saber sua opini\u00e3o.<\/h2>\n<\/div>\n<\/div>\n<div class=\"content__signa-share\" style=\"box-sizing: inherit; margin: 0px auto; padding: 0px; border: 0px; font-variant-numeric: inherit; font-variant-east-asian: inherit; font-stretch: inherit; font-size: 18px; line-height: inherit; font-family: opensans, helvetica, arial, sans-serif; vertical-align: baseline; width: 55.5rem; display: flex; justify-content: space-between;\">\n<div class=\"content__signature\" style=\"box-sizing: inherit; margin: 2.5rem 2.5rem 2.5rem 0px; padding: 0px; border: 0px; font: inherit; vertical-align: baseline; display: flex;\">\n<div class=\"content-publication-data\" style=\"box-sizing: inherit; margin: 0px; padding: 0px; border: 0px; font: inherit; vertical-align: baseline; display: flex; align-items: center;\">\n<div class=\"content-publication-data__text\" style=\"box-sizing: inherit; margin: 0px; padding: 0px; border: 0px; font: inherit; vertical-align: baseline;\">\n<p class=\"content-publication-data__from\" style=\"box-sizing: inherit; margin: 0px 0px 8px; padding: 0px; border: 0px; font-style: inherit; font-variant: inherit; font-weight: bold; font-stretch: inherit; font-size: 1rem; line-height: 1.25rem; font-family: inherit; vertical-align: baseline; color: #555555; letter-spacing: -0.01875rem;\" title=\"Carolina Cruz, G1 DF\">Por Carolina Cruz, G1 DF<\/p>\n<p class=\"content-publication-data__updated\" style=\"box-sizing: inherit; margin: 0px; padding: 0px; border: 0px; font-style: inherit; font-variant: inherit; font-weight: inherit; font-stretch: inherit; font-size: 0.75rem; line-height: 1rem; font-family: inherit; vertical-align: baseline; color: #555555;\"><time style=\"box-sizing: inherit; margin: 0px; padding: 0px; border: 0px; font: inherit; vertical-align: baseline;\" datetime=\"2019-11-11T19:49:12.870Z\">11\/11\/2019 16h49\u00a0<\/time><span class=\"content-publication-data__updated-relative\" style=\"box-sizing: inherit; margin: 0px; padding: 0px; border: 0px; font: inherit; vertical-align: baseline; opacity: 1; transition: opacity 0.2s ease-in-out 0s;\">\u00a0<time style=\"box-sizing: inherit; margin: 0px; padding: 0px; border: 0px; font: inherit; vertical-align: baseline;\" datetime=\"2019-11-11T22:43:24.723Z\">Atualizado\u00a0<time style=\"box-sizing: inherit; margin: 0px; padding: 0px; border: 0px; font: inherit; vertical-align: baseline;\" datetime=\"2019-11-11T22:43:24.723Z\">h\u00e1 2 meses<\/time><\/time><\/span><\/p>\n<\/div>\n<\/div>\n<\/div>\n<div class=\"content__share-bar\" style=\"box-sizing: inherit; margin: 2.5rem -0.8125rem; padding: 0px; border: 0px; font: inherit; vertical-align: baseline; height: 3rem; display: flex; align-items: center;\">\u00a0<\/div>\n<\/div>\n<hr class=\"content__divider \" \/>\n<div class=\"mc-article-body\" style=\"box-sizing: inherit; margin: 0px; padding: 0px; border: 0px; font-variant-numeric: inherit; font-variant-east-asian: inherit; font-stretch: inherit; font-size: 18px; line-height: inherit; font-family: opensans, helvetica, arial, sans-serif; vertical-align: baseline;\">\n<article style=\"box-sizing: inherit; margin: 0px; padding: 0px; border: 0px; font: inherit; vertical-align: baseline;\">\n<div class=\"row medium-uncollapsed content-media content-photo\" style=\"box-sizing: inherit; margin: 2.5rem auto; padding: 0px; border: 0px; font: inherit; vertical-align: baseline; max-width: 85rem; clear: both;\" data-block-type=\"backstage-photo\" data-block-id=\"0\">\n<div class=\"mc-column content-media__container\" style=\"box-sizing: inherit; margin: 0px auto; padding: 0px 1rem; border: 0px; font: inherit; vertical-align: baseline; max-width: 42.5rem; width: 680px; float: none;\">\n<div class=\"progressive-img can-open-lightbox\" style=\"box-sizing: inherit; margin: 0px; padding: 0px; border: 0px; font: inherit; vertical-align: baseline; background-color: #f6f6f6; background-size: cover; background-repeat: no-repeat; position: relative; overflow: hidden; cursor: pointer;\" data-min-size=\"1008x566\" data-min-size-url=\"https:\/\/s2.glbimg.com\/EboEewmSX2j8uCFtqRMBKpApeXA=\/0x0:1366x768\/1008x0\/smart\/filters:strip_icc()\/i.s3.glbimg.com\/v1\/AUTH_59edd422c0c84a879bd37670ae4f538a\/internal_photos\/bs\/2019\/v\/B\/HnAaZ5R8Cj1ADKB3VEow\/projetos-arena-bsb.jpg\" data-max-size=\"1600x899\" data-max-size-url=\"https:\/\/s2.glbimg.com\/3PuFY5qztH0YLr_Q-aiJw-REP6c=\/0x0:1366x768\/1600x0\/smart\/filters:strip_icc()\/i.s3.glbimg.com\/v1\/AUTH_59edd422c0c84a879bd37670ae4f538a\/internal_photos\/bs\/2019\/v\/B\/HnAaZ5R8Cj1ADKB3VEow\/projetos-arena-bsb.jpg\" data-media-index=\"0\">\n<div class=\"placeholder-container\" style=\"box-sizing: inherit; margin: 0px; padding: 0px 0px 364.313px; border: 0px; font: inherit; vertical-align: baseline; position: relative;\">\u00a0<\/div>\n<p><img decoding=\"async\" class=\"progressive-draft\" style=\"box-sizing: inherit; margin: 0px; padding: 0px; border: 0px; font: inherit; vertical-align: baseline; opacity: 1; width: 648px; transition: opacity 0.3s linear 0s; position: absolute; top: 0px; left: auto; filter: blur(10px); transform: scale(1); max-height: 100%;\" title=\"Projetos arquitet\u00f4nicos finalistas para a \u00e1rea de lazer do Complexo Esportivo e de Lazer Arena BSB \u2014 Foto: Divulga\u00e7\u00e3o \" src=\"data:image\/jpeg;base64,\/9j\/4AAQSkZJRgABAQAAAQABAAD\/2wBDAAMCAgMCAgMDAwMEAwMEBQgFBQQEBQoHBwYIDAoMDAsKCwsNDhIQDQ4RDgsLEBYQERMUFRUVDA8XGBYUGBIUFRT\/2wBDAQMEBAUEBQkFBQkUDQsNFBQUFBQUFBQUFBQUFBQUFBQUFBQUFBQUFBQUFBQUFBQUFBQUFBQUFBQUFBQUFBQUFBT\/wgARCAAOABkDASIAAhEBAxEB\/8QAFwABAQEBAAAAAAAAAAAAAAAABgcCA\/\/EABYBAQEBAAAAAAAAAAAAAAAAAAQCA\/\/aAAwDAQACEAMQAAABqZB5JQav+wva5\/\/EABwQAAICAwEBAAAAAAAAAAAAAAMEAAECBRMRFf\/aAAgBAQABBQKxDj7muATNwdX9C5SWfu5X5L5hMMPRmf\/EABkRAAIDAQAAAAAAAAAAAAAAAAACARETA\/\/aAAgBAwEBPwFuGs05nR\/\/xAAZEQACAwEAAAAAAAAAAAAAAAABAwACBCH\/2gAIAQIBAT8BprGepYqBhPZ\/\/8QAIhAAAQQBAwUBAAAAAAAAAAAAAQACERIDITEzBDJxkqLR\/9oACAEBAAY\/AoY7LcTtqnkOydQB3HFsFVkvdE1bqYXBm9VEt1WaoaySZqg+zbU3Hhcg+v1f\/8QAHRABAQACAgMBAAAAAAAAAAAAAREAITHxQVFhsf\/aAAgBAQABPyGFZo0Rbr5PuUqSjq2I1POcT\/3gWizjOyY7iVe8Me1YxQr+4CCOpI19s7rD\/9oADAMBAAIAAwAAABCSv\/\/EABkRAAMAAwAAAAAAAAAAAAAAAAABESExQf\/aAAgBAwEBPxCdqV6NMYf\/xAAZEQEAAwEBAAAAAAAAAAAAAAABABEhUTH\/2gAIAQIBAT8QqdHBz3aOdYDH\/8QAGxABAQEAAwEBAAAAAAAAAAAAAREhADFBEFH\/2gAIAQEAAT8QYdIFrlpdCWyTrOONAd2ZbhTqaczVxG3CGtKG+58xzhf0atupvfDlHTEEWD49\/d4Km8ZgRiMK5d7fgX\/\/2Q==\" alt=\"Projetos arquitet\u00f4nicos finalistas para a \u00e1rea de lazer do Complexo Esportivo e de Lazer Arena BSB \u2014 Foto: Divulga\u00e7\u00e3o \" \/><picture style=\"box-sizing: inherit;\"><source style=\"box-sizing: inherit;\" srcset=\"https:\/\/s2.glbimg.com\/QIb5Gb5Zh5_9NvEhRYlH6-72rvs=\/0x0:1366x768\/600x0\/smart\/filters:strip_icc()\/i.s3.glbimg.com\/v1\/AUTH_59edd422c0c84a879bd37670ae4f538a\/internal_photos\/bs\/2019\/v\/B\/HnAaZ5R8Cj1ADKB3VEow\/projetos-arena-bsb.jpg 1x, https:\/\/s2.glbimg.com\/u_HjIVPmIGWwwrj7dyCJqRuYbU8=\/0x0:1366x768\/1200x0\/smart\/filters:strip_icc()\/i.s3.glbimg.com\/v1\/AUTH_59edd422c0c84a879bd37670ae4f538a\/internal_photos\/bs\/2019\/v\/B\/HnAaZ5R8Cj1ADKB3VEow\/projetos-arena-bsb.jpg 2x\" media=\"(max-width: 1024px)\" data-src=\"https:\/\/s2.glbimg.com\/QIb5Gb5Zh5_9NvEhRYlH6-72rvs=\/0x0:1366x768\/600x0\/smart\/filters:strip_icc()\/i.s3.glbimg.com\/v1\/AUTH_59edd422c0c84a879bd37670ae4f538a\/internal_photos\/bs\/2019\/v\/B\/HnAaZ5R8Cj1ADKB3VEow\/projetos-arena-bsb.jpg 1x, https:\/\/s2.glbimg.com\/u_HjIVPmIGWwwrj7dyCJqRuYbU8=\/0x0:1366x768\/1200x0\/smart\/filters:strip_icc()\/i.s3.glbimg.com\/v1\/AUTH_59edd422c0c84a879bd37670ae4f538a\/internal_photos\/bs\/2019\/v\/B\/HnAaZ5R8Cj1ADKB3VEow\/projetos-arena-bsb.jpg 2x\" \/><source style=\"box-sizing: inherit;\" srcset=\"https:\/\/s2.glbimg.com\/WuHO1H-ojsOhF_KkI72ZPwLKj9M=\/0x0:1366x768\/640x0\/smart\/filters:strip_icc()\/i.s3.glbimg.com\/v1\/AUTH_59edd422c0c84a879bd37670ae4f538a\/internal_photos\/bs\/2019\/v\/B\/HnAaZ5R8Cj1ADKB3VEow\/projetos-arena-bsb.jpg 1x, https:\/\/s2.glbimg.com\/-tyoU71qo-pzyFqSoivvgEenYHM=\/0x0:1366x768\/1280x0\/smart\/filters:strip_icc()\/i.s3.glbimg.com\/v1\/AUTH_59edd422c0c84a879bd37670ae4f538a\/internal_photos\/bs\/2019\/v\/B\/HnAaZ5R8Cj1ADKB3VEow\/projetos-arena-bsb.jpg 2x\" media=\"(max-width: 1280px)\" data-src=\"https:\/\/s2.glbimg.com\/WuHO1H-ojsOhF_KkI72ZPwLKj9M=\/0x0:1366x768\/640x0\/smart\/filters:strip_icc()\/i.s3.glbimg.com\/v1\/AUTH_59edd422c0c84a879bd37670ae4f538a\/internal_photos\/bs\/2019\/v\/B\/HnAaZ5R8Cj1ADKB3VEow\/projetos-arena-bsb.jpg 1x, https:\/\/s2.glbimg.com\/-tyoU71qo-pzyFqSoivvgEenYHM=\/0x0:1366x768\/1280x0\/smart\/filters:strip_icc()\/i.s3.glbimg.com\/v1\/AUTH_59edd422c0c84a879bd37670ae4f538a\/internal_photos\/bs\/2019\/v\/B\/HnAaZ5R8Cj1ADKB3VEow\/projetos-arena-bsb.jpg 2x\" \/><source style=\"box-sizing: inherit;\" srcset=\"https:\/\/s2.glbimg.com\/zjITs39aA_WIwr-joE2lkfLTsPE=\/0x0:1366x768\/984x0\/smart\/filters:strip_icc()\/i.s3.glbimg.com\/v1\/AUTH_59edd422c0c84a879bd37670ae4f538a\/internal_photos\/bs\/2019\/v\/B\/HnAaZ5R8Cj1ADKB3VEow\/projetos-arena-bsb.jpg 1x, https:\/\/s2.glbimg.com\/cK-v9VnHd6x0PmJMze1RbwyGqwk=\/0x0:1366x768\/1968x0\/smart\/filters:strip_icc()\/i.s3.glbimg.com\/v1\/AUTH_59edd422c0c84a879bd37670ae4f538a\/internal_photos\/bs\/2019\/v\/B\/HnAaZ5R8Cj1ADKB3VEow\/projetos-arena-bsb.jpg 2x\" media=\"(max-width: 1360px)\" data-src=\"https:\/\/s2.glbimg.com\/zjITs39aA_WIwr-joE2lkfLTsPE=\/0x0:1366x768\/984x0\/smart\/filters:strip_icc()\/i.s3.glbimg.com\/v1\/AUTH_59edd422c0c84a879bd37670ae4f538a\/internal_photos\/bs\/2019\/v\/B\/HnAaZ5R8Cj1ADKB3VEow\/projetos-arena-bsb.jpg 1x, https:\/\/s2.glbimg.com\/cK-v9VnHd6x0PmJMze1RbwyGqwk=\/0x0:1366x768\/1968x0\/smart\/filters:strip_icc()\/i.s3.glbimg.com\/v1\/AUTH_59edd422c0c84a879bd37670ae4f538a\/internal_photos\/bs\/2019\/v\/B\/HnAaZ5R8Cj1ADKB3VEow\/projetos-arena-bsb.jpg 2x\" \/><source style=\"box-sizing: inherit;\" srcset=\"https:\/\/s2.glbimg.com\/lTTIFPyhKfSKXUD3O91vh4XavZE=\/0x0:1366x768\/1000x0\/smart\/filters:strip_icc()\/i.s3.glbimg.com\/v1\/AUTH_59edd422c0c84a879bd37670ae4f538a\/internal_photos\/bs\/2019\/v\/B\/HnAaZ5R8Cj1ADKB3VEow\/projetos-arena-bsb.jpg 1x, https:\/\/s2.glbimg.com\/T925ttUeNrk3l_XrqlxEYA0xp8A=\/0x0:1366x768\/2000x0\/smart\/filters:strip_icc()\/i.s3.glbimg.com\/v1\/AUTH_59edd422c0c84a879bd37670ae4f538a\/internal_photos\/bs\/2019\/v\/B\/HnAaZ5R8Cj1ADKB3VEow\/projetos-arena-bsb.jpg 2x\" media=\"(min-width: 1361px)\" data-src=\"https:\/\/s2.glbimg.com\/lTTIFPyhKfSKXUD3O91vh4XavZE=\/0x0:1366x768\/1000x0\/smart\/filters:strip_icc()\/i.s3.glbimg.com\/v1\/AUTH_59edd422c0c84a879bd37670ae4f538a\/internal_photos\/bs\/2019\/v\/B\/HnAaZ5R8Cj1ADKB3VEow\/projetos-arena-bsb.jpg 1x, https:\/\/s2.glbimg.com\/T925ttUeNrk3l_XrqlxEYA0xp8A=\/0x0:1366x768\/2000x0\/smart\/filters:strip_icc()\/i.s3.glbimg.com\/v1\/AUTH_59edd422c0c84a879bd37670ae4f538a\/internal_photos\/bs\/2019\/v\/B\/HnAaZ5R8Cj1ADKB3VEow\/projetos-arena-bsb.jpg 2x\" \/><source style=\"box-sizing: inherit;\" srcset=\"https:\/\/s2.glbimg.com\/zjITs39aA_WIwr-joE2lkfLTsPE=\/0x0:1366x768\/984x0\/smart\/filters:strip_icc()\/i.s3.glbimg.com\/v1\/AUTH_59edd422c0c84a879bd37670ae4f538a\/internal_photos\/bs\/2019\/v\/B\/HnAaZ5R8Cj1ADKB3VEow\/projetos-arena-bsb.jpg\" data-src=\"https:\/\/s2.glbimg.com\/zjITs39aA_WIwr-joE2lkfLTsPE=\/0x0:1366x768\/984x0\/smart\/filters:strip_icc()\/i.s3.glbimg.com\/v1\/AUTH_59edd422c0c84a879bd37670ae4f538a\/internal_photos\/bs\/2019\/v\/B\/HnAaZ5R8Cj1ADKB3VEow\/projetos-arena-bsb.jpg\" \/><img decoding=\"async\" class=\"image content-media__image progressive-loaded\" style=\"box-sizing: inherit; margin: 0px; padding: 0px; border: 0px; font: inherit; vertical-align: baseline; width: 648px; display: block; opacity: 1; transition: opacity 0.3s linear 0s; position: absolute; top: 0px; left: 0px;\" title=\"Projetos arquitet\u00f4nicos finalistas para a \u00e1rea de lazer do Complexo Esportivo e de Lazer Arena BSB \u2014 Foto: Divulga\u00e7\u00e3o \" src=\"https:\/\/s2.glbimg.com\/zjITs39aA_WIwr-joE2lkfLTsPE=\/0x0:1366x768\/984x0\/smart\/filters:strip_icc()\/i.s3.glbimg.com\/v1\/AUTH_59edd422c0c84a879bd37670ae4f538a\/internal_photos\/bs\/2019\/v\/B\/HnAaZ5R8Cj1ADKB3VEow\/projetos-arena-bsb.jpg\" alt=\"Projetos arquitet\u00f4nicos finalistas para a \u00e1rea de lazer do Complexo Esportivo e de Lazer Arena BSB \u2014 Foto: Divulga\u00e7\u00e3o \" data-src=\"https:\/\/s2.glbimg.com\/zjITs39aA_WIwr-joE2lkfLTsPE=\/0x0:1366x768\/984x0\/smart\/filters:strip_icc()\/i.s3.glbimg.com\/v1\/AUTH_59edd422c0c84a879bd37670ae4f538a\/internal_photos\/bs\/2019\/v\/B\/HnAaZ5R8Cj1ADKB3VEow\/projetos-arena-bsb.jpg\" \/><\/picture><\/div>\n<p class=\"content-media__description \" style=\"box-sizing: inherit; margin: 1rem 0px 0px; padding: 0px; border: 0px; font-style: inherit; font-variant: inherit; font-weight: inherit; font-stretch: inherit; font-size: 0.75rem; line-height: 1rem; font-family: inherit; vertical-align: baseline; color: #555555;\">Projetos arquitet\u00f4nicos finalistas para a \u00e1rea de lazer do Complexo Esportivo e de Lazer Arena BSB \u2014 Foto: Divulga\u00e7\u00e3o<\/p>\n<\/div>\n<\/div>\n<div class=\"mc-column mc-side-item__container\" style=\"box-sizing: inherit; margin: 0px auto; padding: 0px 1rem; border: 0px; font: inherit; vertical-align: baseline; max-width: none; width: 1349px; float: none; position: relative; top: 0.5rem;\" data-block-type=\"ads\" data-block-id=\"1\">\u00a0<\/div>\n<div class=\"mc-column content-text active-extra-styles \" style=\"box-sizing: inherit; margin: 0px auto 2rem; padding: 0px 1rem; border: 0px; font-style: inherit; font-variant: inherit; font-weight: inherit; font-stretch: inherit; font-size: 1.25rem; line-height: 2rem; vertical-align: baseline; max-width: 42.5rem; width: 680px; float: none; letter-spacing: -0.03125rem; overflow-wrap: break-word;\" data-block-type=\"unstyled\" data-block-weight=\"60\" data-block-id=\"2\">\n<p class=\"content-text__container \" style=\"box-sizing: inherit; margin: 0px; padding: 0px; border: 0px; font: inherit; vertical-align: baseline;\" data-track-category=\"Link no Texto\" data-track-links=\"\">A \u00e1rea entre o Est\u00e1dio Nacional Man\u00e9 Garrincha e o Aut\u00f3dromo de Bras\u00edlia, no Eixo Monumental, est\u00e1 prestes a mudar. O cons\u00f3rcio Arena BSB, que assumiu a gest\u00e3o do complexo esportivo da capital, divulgou nesta segunda (11) os finalistas do concurso que vai definir o desenho arquitet\u00f4nico do espa\u00e7o de lazer a c\u00e9u aberto que ser\u00e1 constru\u00eddo no local.<\/p>\n<\/div>\n<div class=\"wall protected-content\" style=\"box-sizing: inherit; margin: 0px; padding: 0px; border: 0px; font: inherit; vertical-align: baseline;\">\n<div class=\"mc-column content-text active-extra-styles \" style=\"box-sizing: inherit; margin: 0px auto 2rem; padding: 0px 1rem; border: 0px; font-style: inherit; font-variant: inherit; font-weight: inherit; font-stretch: inherit; font-size: 1.25rem; line-height: 2rem; vertical-align: baseline; max-width: 42.5rem; width: 680px; float: none; letter-spacing: -0.03125rem; overflow-wrap: break-word;\" data-block-type=\"unstyled\" data-block-weight=\"61\" data-block-id=\"3\">\n<p class=\"content-text__container \" style=\"box-sizing: inherit; margin: 0px; padding: 0px; border: 0px; font: inherit; vertical-align: baseline;\" data-track-category=\"Link no Texto\" data-track-links=\"\">A comiss\u00e3o julgadora da empresa selecionou os tr\u00eas melhores projetos (<span style=\"box-sizing: inherit; margin: 0px; padding: 0px; border: 0px; font-style: inherit; font-variant: inherit; font-weight: bold; font-stretch: inherit; font-size: inherit; line-height: inherit; font-family: inherit; vertical-align: baseline;\">confira detalhes no fim da reportagem<\/span>), que devem passar por ajustes no pr\u00f3ximo m\u00eas. Ap\u00f3s a conclus\u00e3o, em dezembro deste ano, um deles ser\u00e1 escolhido e premiado em R$ 5, 2 milh\u00f5es. A previs\u00e3o \u00e9 de que o projeto comece a sair do papel em janeiro e seja conclu\u00eddo at\u00e9 2024.<\/p>\n<\/div>\n<div class=\"mc-column mc-column-votation\" style=\"box-sizing: inherit; margin: 0px auto; padding: 0px 1rem; border: 0px; font: inherit; vertical-align: baseline; max-width: 42.5rem; width: 680px; float: none;\" data-block-type=\"votacao\" data-block-id=\"4\">\n<div class=\"content-votation content-iframe theme-color-primary content-votation--has-picture\" style=\"box-sizing: inherit; margin: 0px 0px 4rem; padding: 0px; border: 0px; font: inherit; vertical-align: baseline; fill: currentcolor; color: #c4170c; overflow: hidden;\" data-source=\"undefined\/votacao\/vote-no-seu-projeto-preferido-para-a-area-de-lazer-do-estadio-mane-garrincha-em-brasilia-79e5cfd2-e552-4628-8a8b-f8f6e1708965.ghtml\">\n<h2 class=\"content-votation__title\" style=\"box-sizing: inherit; margin: 0px 0px 1rem; padding: 0px; border: 0px; font-style: inherit; font-variant: inherit; font-weight: bold; font-stretch: inherit; font-size: 1.5rem; line-height: 1.75rem; font-family: opensans, helvetica, arial, sans-serif; vertical-align: baseline; text-align: center; letter-spacing: -0.065rem;\">Vote no seu projeto preferido para a \u00e1rea de lazer do Est\u00e1dio Man\u00e9 Garrincha, em Bras\u00edlia<\/h2>\n<div class=\"progressive-img\" style=\"box-sizing: inherit; margin: 0px; padding: 0px; border: 0px; font: inherit; vertical-align: baseline; background-color: #f6f6f6; background-size: cover; background-repeat: no-repeat; position: relative; overflow: hidden; border-radius: 3px;\">\n<div class=\"placeholder-container\" style=\"box-sizing: inherit; margin: 0px; padding: 0px 0px 362.844px; border: 0px; font: inherit; vertical-align: baseline; position: relative;\">\u00a0<\/div>\n<p><img decoding=\"async\" class=\"progressive-draft\" style=\"box-sizing: inherit; margin: 0px; padding: 0px; border: 0px; font: inherit; vertical-align: baseline; opacity: 1; width: 648px; transition: opacity 0.3s linear 0s; position: absolute; top: 0px; left: auto; filter: blur(10px); transform: scale(1); max-height: 100%;\" title=\"Vote no seu projeto preferido para a \u00e1rea de lazer do Est\u00e1dio Man\u00e9 Garrincha, em Bras\u00edlia\" src=\"data:image\/jpeg;base64,\/9j\/4AAQSkZJRgABAQAAAQABAAD\/2wBDAAMCAgMCAgMDAwMEAwMEBQgFBQQEBQoHBwYIDAoMDAsKCwsNDhIQDQ4RDgsLEBYQERMUFRUVDA8XGBYUGBIUFRT\/2wBDAQMEBAUEBQkFBQkUDQsNFBQUFBQUFBQUFBQUFBQUFBQUFBQUFBQUFBQUFBQUFBQUFBQUFBQUFBQUFBQUFBQUFBT\/wgARCAANABkDASIAAhEBAxEB\/8QAFwABAQEBAAAAAAAAAAAAAAAABQcDBP\/EABcBAAMBAAAAAAAAAAAAAAAAAAIDBAX\/2gAMAwEAAhADEAAAAWmZ31znVT29c93\/xAAdEAABBAMBAQAAAAAAAAAAAAADAQQFEgACFBMh\/9oACAEBAAEFAiv41CupTlTyBWhMndqtHRiBXRt85s\/\/xAAaEQACAgMAAAAAAAAAAAAAAAAAAQIDBBEx\/9oACAEDAQE\/AVjRr4akj\/\/EABsRAAIBBQAAAAAAAAAAAAAAAAECAAMEEzFB\/9oACAECAQE\/ARdvWYq3IcTbE\/\/EACIQAAEEAAUFAAAAAAAAAAAAAAEAAgMREiFBcbETIjEykv\/aAAgBAQAGPwIGOOSeIkDqNrhW6EhuhOqwsx2NQcuV7IVlsnlpHbVWEBiy2XkfK\/\/EAB8QAAEEAgIDAAAAAAAAAAAAAAEAESExUWFBkXGB8P\/aAAgBAQABPyFlHFwDnaVN2AmL4DcqSBuc5xdOlt9lMMMhWXAB9KFONPMco0ICoCq+wL\/\/2gAMAwEAAgADAAAAEMgP\/8QAFxEBAQEBAAAAAAAAAAAAAAAAAQAxEf\/aAAgBAwEBPxAHo2Mbf\/\/EABoRAQACAwEAAAAAAAAAAAAAAAEAESExUYH\/2gAIAQIBAT8QfS70e7jMchwn\/8QAHhABAQEAAgEFAAAAAAAAAAAAAREhADFBEGGB0fD\/2gAIAQEAAT8Qn9TAe6XI+NmeOSXaBqJQFWAzgzo2FTUSh07WiEH0kNU25AWAjYucxz5FBUKIjdzL0HIqY6Qj55+P2c\/\/2Q==\" alt=\"Vote no seu projeto preferido para a \u00e1rea de lazer do Est\u00e1dio Man\u00e9 Garrincha, em Bras\u00edlia\" \/><picture style=\"box-sizing: inherit;\"><source style=\"box-sizing: inherit;\" srcset=\"https:\/\/s2.glbimg.com\/ZhdDewY6RsKafB9zB70_V2ePfPk=\/600x337\/smart\/filters:distributed_collage(horizontal,smart,i.s3.glbimg.com\/v1\/AUTH_59edd422c0c84a879bd37670ae4f538a\/internal_photos\/bs\/2019\/o\/K\/qpsASnTn2Wct3zidvqFw\/finalista-rodrigo-salvati.png%7Ci.s3.glbimg.com\/v1\/AUTH_59edd422c0c84a879bd37670ae4f538a\/internal_photos\/bs\/2019\/s\/3\/tpvjUUQbyFVA0oFJtamg\/finalista-eder-rodrigues-de-alencar.jpg%7Ci.s3.glbimg.com\/v1\/AUTH_59edd422c0c84a879bd37670ae4f538a\/internal_photos\/bs\/2019\/B\/T\/q67CiXQAiAAhMAF6cWGQ\/finalista-andre-augusto-prevedello.jpg):format(jpg):cover():strip_icc()\/i.s3.glbimg.com\/v1\/AUTH_59edd422c0c84a879bd37670ae4f538a\/internal_photos\/bs\/2018\/M\/f\/xqSUCVQ0aBacl2sHr4Rw\/h03-g-globocop-df1-09052018-frame-36569.png 1x, https:\/\/s2.glbimg.com\/DW8Q_Tyk6DHkiuXnuiuHjihFFy4=\/1200x675\/smart\/filters:distributed_collage(horizontal,smart,i.s3.glbimg.com\/v1\/AUTH_59edd422c0c84a879bd37670ae4f538a\/internal_photos\/bs\/2019\/o\/K\/qpsASnTn2Wct3zidvqFw\/finalista-rodrigo-salvati.png%7Ci.s3.glbimg.com\/v1\/AUTH_59edd422c0c84a879bd37670ae4f538a\/internal_photos\/bs\/2019\/s\/3\/tpvjUUQbyFVA0oFJtamg\/finalista-eder-rodrigues-de-alencar.jpg%7Ci.s3.glbimg.com\/v1\/AUTH_59edd422c0c84a879bd37670ae4f538a\/internal_photos\/bs\/2019\/B\/T\/q67CiXQAiAAhMAF6cWGQ\/finalista-andre-augusto-prevedello.jpg):format(jpg):cover():strip_icc()\/i.s3.glbimg.com\/v1\/AUTH_59edd422c0c84a879bd37670ae4f538a\/internal_photos\/bs\/2018\/M\/f\/xqSUCVQ0aBacl2sHr4Rw\/h03-g-globocop-df1-09052018-frame-36569.png 2x\" media=\"(max-width: 1024px)\" data-src=\"https:\/\/s2.glbimg.com\/ZhdDewY6RsKafB9zB70_V2ePfPk=\/600x337\/smart\/filters:distributed_collage(horizontal,smart,i.s3.glbimg.com\/v1\/AUTH_59edd422c0c84a879bd37670ae4f538a\/internal_photos\/bs\/2019\/o\/K\/qpsASnTn2Wct3zidvqFw\/finalista-rodrigo-salvati.png%7Ci.s3.glbimg.com\/v1\/AUTH_59edd422c0c84a879bd37670ae4f538a\/internal_photos\/bs\/2019\/s\/3\/tpvjUUQbyFVA0oFJtamg\/finalista-eder-rodrigues-de-alencar.jpg%7Ci.s3.glbimg.com\/v1\/AUTH_59edd422c0c84a879bd37670ae4f538a\/internal_photos\/bs\/2019\/B\/T\/q67CiXQAiAAhMAF6cWGQ\/finalista-andre-augusto-prevedello.jpg):format(jpg):cover():strip_icc()\/i.s3.glbimg.com\/v1\/AUTH_59edd422c0c84a879bd37670ae4f538a\/internal_photos\/bs\/2018\/M\/f\/xqSUCVQ0aBacl2sHr4Rw\/h03-g-globocop-df1-09052018-frame-36569.png 1x, https:\/\/s2.glbimg.com\/DW8Q_Tyk6DHkiuXnuiuHjihFFy4=\/1200x675\/smart\/filters:distributed_collage(horizontal,smart,i.s3.glbimg.com\/v1\/AUTH_59edd422c0c84a879bd37670ae4f538a\/internal_photos\/bs\/2019\/o\/K\/qpsASnTn2Wct3zidvqFw\/finalista-rodrigo-salvati.png%7Ci.s3.glbimg.com\/v1\/AUTH_59edd422c0c84a879bd37670ae4f538a\/internal_photos\/bs\/2019\/s\/3\/tpvjUUQbyFVA0oFJtamg\/finalista-eder-rodrigues-de-alencar.jpg%7Ci.s3.glbimg.com\/v1\/AUTH_59edd422c0c84a879bd37670ae4f538a\/internal_photos\/bs\/2019\/B\/T\/q67CiXQAiAAhMAF6cWGQ\/finalista-andre-augusto-prevedello.jpg):format(jpg):cover():strip_icc()\/i.s3.glbimg.com\/v1\/AUTH_59edd422c0c84a879bd37670ae4f538a\/internal_photos\/bs\/2018\/M\/f\/xqSUCVQ0aBacl2sHr4Rw\/h03-g-globocop-df1-09052018-frame-36569.png 2x\" \/><source style=\"box-sizing: inherit;\" srcset=\"https:\/\/s2.glbimg.com\/9W9I73Hzemdc9DOjZ_uWpQ040KA=\/640x360\/smart\/filters:distributed_collage(horizontal,smart,i.s3.glbimg.com\/v1\/AUTH_59edd422c0c84a879bd37670ae4f538a\/internal_photos\/bs\/2019\/o\/K\/qpsASnTn2Wct3zidvqFw\/finalista-rodrigo-salvati.png%7Ci.s3.glbimg.com\/v1\/AUTH_59edd422c0c84a879bd37670ae4f538a\/internal_photos\/bs\/2019\/s\/3\/tpvjUUQbyFVA0oFJtamg\/finalista-eder-rodrigues-de-alencar.jpg%7Ci.s3.glbimg.com\/v1\/AUTH_59edd422c0c84a879bd37670ae4f538a\/internal_photos\/bs\/2019\/B\/T\/q67CiXQAiAAhMAF6cWGQ\/finalista-andre-augusto-prevedello.jpg):format(jpg):cover():strip_icc()\/i.s3.glbimg.com\/v1\/AUTH_59edd422c0c84a879bd37670ae4f538a\/internal_photos\/bs\/2018\/M\/f\/xqSUCVQ0aBacl2sHr4Rw\/h03-g-globocop-df1-09052018-frame-36569.png 1x, https:\/\/s2.glbimg.com\/1b5V11aIPqxGLcIz4YeAHfY5bEo=\/1280x720\/smart\/filters:distributed_collage(horizontal,smart,i.s3.glbimg.com\/v1\/AUTH_59edd422c0c84a879bd37670ae4f538a\/internal_photos\/bs\/2019\/o\/K\/qpsASnTn2Wct3zidvqFw\/finalista-rodrigo-salvati.png%7Ci.s3.glbimg.com\/v1\/AUTH_59edd422c0c84a879bd37670ae4f538a\/internal_photos\/bs\/2019\/s\/3\/tpvjUUQbyFVA0oFJtamg\/finalista-eder-rodrigues-de-alencar.jpg%7Ci.s3.glbimg.com\/v1\/AUTH_59edd422c0c84a879bd37670ae4f538a\/internal_photos\/bs\/2019\/B\/T\/q67CiXQAiAAhMAF6cWGQ\/finalista-andre-augusto-prevedello.jpg):format(jpg):cover():strip_icc()\/i.s3.glbimg.com\/v1\/AUTH_59edd422c0c84a879bd37670ae4f538a\/internal_photos\/bs\/2018\/M\/f\/xqSUCVQ0aBacl2sHr4Rw\/h03-g-globocop-df1-09052018-frame-36569.png 2x\" media=\"(max-width: 1280px)\" data-src=\"https:\/\/s2.glbimg.com\/9W9I73Hzemdc9DOjZ_uWpQ040KA=\/640x360\/smart\/filters:distributed_collage(horizontal,smart,i.s3.glbimg.com\/v1\/AUTH_59edd422c0c84a879bd37670ae4f538a\/internal_photos\/bs\/2019\/o\/K\/qpsASnTn2Wct3zidvqFw\/finalista-rodrigo-salvati.png%7Ci.s3.glbimg.com\/v1\/AUTH_59edd422c0c84a879bd37670ae4f538a\/internal_photos\/bs\/2019\/s\/3\/tpvjUUQbyFVA0oFJtamg\/finalista-eder-rodrigues-de-alencar.jpg%7Ci.s3.glbimg.com\/v1\/AUTH_59edd422c0c84a879bd37670ae4f538a\/internal_photos\/bs\/2019\/B\/T\/q67CiXQAiAAhMAF6cWGQ\/finalista-andre-augusto-prevedello.jpg):format(jpg):cover():strip_icc()\/i.s3.glbimg.com\/v1\/AUTH_59edd422c0c84a879bd37670ae4f538a\/internal_photos\/bs\/2018\/M\/f\/xqSUCVQ0aBacl2sHr4Rw\/h03-g-globocop-df1-09052018-frame-36569.png 1x, https:\/\/s2.glbimg.com\/1b5V11aIPqxGLcIz4YeAHfY5bEo=\/1280x720\/smart\/filters:distributed_collage(horizontal,smart,i.s3.glbimg.com\/v1\/AUTH_59edd422c0c84a879bd37670ae4f538a\/internal_photos\/bs\/2019\/o\/K\/qpsASnTn2Wct3zidvqFw\/finalista-rodrigo-salvati.png%7Ci.s3.glbimg.com\/v1\/AUTH_59edd422c0c84a879bd37670ae4f538a\/internal_photos\/bs\/2019\/s\/3\/tpvjUUQbyFVA0oFJtamg\/finalista-eder-rodrigues-de-alencar.jpg%7Ci.s3.glbimg.com\/v1\/AUTH_59edd422c0c84a879bd37670ae4f538a\/internal_photos\/bs\/2019\/B\/T\/q67CiXQAiAAhMAF6cWGQ\/finalista-andre-augusto-prevedello.jpg):format(jpg):cover():strip_icc()\/i.s3.glbimg.com\/v1\/AUTH_59edd422c0c84a879bd37670ae4f538a\/internal_photos\/bs\/2018\/M\/f\/xqSUCVQ0aBacl2sHr4Rw\/h03-g-globocop-df1-09052018-frame-36569.png 2x\" \/><source style=\"box-sizing: inherit;\" srcset=\"https:\/\/s2.glbimg.com\/G3UlFwrjjbZzLKE4QMlH43nh_2w=\/984x553\/smart\/filters:distributed_collage(horizontal,smart,i.s3.glbimg.com\/v1\/AUTH_59edd422c0c84a879bd37670ae4f538a\/internal_photos\/bs\/2019\/o\/K\/qpsASnTn2Wct3zidvqFw\/finalista-rodrigo-salvati.png%7Ci.s3.glbimg.com\/v1\/AUTH_59edd422c0c84a879bd37670ae4f538a\/internal_photos\/bs\/2019\/s\/3\/tpvjUUQbyFVA0oFJtamg\/finalista-eder-rodrigues-de-alencar.jpg%7Ci.s3.glbimg.com\/v1\/AUTH_59edd422c0c84a879bd37670ae4f538a\/internal_photos\/bs\/2019\/B\/T\/q67CiXQAiAAhMAF6cWGQ\/finalista-andre-augusto-prevedello.jpg):format(jpg):cover():strip_icc()\/i.s3.glbimg.com\/v1\/AUTH_59edd422c0c84a879bd37670ae4f538a\/internal_photos\/bs\/2018\/M\/f\/xqSUCVQ0aBacl2sHr4Rw\/h03-g-globocop-df1-09052018-frame-36569.png 1x, https:\/\/s2.glbimg.com\/2YD261Vc8-e_nLK_G9Gpy0LDul8=\/1968x1107\/smart\/filters:distributed_collage(horizontal,smart,i.s3.glbimg.com\/v1\/AUTH_59edd422c0c84a879bd37670ae4f538a\/internal_photos\/bs\/2019\/o\/K\/qpsASnTn2Wct3zidvqFw\/finalista-rodrigo-salvati.png%7Ci.s3.glbimg.com\/v1\/AUTH_59edd422c0c84a879bd37670ae4f538a\/internal_photos\/bs\/2019\/s\/3\/tpvjUUQbyFVA0oFJtamg\/finalista-eder-rodrigues-de-alencar.jpg%7Ci.s3.glbimg.com\/v1\/AUTH_59edd422c0c84a879bd37670ae4f538a\/internal_photos\/bs\/2019\/B\/T\/q67CiXQAiAAhMAF6cWGQ\/finalista-andre-augusto-prevedello.jpg):format(jpg):cover():strip_icc()\/i.s3.glbimg.com\/v1\/AUTH_59edd422c0c84a879bd37670ae4f538a\/internal_photos\/bs\/2018\/M\/f\/xqSUCVQ0aBacl2sHr4Rw\/h03-g-globocop-df1-09052018-frame-36569.png 2x\" media=\"(max-width: 1360px)\" data-src=\"https:\/\/s2.glbimg.com\/G3UlFwrjjbZzLKE4QMlH43nh_2w=\/984x553\/smart\/filters:distributed_collage(horizontal,smart,i.s3.glbimg.com\/v1\/AUTH_59edd422c0c84a879bd37670ae4f538a\/internal_photos\/bs\/2019\/o\/K\/qpsASnTn2Wct3zidvqFw\/finalista-rodrigo-salvati.png%7Ci.s3.glbimg.com\/v1\/AUTH_59edd422c0c84a879bd37670ae4f538a\/internal_photos\/bs\/2019\/s\/3\/tpvjUUQbyFVA0oFJtamg\/finalista-eder-rodrigues-de-alencar.jpg%7Ci.s3.glbimg.com\/v1\/AUTH_59edd422c0c84a879bd37670ae4f538a\/internal_photos\/bs\/2019\/B\/T\/q67CiXQAiAAhMAF6cWGQ\/finalista-andre-augusto-prevedello.jpg):format(jpg):cover():strip_icc()\/i.s3.glbimg.com\/v1\/AUTH_59edd422c0c84a879bd37670ae4f538a\/internal_photos\/bs\/2018\/M\/f\/xqSUCVQ0aBacl2sHr4Rw\/h03-g-globocop-df1-09052018-frame-36569.png 1x, https:\/\/s2.glbimg.com\/2YD261Vc8-e_nLK_G9Gpy0LDul8=\/1968x1107\/smart\/filters:distributed_collage(horizontal,smart,i.s3.glbimg.com\/v1\/AUTH_59edd422c0c84a879bd37670ae4f538a\/internal_photos\/bs\/2019\/o\/K\/qpsASnTn2Wct3zidvqFw\/finalista-rodrigo-salvati.png%7Ci.s3.glbimg.com\/v1\/AUTH_59edd422c0c84a879bd37670ae4f538a\/internal_photos\/bs\/2019\/s\/3\/tpvjUUQbyFVA0oFJtamg\/finalista-eder-rodrigues-de-alencar.jpg%7Ci.s3.glbimg.com\/v1\/AUTH_59edd422c0c84a879bd37670ae4f538a\/internal_photos\/bs\/2019\/B\/T\/q67CiXQAiAAhMAF6cWGQ\/finalista-andre-augusto-prevedello.jpg):format(jpg):cover():strip_icc()\/i.s3.glbimg.com\/v1\/AUTH_59edd422c0c84a879bd37670ae4f538a\/internal_photos\/bs\/2018\/M\/f\/xqSUCVQ0aBacl2sHr4Rw\/h03-g-globocop-df1-09052018-frame-36569.png 2x\" \/><source style=\"box-sizing: inherit;\" srcset=\"https:\/\/s2.glbimg.com\/Y5jOJN2KeIuWAcN_dyEVZhndA8w=\/1000x562\/smart\/filters:distributed_collage(horizontal,smart,i.s3.glbimg.com\/v1\/AUTH_59edd422c0c84a879bd37670ae4f538a\/internal_photos\/bs\/2019\/o\/K\/qpsASnTn2Wct3zidvqFw\/finalista-rodrigo-salvati.png%7Ci.s3.glbimg.com\/v1\/AUTH_59edd422c0c84a879bd37670ae4f538a\/internal_photos\/bs\/2019\/s\/3\/tpvjUUQbyFVA0oFJtamg\/finalista-eder-rodrigues-de-alencar.jpg%7Ci.s3.glbimg.com\/v1\/AUTH_59edd422c0c84a879bd37670ae4f538a\/internal_photos\/bs\/2019\/B\/T\/q67CiXQAiAAhMAF6cWGQ\/finalista-andre-augusto-prevedello.jpg):format(jpg):cover():strip_icc()\/i.s3.glbimg.com\/v1\/AUTH_59edd422c0c84a879bd37670ae4f538a\/internal_photos\/bs\/2018\/M\/f\/xqSUCVQ0aBacl2sHr4Rw\/h03-g-globocop-df1-09052018-frame-36569.png 1x, https:\/\/s2.glbimg.com\/iDEeYxi3xQZkymNMErWBlfWUYkM=\/2000x1125\/smart\/filters:distributed_collage(horizontal,smart,i.s3.glbimg.com\/v1\/AUTH_59edd422c0c84a879bd37670ae4f538a\/internal_photos\/bs\/2019\/o\/K\/qpsASnTn2Wct3zidvqFw\/finalista-rodrigo-salvati.png%7Ci.s3.glbimg.com\/v1\/AUTH_59edd422c0c84a879bd37670ae4f538a\/internal_photos\/bs\/2019\/s\/3\/tpvjUUQbyFVA0oFJtamg\/finalista-eder-rodrigues-de-alencar.jpg%7Ci.s3.glbimg.com\/v1\/AUTH_59edd422c0c84a879bd37670ae4f538a\/internal_photos\/bs\/2019\/B\/T\/q67CiXQAiAAhMAF6cWGQ\/finalista-andre-augusto-prevedello.jpg):format(jpg):cover():strip_icc()\/i.s3.glbimg.com\/v1\/AUTH_59edd422c0c84a879bd37670ae4f538a\/internal_photos\/bs\/2018\/M\/f\/xqSUCVQ0aBacl2sHr4Rw\/h03-g-globocop-df1-09052018-frame-36569.png 2x\" media=\"(min-width: 1361px)\" data-src=\"https:\/\/s2.glbimg.com\/Y5jOJN2KeIuWAcN_dyEVZhndA8w=\/1000x562\/smart\/filters:distributed_collage(horizontal,smart,i.s3.glbimg.com\/v1\/AUTH_59edd422c0c84a879bd37670ae4f538a\/internal_photos\/bs\/2019\/o\/K\/qpsASnTn2Wct3zidvqFw\/finalista-rodrigo-salvati.png%7Ci.s3.glbimg.com\/v1\/AUTH_59edd422c0c84a879bd37670ae4f538a\/internal_photos\/bs\/2019\/s\/3\/tpvjUUQbyFVA0oFJtamg\/finalista-eder-rodrigues-de-alencar.jpg%7Ci.s3.glbimg.com\/v1\/AUTH_59edd422c0c84a879bd37670ae4f538a\/internal_photos\/bs\/2019\/B\/T\/q67CiXQAiAAhMAF6cWGQ\/finalista-andre-augusto-prevedello.jpg):format(jpg):cover():strip_icc()\/i.s3.glbimg.com\/v1\/AUTH_59edd422c0c84a879bd37670ae4f538a\/internal_photos\/bs\/2018\/M\/f\/xqSUCVQ0aBacl2sHr4Rw\/h03-g-globocop-df1-09052018-frame-36569.png 1x, https:\/\/s2.glbimg.com\/iDEeYxi3xQZkymNMErWBlfWUYkM=\/2000x1125\/smart\/filters:distributed_collage(horizontal,smart,i.s3.glbimg.com\/v1\/AUTH_59edd422c0c84a879bd37670ae4f538a\/internal_photos\/bs\/2019\/o\/K\/qpsASnTn2Wct3zidvqFw\/finalista-rodrigo-salvati.png%7Ci.s3.glbimg.com\/v1\/AUTH_59edd422c0c84a879bd37670ae4f538a\/internal_photos\/bs\/2019\/s\/3\/tpvjUUQbyFVA0oFJtamg\/finalista-eder-rodrigues-de-alencar.jpg%7Ci.s3.glbimg.com\/v1\/AUTH_59edd422c0c84a879bd37670ae4f538a\/internal_photos\/bs\/2019\/B\/T\/q67CiXQAiAAhMAF6cWGQ\/finalista-andre-augusto-prevedello.jpg):format(jpg):cover():strip_icc()\/i.s3.glbimg.com\/v1\/AUTH_59edd422c0c84a879bd37670ae4f538a\/internal_photos\/bs\/2018\/M\/f\/xqSUCVQ0aBacl2sHr4Rw\/h03-g-globocop-df1-09052018-frame-36569.png 2x\" \/><source style=\"box-sizing: inherit;\" srcset=\"https:\/\/s2.glbimg.com\/GMmomFgkdZMEKrA5hkoX1dkRAxc=\/984x551\/smart\/filters:distributed_collage(horizontal,smart,i.s3.glbimg.com\/v1\/AUTH_59edd422c0c84a879bd37670ae4f538a\/internal_photos\/bs\/2019\/o\/K\/qpsASnTn2Wct3zidvqFw\/finalista-rodrigo-salvati.png%7Ci.s3.glbimg.com\/v1\/AUTH_59edd422c0c84a879bd37670ae4f538a\/internal_photos\/bs\/2019\/s\/3\/tpvjUUQbyFVA0oFJtamg\/finalista-eder-rodrigues-de-alencar.jpg%7Ci.s3.glbimg.com\/v1\/AUTH_59edd422c0c84a879bd37670ae4f538a\/internal_photos\/bs\/2019\/B\/T\/q67CiXQAiAAhMAF6cWGQ\/finalista-andre-augusto-prevedello.jpg):format(jpg):cover():strip_icc()\/i.s3.glbimg.com\/v1\/AUTH_59edd422c0c84a879bd37670ae4f538a\/internal_photos\/bs\/2018\/M\/f\/xqSUCVQ0aBacl2sHr4Rw\/h03-g-globocop-df1-09052018-frame-36569.png\" data-src=\"https:\/\/s2.glbimg.com\/GMmomFgkdZMEKrA5hkoX1dkRAxc=\/984x551\/smart\/filters:distributed_collage(horizontal,smart,i.s3.glbimg.com\/v1\/AUTH_59edd422c0c84a879bd37670ae4f538a\/internal_photos\/bs\/2019\/o\/K\/qpsASnTn2Wct3zidvqFw\/finalista-rodrigo-salvati.png%7Ci.s3.glbimg.com\/v1\/AUTH_59edd422c0c84a879bd37670ae4f538a\/internal_photos\/bs\/2019\/s\/3\/tpvjUUQbyFVA0oFJtamg\/finalista-eder-rodrigues-de-alencar.jpg%7Ci.s3.glbimg.com\/v1\/AUTH_59edd422c0c84a879bd37670ae4f538a\/internal_photos\/bs\/2019\/B\/T\/q67CiXQAiAAhMAF6cWGQ\/finalista-andre-augusto-prevedello.jpg):format(jpg):cover():strip_icc()\/i.s3.glbimg.com\/v1\/AUTH_59edd422c0c84a879bd37670ae4f538a\/internal_photos\/bs\/2018\/M\/f\/xqSUCVQ0aBacl2sHr4Rw\/h03-g-globocop-df1-09052018-frame-36569.png\" \/><img decoding=\"async\" class=\"image content-media__image progressive-loaded\" style=\"box-sizing: inherit; margin: 0px; padding: 0px; border: 0px; font: inherit; vertical-align: baseline; width: 648px; display: block; opacity: 1; transition: opacity 0.3s linear 0s; position: absolute; top: 0px; left: 0px;\" title=\"Vote no seu projeto preferido para a \u00e1rea de lazer do Est\u00e1dio Man\u00e9 Garrincha, em Bras\u00edlia\" src=\"https:\/\/s2.glbimg.com\/GMmomFgkdZMEKrA5hkoX1dkRAxc=\/984x551\/smart\/filters:distributed_collage(horizontal,smart,i.s3.glbimg.com\/v1\/AUTH_59edd422c0c84a879bd37670ae4f538a\/internal_photos\/bs\/2019\/o\/K\/qpsASnTn2Wct3zidvqFw\/finalista-rodrigo-salvati.png%7Ci.s3.glbimg.com\/v1\/AUTH_59edd422c0c84a879bd37670ae4f538a\/internal_photos\/bs\/2019\/s\/3\/tpvjUUQbyFVA0oFJtamg\/finalista-eder-rodrigues-de-alencar.jpg%7Ci.s3.glbimg.com\/v1\/AUTH_59edd422c0c84a879bd37670ae4f538a\/internal_photos\/bs\/2019\/B\/T\/q67CiXQAiAAhMAF6cWGQ\/finalista-andre-augusto-prevedello.jpg):format(jpg):cover():strip_icc()\/i.s3.glbimg.com\/v1\/AUTH_59edd422c0c84a879bd37670ae4f538a\/internal_photos\/bs\/2018\/M\/f\/xqSUCVQ0aBacl2sHr4Rw\/h03-g-globocop-df1-09052018-frame-36569.png\" alt=\"Vote no seu projeto preferido para a \u00e1rea de lazer do Est\u00e1dio Man\u00e9 Garrincha, em Bras\u00edlia\" data-src=\"https:\/\/s2.glbimg.com\/GMmomFgkdZMEKrA5hkoX1dkRAxc=\/984x551\/smart\/filters:distributed_collage(horizontal,smart,i.s3.glbimg.com\/v1\/AUTH_59edd422c0c84a879bd37670ae4f538a\/internal_photos\/bs\/2019\/o\/K\/qpsASnTn2Wct3zidvqFw\/finalista-rodrigo-salvati.png%7Ci.s3.glbimg.com\/v1\/AUTH_59edd422c0c84a879bd37670ae4f538a\/internal_photos\/bs\/2019\/s\/3\/tpvjUUQbyFVA0oFJtamg\/finalista-eder-rodrigues-de-alencar.jpg%7Ci.s3.glbimg.com\/v1\/AUTH_59edd422c0c84a879bd37670ae4f538a\/internal_photos\/bs\/2019\/B\/T\/q67CiXQAiAAhMAF6cWGQ\/finalista-andre-augusto-prevedello.jpg):format(jpg):cover():strip_icc()\/i.s3.glbimg.com\/v1\/AUTH_59edd422c0c84a879bd37670ae4f538a\/internal_photos\/bs\/2018\/M\/f\/xqSUCVQ0aBacl2sHr4Rw\/h03-g-globocop-df1-09052018-frame-36569.png\" \/><\/picture><\/div>\n<div class=\"content-votation__row\" style=\"box-sizing: inherit; margin: 0px; padding: 0px; border: 0px; font: inherit; vertical-align: baseline;\"><a class=\"can-open-tab content-votation__button theme-bg-color-primary\" style=\"box-sizing: inherit; margin: 0.5rem auto 0px; padding: 0px 1rem; border-width: 0px 0px 3px; border-image: initial; font-variant-numeric: normal; font-variant-east-asian: normal; font-weight: bold; font-stretch: normal; font-size: 13px; line-height: normal; font-family: proximanova-bold, 'Helvetica Neue', Arial, sans-serif; vertical-align: baseline; background-color: #c4170c; min-width: 120px; height: 37px; display: flex; align-items: center; justify-content: center; position: static; border-radius: 4px; outline: 0px; color: #ffffff; letter-spacing: -0.5px; text-align: center; text-transform: uppercase; z-index: 2; width: 168px; border-color: initial initial rgba(0, 0, 0, 0.25) initial; border-style: initial initial solid initial;\" href=\"https:\/\/g1.globo.com\/df\/distrito-federal\/votacao\/vote-no-seu-projeto-preferido-para-a-area-de-lazer-do-estadio-mane-garrincha-em-brasilia-79e5cfd2-e552-4628-8a8b-f8f6e1708965.ghtml\" target=\"_blank\" rel=\"noopener noreferrer\" data-track-category=\"Votacao\" data-track-action=\"Votar\" data-track-click=\"Vote no seu projeto preferido para a \u00e1rea de lazer do Est\u00e1dio Man\u00e9 Garrincha, em Bras\u00edlia\">VOTE AQUI<\/a><\/div>\n<\/div>\n<\/div>\n<div class=\"content-ads content-ads--reveal\" style=\"box-sizing: inherit; margin: 0px auto; padding: 0px; border: 0px; font: inherit; vertical-align: baseline; width: 970px; transition: height 0.9s ease 0s; overflow: hidden;\" data-block-type=\"ads\" data-block-id=\"5\">\u00a0<\/div>\n<div class=\"mc-column content-text active-extra-styles \" style=\"box-sizing: inherit; margin: 0px auto 2rem; padding: 0px 1rem; border: 0px; font-style: inherit; font-variant: inherit; font-weight: inherit; font-stretch: inherit; font-size: 1.25rem; line-height: 2rem; vertical-align: baseline; max-width: 42.5rem; width: 680px; float: none; letter-spacing: -0.03125rem; overflow-wrap: break-word;\" data-block-type=\"unstyled\" data-block-weight=\"42\" data-block-id=\"6\">\n<p class=\"content-text__container \" style=\"box-sizing: inherit; margin: 0px; padding: 0px; border: 0px; font: inherit; vertical-align: baseline;\" data-track-category=\"Link no Texto\" data-track-links=\"\">Al\u00e9m do Est\u00e1dio Nacional Man\u00e9 Garrincha, o conjunto esportivo sob a responsabilidade do Arena BSB inclui o Gin\u00e1sio Nilson Nelson e o Complexo Aqu\u00e1tico Cl\u00e1udio Coutinho. Os desenhos apresentados s\u00e3o para a constru\u00e7\u00e3o de um &#8220;espa\u00e7o integrado de conviv\u00eancia, entretenimento e lazer&#8221;.<\/p>\n<\/div>\n<div class=\"mc-column content-text active-extra-styles \" style=\"box-sizing: inherit; margin: 0px auto 2rem; padding: 0px 1rem; border: 0px; font-style: inherit; font-variant: inherit; font-weight: inherit; font-stretch: inherit; font-size: 1.25rem; line-height: 2rem; vertical-align: baseline; max-width: 42.5rem; width: 680px; float: none; letter-spacing: -0.03125rem; overflow-wrap: break-word;\" data-block-type=\"unstyled\" data-block-weight=\"21\" data-block-id=\"7\">\n<p class=\"content-text__container \" style=\"box-sizing: inherit; margin: 0px; padding: 0px; border: 0px; font: inherit; vertical-align: baseline;\" data-track-category=\"Link no Texto\" data-track-links=\"\">O conjunto vinha sendo chamado de Arenaplex, mas foi renomeado pela nova empresa como Complexo Esportivo e de Lazer Arena BSB.<\/p>\n<\/div>\n<div class=\"mc-column content-text active-extra-styles \" style=\"box-sizing: inherit; margin: 0px auto 2rem; padding: 0px 1rem; border: 0px; font-style: inherit; font-variant: inherit; font-weight: inherit; font-stretch: inherit; font-size: 1.25rem; line-height: 2rem; vertical-align: baseline; max-width: 42.5rem; width: 680px; float: none; letter-spacing: -0.03125rem; overflow-wrap: break-word;\" data-block-type=\"unstyled\" data-block-weight=\"67\" data-block-id=\"8\">\n<p class=\"content-text__container \" style=\"box-sizing: inherit; margin: 0px; padding: 0px; border: 0px; font: inherit; vertical-align: baseline;\" data-track-category=\"Link no Texto\" data-track-links=\"\">A \u00e1rea central de Bras\u00edlia \u00e9 tombada como patrim\u00f4nio da humanidade, o que significa que, por lei, o projeto arquitet\u00f4nico e urban\u00edstico de Oscar Niemeyer e L\u00facio Costa deve ser preservado. Portanto, a constru\u00e7\u00e3o do complexo deve atender par\u00e2metros de uso e ocupa\u00e7\u00e3o do solo para o Setor de Recrea\u00e7\u00e3o P\u00fablica Norte, reestruturando 40% do local em \u00e1rea verde &#8211; que corresponde a 300 mil m\u00b2.<\/p>\n<\/div>\n<div class=\"mc-column content-text active-extra-styles\" style=\"box-sizing: inherit; margin: 0px auto 2rem; padding: 0px 1rem; border: 0px; font-style: inherit; font-variant: inherit; font-weight: inherit; font-stretch: inherit; font-size: 1.25rem; line-height: 2rem; vertical-align: baseline; max-width: 42.5rem; width: 680px; float: none; letter-spacing: -0.03125rem; overflow-wrap: break-word;\" data-block-type=\"raw\" data-block-weight=\"2\" data-block-id=\"9\">\n<p class=\"content-text__container\" style=\"box-sizing: inherit; margin: 0px; padding: 0px; border: 0px; font: inherit; vertical-align: baseline;\">\u00a0<\/p>\n<div class=\"content-intertitle\" style=\"box-sizing: inherit; margin: 1rem 0px -0.5rem; padding: 0px; border: 0px; font-style: inherit; font-variant: inherit; font-weight: bold; font-stretch: inherit; font-size: 2rem; line-height: 2.25rem; vertical-align: baseline; letter-spacing: -0.0625rem; color: #111111;\">\n<h2 style=\"box-sizing: inherit; margin: 0px; padding: 0px; border: 0px; font: inherit; vertical-align: baseline;\">Boulevard Monumental<\/h2>\n<\/div>\n<p style=\"box-sizing: inherit; margin: 0px; padding: 0px; border: 0px; font: inherit; vertical-align: baseline;\">\u00a0<\/p>\n<\/div>\n<div class=\"mc-column content-text active-extra-styles \" style=\"box-sizing: inherit; margin: 0px auto 2rem; padding: 0px 1rem; border: 0px; font-style: inherit; font-variant: inherit; font-weight: inherit; font-stretch: inherit; font-size: 1.25rem; line-height: 2rem; vertical-align: baseline; max-width: 42.5rem; width: 680px; float: none; letter-spacing: -0.03125rem; overflow-wrap: break-word;\" data-block-type=\"unstyled\" data-block-weight=\"27\" data-block-id=\"10\">\n<p class=\"content-text__container \" style=\"box-sizing: inherit; margin: 0px; padding: 0px; border: 0px; font: inherit; vertical-align: baseline;\" data-track-category=\"Link no Texto\" data-track-links=\"\">O projeto de \u00e1rea de lazer e entretenimento da capital prev\u00ea uma s\u00e9rie de atra\u00e7\u00f5es. O cons\u00f3rcio poder\u00e1 explorar economicamente a regi\u00e3o. Veja algumas dos estabelecimentos previstos:<\/p>\n<\/div>\n<div class=\"mc-column content-text active-extra-styles\" style=\"box-sizing: inherit; margin: 0px auto 2rem; padding: 0px 1rem; border: 0px; font-style: inherit; font-variant: inherit; font-weight: inherit; font-stretch: inherit; font-size: 1.25rem; line-height: 2rem; vertical-align: baseline; max-width: 42.5rem; width: 680px; float: none; letter-spacing: -0.03125rem; overflow-wrap: break-word;\" data-block-type=\"raw\" data-block-weight=\"12\" data-block-id=\"11\">\n<p class=\"content-text__container\" style=\"box-sizing: inherit; margin: 0px; padding: 0px; border: 0px; font: inherit; vertical-align: baseline;\">\u00a0<\/p>\n<ul class=\"content-unordered-list\" style=\"box-sizing: inherit; margin: 0px; padding: 0px; border: 0px; font: inherit; vertical-align: baseline; list-style: none;\">\n<li style=\"box-sizing: inherit; margin: 0px 0px 16px; padding: 0px 0px 0px 25px; border: 0px; font-style: inherit; font-variant: inherit; font-weight: inherit; font-stretch: inherit; font-size: 1.25rem; line-height: inherit; font-family: inherit; vertical-align: baseline; position: relative;\">Cinema<\/li>\n<li style=\"box-sizing: inherit; margin: 0px 0px 16px; padding: 0px 0px 0px 25px; border: 0px; font-style: inherit; font-variant: inherit; font-weight: inherit; font-stretch: inherit; font-size: 1.25rem; line-height: inherit; font-family: inherit; vertical-align: baseline; position: relative;\">Aqu\u00e1rio<\/li>\n<li style=\"box-sizing: inherit; margin: 0px 0px 16px; padding: 0px 0px 0px 25px; border: 0px; font-style: inherit; font-variant: inherit; font-weight: inherit; font-stretch: inherit; font-size: 1.25rem; line-height: inherit; font-family: inherit; vertical-align: baseline; position: relative;\">Teatro<\/li>\n<li style=\"box-sizing: inherit; margin: 0px 0px 16px; padding: 0px 0px 0px 25px; border: 0px; font-style: inherit; font-variant: inherit; font-weight: inherit; font-stretch: inherit; font-size: 1.25rem; line-height: inherit; font-family: inherit; vertical-align: baseline; position: relative;\">Casa noturna<\/li>\n<li style=\"box-sizing: inherit; margin: 0px 0px 16px; padding: 0px 0px 0px 25px; border: 0px; font-style: inherit; font-variant: inherit; font-weight: inherit; font-stretch: inherit; font-size: 1.25rem; line-height: inherit; font-family: inherit; vertical-align: baseline; position: relative;\">Restaurantes<\/li>\n<li style=\"box-sizing: inherit; margin: 0px 0px 16px; padding: 0px 0px 0px 25px; border: 0px; font-style: inherit; font-variant: inherit; font-weight: inherit; font-stretch: inherit; font-size: 1.25rem; line-height: inherit; font-family: inherit; vertical-align: baseline; position: relative;\">Academia<\/li>\n<li style=\"box-sizing: inherit; margin: 0px 0px 16px; padding: 0px 0px 0px 25px; border: 0px; font-style: inherit; font-variant: inherit; font-weight: inherit; font-stretch: inherit; font-size: 1.25rem; line-height: inherit; font-family: inherit; vertical-align: baseline; position: relative;\">Quadras esportivas<\/li>\n<li style=\"box-sizing: inherit; margin: 0px 0px 16px; padding: 0px 0px 0px 25px; border: 0px; font-style: inherit; font-variant: inherit; font-weight: inherit; font-stretch: inherit; font-size: 1.25rem; line-height: inherit; font-family: inherit; vertical-align: baseline; position: relative;\">Lojas<\/li>\n<li style=\"box-sizing: inherit; margin: 0px 0px 16px; padding: 0px 0px 0px 25px; border: 0px; font-style: inherit; font-variant: inherit; font-weight: inherit; font-stretch: inherit; font-size: 1.25rem; line-height: inherit; font-family: inherit; vertical-align: baseline; position: relative;\">Cl\u00ednicas<\/li>\n<li style=\"box-sizing: inherit; margin: 0px; padding: 0px 0px 0px 25px; border: 0px; font-style: inherit; font-variant: inherit; font-weight: inherit; font-stretch: inherit; font-size: 1.25rem; line-height: inherit; font-family: inherit; vertical-align: baseline; position: relative;\">Escrit\u00f3rios<\/li>\n<\/ul>\n<p style=\"box-sizing: inherit; margin: 0px; padding: 0px; border: 0px; font: inherit; vertical-align: baseline;\">\u00a0<\/p>\n<\/div>\n<div class=\"mc-column content-text active-extra-styles \" style=\"box-sizing: inherit; margin: 0px auto 2rem; padding: 0px 1rem; border: 0px; font-style: inherit; font-variant: inherit; font-weight: inherit; font-stretch: inherit; font-size: 1.25rem; line-height: 2rem; vertical-align: baseline; max-width: 42.5rem; width: 680px; float: none; letter-spacing: -0.03125rem; overflow-wrap: break-word;\" data-block-type=\"unstyled\" data-block-weight=\"36\" data-block-id=\"12\">\n<p class=\"content-text__container \" style=\"box-sizing: inherit; margin: 0px; padding: 0px; border: 0px; font: inherit; vertical-align: baseline;\" data-track-category=\"Link no Texto\" data-track-links=\"\">O cons\u00f3rcio ter\u00e1 de passar 5% do faturamento l\u00edquido \u00e0 Ag\u00eancia de Desenvolvimento do Distrito Federal (Terracap). Al\u00e9m disso, o \u00f3rg\u00e3o estima receber pela outorga da concess\u00e3o cerca de R$ 150 milh\u00f5es em 35 anos.<\/p>\n<\/div>\n<div class=\"mc-column content-text active-extra-styles \" style=\"box-sizing: inherit; margin: 0px auto 2rem; padding: 0px 1rem; border: 0px; font-style: inherit; font-variant: inherit; font-weight: inherit; font-stretch: inherit; font-size: 1.25rem; line-height: 2rem; vertical-align: baseline; max-width: 42.5rem; width: 680px; float: none; letter-spacing: -0.03125rem; overflow-wrap: break-word;\" data-block-type=\"unstyled\" data-block-weight=\"25\" data-block-id=\"13\">\n<p class=\"content-text__container \" style=\"box-sizing: inherit; margin: 0px; padding: 0px; border: 0px; font: inherit; vertical-align: baseline;\" data-track-category=\"Link no Texto\" data-track-links=\"\">De acordo com os respons\u00e1veis pela Arena BSB, a expectativa \u00e9 de investimento \u00e9 de R$ 500 milh\u00f5es apenas com a constru\u00e7\u00e3o do boulevard.<\/p>\n<\/div>\n<div class=\"mc-column content-text active-extra-styles\" style=\"box-sizing: inherit; margin: 0px auto 2rem; padding: 0px 1rem; border: 0px; font-style: inherit; font-variant: inherit; font-weight: inherit; font-stretch: inherit; font-size: 1.25rem; line-height: 2rem; vertical-align: baseline; max-width: 42.5rem; width: 680px; float: none; letter-spacing: -0.03125rem; overflow-wrap: break-word;\" data-block-type=\"raw\" data-block-weight=\"4\" data-block-id=\"14\">\n<p class=\"content-text__container\" style=\"box-sizing: inherit; margin: 0px; padding: 0px; border: 0px; font: inherit; vertical-align: baseline;\">\u00a0<\/p>\n<div class=\"content-intertitle\" style=\"box-sizing: inherit; margin: 1rem 0px -0.5rem; padding: 0px; border: 0px; font-style: inherit; font-variant: inherit; font-weight: bold; font-stretch: inherit; font-size: 2rem; line-height: 2.25rem; vertical-align: baseline; letter-spacing: -0.0625rem; color: #111111;\">\n<h2 style=\"box-sizing: inherit; margin: 0px; padding: 0px; border: 0px; font: inherit; vertical-align: baseline;\">Veja os projetos finalistas<\/h2>\n<\/div>\n<p style=\"box-sizing: inherit; margin: 0px; padding: 0px; border: 0px; font: inherit; vertical-align: baseline;\">\u00a0<\/p>\n<\/div>\n<div class=\"mc-column content-text active-extra-styles\" style=\"box-sizing: inherit; margin: 0px auto 2rem; padding: 0px 1rem; border: 0px; font-style: inherit; font-variant: inherit; font-weight: inherit; font-stretch: inherit; font-size: 1.25rem; line-height: 2rem; vertical-align: baseline; max-width: 42.5rem; width: 680px; float: none; letter-spacing: -0.03125rem; overflow-wrap: break-word;\" data-block-type=\"raw\" data-block-weight=\"2\" data-block-id=\"15\">\n<p class=\"content-text__container\" style=\"box-sizing: inherit; margin: 0px; padding: 0px; border: 0px; font: inherit; vertical-align: baseline;\">\u00a0<\/p>\n<ul class=\"content-unordered-list\" style=\"box-sizing: inherit; margin: 0px; padding: 0px; border: 0px; font: inherit; vertical-align: baseline; list-style: none;\">\n<li style=\"box-sizing: inherit; margin: 0px; padding: 0px 0px 0px 25px; border: 0px; font-style: inherit; font-variant: inherit; font-weight: inherit; font-stretch: inherit; font-size: 1.25rem; line-height: inherit; font-family: inherit; vertical-align: baseline; position: relative;\"><span style=\"box-sizing: inherit; margin: 0px; padding: 0px; border: 0px; font-style: inherit; font-variant: inherit; font-weight: bold; font-stretch: inherit; font-size: inherit; line-height: inherit; font-family: inherit; vertical-align: baseline;\">Projeto 1<\/span><\/li>\n<\/ul>\n<p style=\"box-sizing: inherit; margin: 0px; padding: 0px; border: 0px; font: inherit; vertical-align: baseline;\">\u00a0<\/p>\n<\/div>\n<div class=\"mc-column content-text active-extra-styles \" style=\"box-sizing: inherit; margin: 0px auto 2rem; padding: 0px 1rem; border: 0px; font-style: inherit; font-variant: inherit; font-weight: inherit; font-stretch: inherit; font-size: 1.25rem; line-height: 2rem; vertical-align: baseline; max-width: 42.5rem; width: 680px; float: none; letter-spacing: -0.03125rem; overflow-wrap: break-word;\" data-block-type=\"unstyled\" data-block-weight=\"52\" data-block-id=\"16\">\n<p class=\"content-text__container \" style=\"box-sizing: inherit; margin: 0px; padding: 0px; border: 0px; font: inherit; vertical-align: baseline;\" data-track-category=\"Link no Texto\" data-track-links=\"\">Prev\u00ea duas pra\u00e7as, sendo uma na parte nomeada \u201cPra\u00e7a das \u00c1guas\u201d, com \u00e1rea coberta, posicionada no ponto mais alto do terreno e fazendo a separa\u00e7\u00e3o entre o complexo esportivo e o boulevard. A proposta \u00e9 de um grupo de arquitetos da Salvati Empreendimentos Imobili\u00e1rios, de Caxias do Sul (RS).\u00a0<a style=\"box-sizing: inherit; margin: 0px; padding: 0px; border: 0px; font-style: inherit; font-variant: inherit; font-weight: bold; font-stretch: inherit; font-size: inherit; line-height: inherit; font-family: inherit; vertical-align: baseline; color: #c4170c;\" href=\"https:\/\/areaconcurso.s3.amazonaws.com\/documents\/f9b622a16ca1f0f19f6d99eccc5803bc.pdf\" target=\"_blank\" rel=\"noopener noreferrer\">Projeto na \u00edntegra<\/a>.<\/p>\n<\/div>\n<div class=\"row medium-uncollapsed content-media content-photo\" style=\"box-sizing: inherit; margin: 2.5rem auto; padding: 0px; border: 0px; font: inherit; vertical-align: baseline; max-width: 85rem; clear: both;\" data-block-type=\"backstage-photo\" data-block-id=\"17\">\n<div class=\"mc-column content-media__container\" style=\"box-sizing: inherit; margin: 0px auto; padding: 0px 1rem; border: 0px; font: inherit; vertical-align: baseline; max-width: 42.5rem; width: 680px; float: none;\">\n<div class=\"progressive-img can-open-lightbox\" style=\"box-sizing: inherit; margin: 0px; padding: 0px; border: 0px; font: inherit; vertical-align: baseline; background-color: #f6f6f6; background-size: cover; background-repeat: no-repeat; position: relative; overflow: hidden; cursor: pointer;\" data-min-size=\"1008x567\" data-min-size-url=\"https:\/\/s2.glbimg.com\/UETGcFL2floEW8rx33hTqECNo-A=\/0x0:2080x1170\/1008x0\/smart\/filters:strip_icc()\/i.s3.glbimg.com\/v1\/AUTH_59edd422c0c84a879bd37670ae4f538a\/internal_photos\/bs\/2019\/o\/K\/qpsASnTn2Wct3zidvqFw\/finalista-rodrigo-salvati.png\" data-max-size=\"1600x900\" data-max-size-url=\"https:\/\/s2.glbimg.com\/oT2oP2p7p6CQRBXT_1IbvnO4lSo=\/0x0:2080x1170\/1600x0\/smart\/filters:strip_icc()\/i.s3.glbimg.com\/v1\/AUTH_59edd422c0c84a879bd37670ae4f538a\/internal_photos\/bs\/2019\/o\/K\/qpsASnTn2Wct3zidvqFw\/finalista-rodrigo-salvati.png\" data-media-index=\"1\">\n<div class=\"placeholder-container\" style=\"box-sizing: inherit; margin: 0px; padding: 0px 0px 364.5px; border: 0px; font: inherit; vertical-align: baseline; position: relative;\">\u00a0<\/div>\n<p><img decoding=\"async\" class=\"progressive-draft\" style=\"box-sizing: inherit; margin: 0px; padding: 0px; border: 0px; font: inherit; vertical-align: baseline; opacity: 1; width: 648px; transition: opacity 0.3s linear 0s; position: absolute; top: 0px; left: auto; filter: blur(10px); transform: scale(1); max-height: 100%;\" title=\"Projeto da Salvati Empreendimentos Imobili\u00e1rios para a \u00e1rea de lazer do Complexo Esportivo e de Lazer Arena BSB \u2014 Foto: Divulga\u00e7\u00e3o\" src=\"data:image\/jpeg;base64,\/9j\/4AAQSkZJRgABAQAAAQABAAD\/2wBDAAMCAgMCAgMDAwMEAwMEBQgFBQQEBQoHBwYIDAoMDAsKCwsNDhIQDQ4RDgsLEBYQERMUFRUVDA8XGBYUGBIUFRT\/2wBDAQMEBAUEBQkFBQkUDQsNFBQUFBQUFBQUFBQUFBQUFBQUFBQUFBQUFBQUFBQUFBQUFBQUFBQUFBQUFBQUFBQUFBT\/wgARCAAOABkDASIAAhEBAxEB\/8QAGAAAAwEBAAAAAAAAAAAAAAAABAYHBQj\/xAAVAQEBAAAAAAAAAAAAAAAAAAADAP\/aAAwDAQACEAMQAAABpyemElUnZ5pKMP\/EAB4QAAEEAQUAAAAAAAAAAAAAAAUAAgMEAQYSExQV\/9oACAEBAAEFArJUM5WrgyF0N0MxdkYog+9xXDIaMOoebHqRL\/\/EABkRAAIDAQAAAAAAAAAAAAAAAAABAgMEUf\/aAAgBAwEBPwFZYWMVMOH\/xAAbEQABBAMAAAAAAAAAAAAAAAADAAECBBIVQf\/aAAgBAgEBPwEl01eOTrYHfi\/\/xAAmEAABAwEFCQAAAAAAAAAAAAABAAISIQMEERMxFDI0QVFSYpLi\/9oACAEBAAY\/AouvI6bpRcyd4Z32QomjahI8oFcSxStasx0lIohrcseIWVaglzaF+AqtX+n0v\/\/EAB4QAQACAgIDAQAAAAAAAAAAAAEAESExQfFRgaHB\/9oACAEBAAE\/IWURvKn8hUHpS1tqspFhJKtt8anQMN33rNH2GIEJN81GCcI9djHGMfWdfj\/\/2gAMAwEAAgADAAAAEJIP\/8QAGREBAAIDAAAAAAAAAAAAAAAAAQBBgbHB\/9oACAEDAQE\/EBgHKzuU4\/\/EABwRAAEEAwEAAAAAAAAAAAAAAAEAESFBMaGxwf\/aAAgBAgEBPxAvMKiTki44nbh2vV\/\/xAAgEAEBAAIBAwUAAAAAAAAAAAABEQAxIRBBcVFhkcHw\/9oACAEBAAE\/EKQr4QM78wC71h8JYaAKdRQ1tyTQkDS+Xh+M\/NfWJ1Rc8IIojwL7mWUSyiJWEZX1sXFQP3uISKYQqvG+kT\/\/2Q==\" alt=\"Projeto da Salvati Empreendimentos Imobili\u00e1rios para a \u00e1rea de lazer do Complexo Esportivo e de Lazer Arena BSB \u2014 Foto: Divulga\u00e7\u00e3o\" \/><picture style=\"box-sizing: inherit;\"><source style=\"box-sizing: inherit;\" srcset=\"https:\/\/s2.glbimg.com\/F9w1_p78l5ULzDjVUCE_HzGIABk=\/0x0:2080x1170\/600x0\/smart\/filters:strip_icc()\/i.s3.glbimg.com\/v1\/AUTH_59edd422c0c84a879bd37670ae4f538a\/internal_photos\/bs\/2019\/o\/K\/qpsASnTn2Wct3zidvqFw\/finalista-rodrigo-salvati.png 1x, https:\/\/s2.glbimg.com\/rV-ISilTvWrVh4PQ5-ttmbAcdYo=\/0x0:2080x1170\/1200x0\/smart\/filters:strip_icc()\/i.s3.glbimg.com\/v1\/AUTH_59edd422c0c84a879bd37670ae4f538a\/internal_photos\/bs\/2019\/o\/K\/qpsASnTn2Wct3zidvqFw\/finalista-rodrigo-salvati.png 2x\" media=\"(max-width: 1024px)\" data-src=\"https:\/\/s2.glbimg.com\/F9w1_p78l5ULzDjVUCE_HzGIABk=\/0x0:2080x1170\/600x0\/smart\/filters:strip_icc()\/i.s3.glbimg.com\/v1\/AUTH_59edd422c0c84a879bd37670ae4f538a\/internal_photos\/bs\/2019\/o\/K\/qpsASnTn2Wct3zidvqFw\/finalista-rodrigo-salvati.png 1x, https:\/\/s2.glbimg.com\/rV-ISilTvWrVh4PQ5-ttmbAcdYo=\/0x0:2080x1170\/1200x0\/smart\/filters:strip_icc()\/i.s3.glbimg.com\/v1\/AUTH_59edd422c0c84a879bd37670ae4f538a\/internal_photos\/bs\/2019\/o\/K\/qpsASnTn2Wct3zidvqFw\/finalista-rodrigo-salvati.png 2x\" \/><source style=\"box-sizing: inherit;\" srcset=\"https:\/\/s2.glbimg.com\/xJ0GCGKC5618imiEdIM3DTVz6kQ=\/0x0:2080x1170\/640x0\/smart\/filters:strip_icc()\/i.s3.glbimg.com\/v1\/AUTH_59edd422c0c84a879bd37670ae4f538a\/internal_photos\/bs\/2019\/o\/K\/qpsASnTn2Wct3zidvqFw\/finalista-rodrigo-salvati.png 1x, https:\/\/s2.glbimg.com\/FWaCar4-8fik89MaJr3HK5SEE80=\/0x0:2080x1170\/1280x0\/smart\/filters:strip_icc()\/i.s3.glbimg.com\/v1\/AUTH_59edd422c0c84a879bd37670ae4f538a\/internal_photos\/bs\/2019\/o\/K\/qpsASnTn2Wct3zidvqFw\/finalista-rodrigo-salvati.png 2x\" media=\"(max-width: 1280px)\" data-src=\"https:\/\/s2.glbimg.com\/xJ0GCGKC5618imiEdIM3DTVz6kQ=\/0x0:2080x1170\/640x0\/smart\/filters:strip_icc()\/i.s3.glbimg.com\/v1\/AUTH_59edd422c0c84a879bd37670ae4f538a\/internal_photos\/bs\/2019\/o\/K\/qpsASnTn2Wct3zidvqFw\/finalista-rodrigo-salvati.png 1x, https:\/\/s2.glbimg.com\/FWaCar4-8fik89MaJr3HK5SEE80=\/0x0:2080x1170\/1280x0\/smart\/filters:strip_icc()\/i.s3.glbimg.com\/v1\/AUTH_59edd422c0c84a879bd37670ae4f538a\/internal_photos\/bs\/2019\/o\/K\/qpsASnTn2Wct3zidvqFw\/finalista-rodrigo-salvati.png 2x\" \/><source style=\"box-sizing: inherit;\" srcset=\"https:\/\/s2.glbimg.com\/jo-TylQWrTJc3O9Vfoxoh-kHS8s=\/0x0:2080x1170\/984x0\/smart\/filters:strip_icc()\/i.s3.glbimg.com\/v1\/AUTH_59edd422c0c84a879bd37670ae4f538a\/internal_photos\/bs\/2019\/o\/K\/qpsASnTn2Wct3zidvqFw\/finalista-rodrigo-salvati.png 1x, https:\/\/s2.glbimg.com\/q-A6xIqy5M0OSDvrZmg55YpVGUM=\/0x0:2080x1170\/1968x0\/smart\/filters:strip_icc()\/i.s3.glbimg.com\/v1\/AUTH_59edd422c0c84a879bd37670ae4f538a\/internal_photos\/bs\/2019\/o\/K\/qpsASnTn2Wct3zidvqFw\/finalista-rodrigo-salvati.png 2x\" media=\"(max-width: 1360px)\" data-src=\"https:\/\/s2.glbimg.com\/jo-TylQWrTJc3O9Vfoxoh-kHS8s=\/0x0:2080x1170\/984x0\/smart\/filters:strip_icc()\/i.s3.glbimg.com\/v1\/AUTH_59edd422c0c84a879bd37670ae4f538a\/internal_photos\/bs\/2019\/o\/K\/qpsASnTn2Wct3zidvqFw\/finalista-rodrigo-salvati.png 1x, https:\/\/s2.glbimg.com\/q-A6xIqy5M0OSDvrZmg55YpVGUM=\/0x0:2080x1170\/1968x0\/smart\/filters:strip_icc()\/i.s3.glbimg.com\/v1\/AUTH_59edd422c0c84a879bd37670ae4f538a\/internal_photos\/bs\/2019\/o\/K\/qpsASnTn2Wct3zidvqFw\/finalista-rodrigo-salvati.png 2x\" \/><source style=\"box-sizing: inherit;\" srcset=\"https:\/\/s2.glbimg.com\/trmfK_28TWjSm6NxuvxjmGBfteI=\/0x0:2080x1170\/1000x0\/smart\/filters:strip_icc()\/i.s3.glbimg.com\/v1\/AUTH_59edd422c0c84a879bd37670ae4f538a\/internal_photos\/bs\/2019\/o\/K\/qpsASnTn2Wct3zidvqFw\/finalista-rodrigo-salvati.png 1x, https:\/\/s2.glbimg.com\/rucJF0w6kyU8jIfWp6PLZ-0cGdg=\/0x0:2080x1170\/2000x0\/smart\/filters:strip_icc()\/i.s3.glbimg.com\/v1\/AUTH_59edd422c0c84a879bd37670ae4f538a\/internal_photos\/bs\/2019\/o\/K\/qpsASnTn2Wct3zidvqFw\/finalista-rodrigo-salvati.png 2x\" media=\"(min-width: 1361px)\" data-src=\"https:\/\/s2.glbimg.com\/trmfK_28TWjSm6NxuvxjmGBfteI=\/0x0:2080x1170\/1000x0\/smart\/filters:strip_icc()\/i.s3.glbimg.com\/v1\/AUTH_59edd422c0c84a879bd37670ae4f538a\/internal_photos\/bs\/2019\/o\/K\/qpsASnTn2Wct3zidvqFw\/finalista-rodrigo-salvati.png 1x, https:\/\/s2.glbimg.com\/rucJF0w6kyU8jIfWp6PLZ-0cGdg=\/0x0:2080x1170\/2000x0\/smart\/filters:strip_icc()\/i.s3.glbimg.com\/v1\/AUTH_59edd422c0c84a879bd37670ae4f538a\/internal_photos\/bs\/2019\/o\/K\/qpsASnTn2Wct3zidvqFw\/finalista-rodrigo-salvati.png 2x\" \/><source style=\"box-sizing: inherit;\" srcset=\"https:\/\/s2.glbimg.com\/jo-TylQWrTJc3O9Vfoxoh-kHS8s=\/0x0:2080x1170\/984x0\/smart\/filters:strip_icc()\/i.s3.glbimg.com\/v1\/AUTH_59edd422c0c84a879bd37670ae4f538a\/internal_photos\/bs\/2019\/o\/K\/qpsASnTn2Wct3zidvqFw\/finalista-rodrigo-salvati.png\" data-src=\"https:\/\/s2.glbimg.com\/jo-TylQWrTJc3O9Vfoxoh-kHS8s=\/0x0:2080x1170\/984x0\/smart\/filters:strip_icc()\/i.s3.glbimg.com\/v1\/AUTH_59edd422c0c84a879bd37670ae4f538a\/internal_photos\/bs\/2019\/o\/K\/qpsASnTn2Wct3zidvqFw\/finalista-rodrigo-salvati.png\" \/><img decoding=\"async\" class=\"image content-media__image progressive-loaded\" style=\"box-sizing: inherit; margin: 0px; padding: 0px; border: 0px; font: inherit; vertical-align: baseline; width: 648px; display: block; opacity: 1; transition: opacity 0.3s linear 0s; position: absolute; top: 0px; left: 0px;\" title=\"Projeto da Salvati Empreendimentos Imobili\u00e1rios para a \u00e1rea de lazer do Complexo Esportivo e de Lazer Arena BSB \u2014 Foto: Divulga\u00e7\u00e3o\" src=\"https:\/\/s2.glbimg.com\/jo-TylQWrTJc3O9Vfoxoh-kHS8s=\/0x0:2080x1170\/984x0\/smart\/filters:strip_icc()\/i.s3.glbimg.com\/v1\/AUTH_59edd422c0c84a879bd37670ae4f538a\/internal_photos\/bs\/2019\/o\/K\/qpsASnTn2Wct3zidvqFw\/finalista-rodrigo-salvati.png\" alt=\"Projeto da Salvati Empreendimentos Imobili\u00e1rios para a \u00e1rea de lazer do Complexo Esportivo e de Lazer Arena BSB \u2014 Foto: Divulga\u00e7\u00e3o\" data-src=\"https:\/\/s2.glbimg.com\/jo-TylQWrTJc3O9Vfoxoh-kHS8s=\/0x0:2080x1170\/984x0\/smart\/filters:strip_icc()\/i.s3.glbimg.com\/v1\/AUTH_59edd422c0c84a879bd37670ae4f538a\/internal_photos\/bs\/2019\/o\/K\/qpsASnTn2Wct3zidvqFw\/finalista-rodrigo-salvati.png\" \/><\/picture><\/div>\n<p class=\"content-media__description \" style=\"box-sizing: inherit; margin: 1rem 0px 0px; padding: 0px; border: 0px; font-style: inherit; font-variant: inherit; font-weight: inherit; font-stretch: inherit; font-size: 0.75rem; line-height: 1rem; font-family: inherit; vertical-align: baseline; color: #555555;\">Projeto da Salvati Empreendimentos Imobili\u00e1rios para a \u00e1rea de lazer do Complexo Esportivo e de Lazer Arena BSB \u2014 Foto: Divulga\u00e7\u00e3o<\/p>\n<\/div>\n<\/div>\n<div class=\"content-ads content-ads--reveal\" style=\"box-sizing: inherit; margin: 0px auto; padding: 0px; border: 0px; font: inherit; vertical-align: baseline; width: 970px; transition: height 0.9s ease 0s; overflow: hidden;\" data-block-type=\"ads\" data-block-id=\"18\">\u00a0<\/div>\n<div class=\"mc-column content-text active-extra-styles\" style=\"box-sizing: inherit; margin: 0px auto 2rem; padding: 0px 1rem; border: 0px; font-style: inherit; font-variant: inherit; font-weight: inherit; font-stretch: inherit; font-size: 1.25rem; line-height: 2rem; vertical-align: baseline; max-width: 42.5rem; width: 680px; float: none; letter-spacing: -0.03125rem; overflow-wrap: break-word;\" data-block-type=\"raw\" data-block-weight=\"2\" data-block-id=\"19\">\n<p class=\"content-text__container\" style=\"box-sizing: inherit; margin: 0px; padding: 0px; border: 0px; font: inherit; vertical-align: baseline;\">\u00a0<\/p>\n<ul class=\"content-unordered-list\" style=\"box-sizing: inherit; margin: 0px; padding: 0px; border: 0px; font: inherit; vertical-align: baseline; list-style: none;\">\n<li style=\"box-sizing: inherit; margin: 0px; padding: 0px 0px 0px 25px; border: 0px; font-style: inherit; font-variant: inherit; font-weight: inherit; font-stretch: inherit; font-size: 1.25rem; line-height: inherit; font-family: inherit; vertical-align: baseline; position: relative;\"><span style=\"box-sizing: inherit; margin: 0px; padding: 0px; border: 0px; font-style: inherit; font-variant: inherit; font-weight: bold; font-stretch: inherit; font-size: inherit; line-height: inherit; font-family: inherit; vertical-align: baseline;\">Projeto<\/span>\u00a0<span style=\"box-sizing: inherit; margin: 0px; padding: 0px; border: 0px; font-style: inherit; font-variant: inherit; font-weight: bold; font-stretch: inherit; font-size: inherit; line-height: inherit; font-family: inherit; vertical-align: baseline;\">2<\/span><\/li>\n<\/ul>\n<p style=\"box-sizing: inherit; margin: 0px; padding: 0px; border: 0px; font: inherit; vertical-align: baseline;\">\u00a0<\/p>\n<\/div>\n<div class=\"mc-column content-text active-extra-styles \" style=\"box-sizing: inherit; margin: 0px auto 2rem; padding: 0px 1rem; border: 0px; font-style: inherit; font-variant: inherit; font-weight: inherit; font-stretch: inherit; font-size: 1.25rem; line-height: 2rem; vertical-align: baseline; max-width: 42.5rem; width: 680px; float: none; letter-spacing: -0.03125rem; overflow-wrap: break-word;\" data-block-type=\"unstyled\" data-block-weight=\"60\" data-block-id=\"20\">\n<p class=\"content-text__container \" style=\"box-sizing: inherit; margin: 0px; padding: 0px; border: 0px; font: inherit; vertical-align: baseline;\" data-track-category=\"Link no Texto\" data-track-links=\"\">Cria um mirante em \u00e1rea lateral do Man\u00e9 Garrincha com vis\u00e3o para a cidade, de onde ser\u00e1 poss\u00edvel ver o Lago Parano\u00e1. A an\u00e1lise t\u00e9cnica destaca o paisagismo de vegeta\u00e7\u00e3o rasteira &#8211; baixa &#8211; que visa enfatizar o Est\u00e1dio Man\u00e9 Garrincha como monumento aos visitantes. Feito pelo grupo de arquitetos da ARQBR Arquitetura e Urbanismo, de Bras\u00edlia.\u00a0<a style=\"box-sizing: inherit; margin: 0px; padding: 0px; border: 0px; font-style: inherit; font-variant: inherit; font-weight: bold; font-stretch: inherit; font-size: inherit; line-height: inherit; font-family: inherit; vertical-align: baseline; color: #c4170c;\" href=\"https:\/\/areaconcurso.s3.amazonaws.com\/documents\/6d9024595f6c67948938ad64dd02b84a.pdf\" target=\"_blank\" rel=\"noopener noreferrer\">Projeto na \u00edntegra<\/a>.<\/p>\n<\/div>\n<div class=\"row medium-uncollapsed content-media content-photo\" style=\"box-sizing: inherit; margin: 2.5rem auto; padding: 0px; border: 0px; font: inherit; vertical-align: baseline; max-width: 85rem; clear: both;\" data-block-type=\"backstage-photo\" data-block-id=\"21\">\n<div class=\"mc-column content-media__container\" style=\"box-sizing: inherit; margin: 0px auto; padding: 0px 1rem; border: 0px; font: inherit; vertical-align: baseline; max-width: 42.5rem; width: 680px; float: none;\">\n<div class=\"progressive-img can-open-lightbox\" style=\"box-sizing: inherit; margin: 0px; padding: 0px; border: 0px; font: inherit; vertical-align: baseline; background-color: #f6f6f6; background-size: cover; background-repeat: no-repeat; position: relative; overflow: hidden; cursor: pointer;\" data-min-size=\"1008x725\" data-min-size-url=\"https:\/\/s2.glbimg.com\/ieWZvyAAUZ-WR914WNkIYZEKdPg=\/0x0:5456x3929\/1008x0\/smart\/filters:strip_icc()\/i.s3.glbimg.com\/v1\/AUTH_59edd422c0c84a879bd37670ae4f538a\/internal_photos\/bs\/2019\/s\/3\/tpvjUUQbyFVA0oFJtamg\/finalista-eder-rodrigues-de-alencar.jpg\" data-max-size=\"1600x1152\" data-max-size-url=\"https:\/\/s2.glbimg.com\/b-i5DECsmsVq-SyQhHiQY2lk_QU=\/0x0:5456x3929\/1600x0\/smart\/filters:strip_icc()\/i.s3.glbimg.com\/v1\/AUTH_59edd422c0c84a879bd37670ae4f538a\/internal_photos\/bs\/2019\/s\/3\/tpvjUUQbyFVA0oFJtamg\/finalista-eder-rodrigues-de-alencar.jpg\" data-media-index=\"2\">\n<div class=\"placeholder-container\" style=\"box-sizing: inherit; margin: 0px; padding: 0px 0px 466.641px; border: 0px; font: inherit; vertical-align: baseline; position: relative;\">\u00a0<\/div>\n<p><img decoding=\"async\" class=\"progressive-draft\" style=\"box-sizing: inherit; margin: 0px; padding: 0px; border: 0px; font: inherit; vertical-align: baseline; opacity: 1; width: 648px; transition: opacity 0.3s linear 0s; position: absolute; top: 0px; left: auto; filter: blur(10px); transform: scale(1); max-height: 100%;\" title=\"Projeto da ARQBR Arquitetura e Urbanismo para a \u00e1rea de lazer do Complexo Esportivo e de Lazer Arena BSB \u2014 Foto: Divulga\u00e7\u00e3o\" src=\"data:image\/jpeg;base64,\/9j\/4AAQSkZJRgABAQAAAQABAAD\/2wBDAAMCAgMCAgMDAwMEAwMEBQgFBQQEBQoHBwYIDAoMDAsKCwsNDhIQDQ4RDgsLEBYQERMUFRUVDA8XGBYUGBIUFRT\/2wBDAQMEBAUEBQkFBQkUDQsNFBQUFBQUFBQUFBQUFBQUFBQUFBQUFBQUFBQUFBQUFBQUFBQUFBQUFBQUFBQUFBQUFBT\/wgARCAASABkDASIAAhEBAxEB\/8QAGQAAAgMBAAAAAAAAAAAAAAAAAAYDBAcF\/8QAFgEBAQEAAAAAAAAAAAAAAAAAAgME\/9oADAMBAAIQAxAAAAHUOcq15pojypeZ2hPDJuWbwUj\/AP\/EAB0QAAICAgMBAAAAAAAAAAAAAAECAwQAEgUTIxX\/2gAIAQEAAQUC2Qh78EZPMVgPuVMsTtMlu7G7XUC57Y487LHeIDt0XP\/EABgRAAIDAAAAAAAAAAAAAAAAAAASAQIQ\/9oACAEDAQE\/AUgQtn\/\/xAAYEQACAwAAAAAAAAAAAAAAAAAAAgEQEv\/aAAgBAgEBPwHZDCV\/\/8QAJBAAAQMDBAEFAAAAAAAAAAAAAQACEQMhMgQSIkITI1GRwdH\/2gAIAQEABj8CkGR7gqC66nksnfCIqPfwdMC4P6vF6WnqAZMO2Z+k06blS7O3B11gmqrfqgsQv\/\/EACEQAAICAQIHAAAAAAAAAAAAAAERACExQWEQUXGx0fDx\/9oACAEBAAE\/IQhvJBEz2MAFuEBFBtwQEoFZRBYpZagxDE2IcUU6HRDbKgUjaCO0968wBIrRuIbLQ94VQMmfIn\/\/2gAMAwEAAgADAAAAEHwX\/v\/EABcRAQEBAQAAAAAAAAAAAAAAAAEAMUH\/2gAIAQMBAT8QSyQcskX\/xAAXEQADAQAAAAAAAAAAAAAAAAAAATER\/9oACAECAQE\/EFumpDHT\/8QAHhABAQACAgIDAAAAAAAAAAAAAREAITFBEFFhkfH\/2gAIAQEAAT8QfiTN0UE1ui7EwTHaIo5AO\/jnNlEWb\/U8TNeAbVAvXYbFEoY8s6lNkhRO6HB7wnQn2NqARU0rO3vJ7cmGG6jfGBKJopBjeMCyo050Z+Lz\/9k=\" alt=\"Projeto da ARQBR Arquitetura e Urbanismo para a \u00e1rea de lazer do Complexo Esportivo e de Lazer Arena BSB \u2014 Foto: Divulga\u00e7\u00e3o\" \/><picture style=\"box-sizing: inherit;\"><source style=\"box-sizing: inherit;\" srcset=\"https:\/\/s2.glbimg.com\/zb9hU2MdLwff0qbiJOY_otUpOWE=\/0x0:5456x3929\/600x0\/smart\/filters:strip_icc()\/i.s3.glbimg.com\/v1\/AUTH_59edd422c0c84a879bd37670ae4f538a\/internal_photos\/bs\/2019\/s\/3\/tpvjUUQbyFVA0oFJtamg\/finalista-eder-rodrigues-de-alencar.jpg 1x, https:\/\/s2.glbimg.com\/If0YdPITpPSttWka5GYMA1jLpkQ=\/0x0:5456x3929\/1200x0\/smart\/filters:strip_icc()\/i.s3.glbimg.com\/v1\/AUTH_59edd422c0c84a879bd37670ae4f538a\/internal_photos\/bs\/2019\/s\/3\/tpvjUUQbyFVA0oFJtamg\/finalista-eder-rodrigues-de-alencar.jpg 2x\" media=\"(max-width: 1024px)\" data-src=\"https:\/\/s2.glbimg.com\/zb9hU2MdLwff0qbiJOY_otUpOWE=\/0x0:5456x3929\/600x0\/smart\/filters:strip_icc()\/i.s3.glbimg.com\/v1\/AUTH_59edd422c0c84a879bd37670ae4f538a\/internal_photos\/bs\/2019\/s\/3\/tpvjUUQbyFVA0oFJtamg\/finalista-eder-rodrigues-de-alencar.jpg 1x, https:\/\/s2.glbimg.com\/If0YdPITpPSttWka5GYMA1jLpkQ=\/0x0:5456x3929\/1200x0\/smart\/filters:strip_icc()\/i.s3.glbimg.com\/v1\/AUTH_59edd422c0c84a879bd37670ae4f538a\/internal_photos\/bs\/2019\/s\/3\/tpvjUUQbyFVA0oFJtamg\/finalista-eder-rodrigues-de-alencar.jpg 2x\" \/><source style=\"box-sizing: inherit;\" srcset=\"https:\/\/s2.glbimg.com\/-td-hv485OOrQ4NdA9DqbOdJkD4=\/0x0:5456x3929\/640x0\/smart\/filters:strip_icc()\/i.s3.glbimg.com\/v1\/AUTH_59edd422c0c84a879bd37670ae4f538a\/internal_photos\/bs\/2019\/s\/3\/tpvjUUQbyFVA0oFJtamg\/finalista-eder-rodrigues-de-alencar.jpg 1x, https:\/\/s2.glbimg.com\/Sqoowf459yAS5EXn5dC4SMq9acY=\/0x0:5456x3929\/1280x0\/smart\/filters:strip_icc()\/i.s3.glbimg.com\/v1\/AUTH_59edd422c0c84a879bd37670ae4f538a\/internal_photos\/bs\/2019\/s\/3\/tpvjUUQbyFVA0oFJtamg\/finalista-eder-rodrigues-de-alencar.jpg 2x\" media=\"(max-width: 1280px)\" data-src=\"https:\/\/s2.glbimg.com\/-td-hv485OOrQ4NdA9DqbOdJkD4=\/0x0:5456x3929\/640x0\/smart\/filters:strip_icc()\/i.s3.glbimg.com\/v1\/AUTH_59edd422c0c84a879bd37670ae4f538a\/internal_photos\/bs\/2019\/s\/3\/tpvjUUQbyFVA0oFJtamg\/finalista-eder-rodrigues-de-alencar.jpg 1x, https:\/\/s2.glbimg.com\/Sqoowf459yAS5EXn5dC4SMq9acY=\/0x0:5456x3929\/1280x0\/smart\/filters:strip_icc()\/i.s3.glbimg.com\/v1\/AUTH_59edd422c0c84a879bd37670ae4f538a\/internal_photos\/bs\/2019\/s\/3\/tpvjUUQbyFVA0oFJtamg\/finalista-eder-rodrigues-de-alencar.jpg 2x\" \/><source style=\"box-sizing: inherit;\" srcset=\"https:\/\/s2.glbimg.com\/KV1O9flg4RB3FUpEVJXa4kv86xc=\/0x0:5456x3929\/984x0\/smart\/filters:strip_icc()\/i.s3.glbimg.com\/v1\/AUTH_59edd422c0c84a879bd37670ae4f538a\/internal_photos\/bs\/2019\/s\/3\/tpvjUUQbyFVA0oFJtamg\/finalista-eder-rodrigues-de-alencar.jpg 1x, https:\/\/s2.glbimg.com\/-gdbMmzuJZUXs83QGGCiVZzrkag=\/0x0:5456x3929\/1968x0\/smart\/filters:strip_icc()\/i.s3.glbimg.com\/v1\/AUTH_59edd422c0c84a879bd37670ae4f538a\/internal_photos\/bs\/2019\/s\/3\/tpvjUUQbyFVA0oFJtamg\/finalista-eder-rodrigues-de-alencar.jpg 2x\" media=\"(max-width: 1360px)\" data-src=\"https:\/\/s2.glbimg.com\/KV1O9flg4RB3FUpEVJXa4kv86xc=\/0x0:5456x3929\/984x0\/smart\/filters:strip_icc()\/i.s3.glbimg.com\/v1\/AUTH_59edd422c0c84a879bd37670ae4f538a\/internal_photos\/bs\/2019\/s\/3\/tpvjUUQbyFVA0oFJtamg\/finalista-eder-rodrigues-de-alencar.jpg 1x, https:\/\/s2.glbimg.com\/-gdbMmzuJZUXs83QGGCiVZzrkag=\/0x0:5456x3929\/1968x0\/smart\/filters:strip_icc()\/i.s3.glbimg.com\/v1\/AUTH_59edd422c0c84a879bd37670ae4f538a\/internal_photos\/bs\/2019\/s\/3\/tpvjUUQbyFVA0oFJtamg\/finalista-eder-rodrigues-de-alencar.jpg 2x\" \/><source style=\"box-sizing: inherit;\" srcset=\"https:\/\/s2.glbimg.com\/da2yhI63Z4ZGTzlZGf4x5YHACfI=\/0x0:5456x3929\/1000x0\/smart\/filters:strip_icc()\/i.s3.glbimg.com\/v1\/AUTH_59edd422c0c84a879bd37670ae4f538a\/internal_photos\/bs\/2019\/s\/3\/tpvjUUQbyFVA0oFJtamg\/finalista-eder-rodrigues-de-alencar.jpg 1x, https:\/\/s2.glbimg.com\/KG4WCnrntC7tVXIgS9tiStvCa2c=\/0x0:5456x3929\/2000x0\/smart\/filters:strip_icc()\/i.s3.glbimg.com\/v1\/AUTH_59edd422c0c84a879bd37670ae4f538a\/internal_photos\/bs\/2019\/s\/3\/tpvjUUQbyFVA0oFJtamg\/finalista-eder-rodrigues-de-alencar.jpg 2x\" media=\"(min-width: 1361px)\" data-src=\"https:\/\/s2.glbimg.com\/da2yhI63Z4ZGTzlZGf4x5YHACfI=\/0x0:5456x3929\/1000x0\/smart\/filters:strip_icc()\/i.s3.glbimg.com\/v1\/AUTH_59edd422c0c84a879bd37670ae4f538a\/internal_photos\/bs\/2019\/s\/3\/tpvjUUQbyFVA0oFJtamg\/finalista-eder-rodrigues-de-alencar.jpg 1x, https:\/\/s2.glbimg.com\/KG4WCnrntC7tVXIgS9tiStvCa2c=\/0x0:5456x3929\/2000x0\/smart\/filters:strip_icc()\/i.s3.glbimg.com\/v1\/AUTH_59edd422c0c84a879bd37670ae4f538a\/internal_photos\/bs\/2019\/s\/3\/tpvjUUQbyFVA0oFJtamg\/finalista-eder-rodrigues-de-alencar.jpg 2x\" \/><source style=\"box-sizing: inherit;\" srcset=\"https:\/\/s2.glbimg.com\/KV1O9flg4RB3FUpEVJXa4kv86xc=\/0x0:5456x3929\/984x0\/smart\/filters:strip_icc()\/i.s3.glbimg.com\/v1\/AUTH_59edd422c0c84a879bd37670ae4f538a\/internal_photos\/bs\/2019\/s\/3\/tpvjUUQbyFVA0oFJtamg\/finalista-eder-rodrigues-de-alencar.jpg\" data-src=\"https:\/\/s2.glbimg.com\/KV1O9flg4RB3FUpEVJXa4kv86xc=\/0x0:5456x3929\/984x0\/smart\/filters:strip_icc()\/i.s3.glbimg.com\/v1\/AUTH_59edd422c0c84a879bd37670ae4f538a\/internal_photos\/bs\/2019\/s\/3\/tpvjUUQbyFVA0oFJtamg\/finalista-eder-rodrigues-de-alencar.jpg\" \/><img decoding=\"async\" class=\"image content-media__image progressive-loaded\" style=\"box-sizing: inherit; margin: 0px; padding: 0px; border: 0px; font: inherit; vertical-align: baseline; width: 648px; display: block; opacity: 1; transition: opacity 0.3s linear 0s; position: absolute; top: 0px; left: 0px;\" title=\"Projeto da ARQBR Arquitetura e Urbanismo para a \u00e1rea de lazer do Complexo Esportivo e de Lazer Arena BSB \u2014 Foto: Divulga\u00e7\u00e3o\" src=\"https:\/\/s2.glbimg.com\/KV1O9flg4RB3FUpEVJXa4kv86xc=\/0x0:5456x3929\/984x0\/smart\/filters:strip_icc()\/i.s3.glbimg.com\/v1\/AUTH_59edd422c0c84a879bd37670ae4f538a\/internal_photos\/bs\/2019\/s\/3\/tpvjUUQbyFVA0oFJtamg\/finalista-eder-rodrigues-de-alencar.jpg\" alt=\"Projeto da ARQBR Arquitetura e Urbanismo para a \u00e1rea de lazer do Complexo Esportivo e de Lazer Arena BSB \u2014 Foto: Divulga\u00e7\u00e3o\" data-src=\"https:\/\/s2.glbimg.com\/KV1O9flg4RB3FUpEVJXa4kv86xc=\/0x0:5456x3929\/984x0\/smart\/filters:strip_icc()\/i.s3.glbimg.com\/v1\/AUTH_59edd422c0c84a879bd37670ae4f538a\/internal_photos\/bs\/2019\/s\/3\/tpvjUUQbyFVA0oFJtamg\/finalista-eder-rodrigues-de-alencar.jpg\" \/><\/picture><\/div>\n<p class=\"content-media__description \" style=\"box-sizing: inherit; margin: 1rem 0px 0px; padding: 0px; border: 0px; font-style: inherit; font-variant: inherit; font-weight: inherit; font-stretch: inherit; font-size: 0.75rem; line-height: 1rem; font-family: inherit; vertical-align: baseline; color: #555555;\">Projeto da ARQBR Arquitetura e Urbanismo para a \u00e1rea de lazer do Complexo Esportivo e de Lazer Arena BSB \u2014 Foto: Divulga\u00e7\u00e3o<\/p>\n<\/div>\n<\/div>\n<div class=\"mc-column content-text active-extra-styles\" style=\"box-sizing: inherit; margin: 0px auto 2rem; padding: 0px 1rem; border: 0px; font-style: inherit; font-variant: inherit; font-weight: inherit; font-stretch: inherit; font-size: 1.25rem; line-height: 2rem; vertical-align: baseline; max-width: 42.5rem; width: 680px; float: none; letter-spacing: -0.03125rem; overflow-wrap: break-word;\" data-block-type=\"raw\" data-block-weight=\"2\" data-block-id=\"22\">\n<p class=\"content-text__container\" style=\"box-sizing: inherit; margin: 0px; padding: 0px; border: 0px; font: inherit; vertical-align: baseline;\">\u00a0<\/p>\n<ul class=\"content-unordered-list\" style=\"box-sizing: inherit; margin: 0px; padding: 0px; border: 0px; font: inherit; vertical-align: baseline; list-style: none;\">\n<li style=\"box-sizing: inherit; margin: 0px; padding: 0px 0px 0px 25px; border: 0px; font-style: inherit; font-variant: inherit; font-weight: inherit; font-stretch: inherit; font-size: 1.25rem; line-height: inherit; font-family: inherit; vertical-align: baseline; position: relative;\"><span style=\"box-sizing: inherit; margin: 0px; padding: 0px; border: 0px; font-style: inherit; font-variant: inherit; font-weight: bold; font-stretch: inherit; font-size: inherit; line-height: inherit; font-family: inherit; vertical-align: baseline;\">Projeto 3<\/span><\/li>\n<\/ul>\n<p style=\"box-sizing: inherit; margin: 0px; padding: 0px; border: 0px; font: inherit; vertical-align: baseline;\">\u00a0<\/p>\n<\/div>\n<div class=\"mc-column content-text active-extra-styles \" style=\"box-sizing: inherit; margin: 0px auto 2rem; padding: 0px 1rem; border: 0px; font-style: inherit; font-variant: inherit; font-weight: inherit; font-stretch: inherit; font-size: 1.25rem; line-height: 2rem; vertical-align: baseline; max-width: 42.5rem; width: 680px; float: none; letter-spacing: -0.03125rem; overflow-wrap: break-word;\" data-block-type=\"unstyled\" data-block-weight=\"46\" data-block-id=\"23\">\n<p class=\"content-text__container \" style=\"box-sizing: inherit; margin: 0px; padding: 0px; border: 0px; font: inherit; vertical-align: baseline;\" data-track-category=\"Link no Texto\" data-track-links=\"\">Inclui uma pra\u00e7a de acesso pela via do Eixo Monumental. O projeto foi destacado pela equipe t\u00e9cnica por incluir cobertura parcial da \u00e1rea de lojas, observando a caracter\u00edstica de clima \u00e1rido da capital. Feito por equipe da AP Arquitetos, de Curitiba (PR).\u00a0<a style=\"box-sizing: inherit; margin: 0px; padding: 0px; border: 0px; font-style: inherit; font-variant: inherit; font-weight: bold; font-stretch: inherit; font-size: inherit; line-height: inherit; font-family: inherit; vertical-align: baseline; color: #c4170c;\" href=\"https:\/\/areaconcurso.s3.amazonaws.com\/documents\/9bcaad2e1d91847d7019ee9d5fa0af4f.pdf\" target=\"_blank\" rel=\"noopener noreferrer\">Projeto na \u00edntegra<\/a>.<\/p>\n<\/div>\n<div class=\"row medium-uncollapsed content-media content-photo\" style=\"box-sizing: inherit; margin: 2.5rem auto; padding: 0px; border: 0px; font: inherit; vertical-align: baseline; max-width: 85rem; clear: both;\" data-block-type=\"backstage-photo\" data-block-id=\"24\">\n<div class=\"mc-column content-media__container\" style=\"box-sizing: inherit; margin: 0px auto; padding: 0px 1rem; border: 0px; font: inherit; vertical-align: baseline; max-width: 42.5rem; width: 680px; float: none;\">\n<div class=\"progressive-img can-open-lightbox\" style=\"box-sizing: inherit; margin: 0px; padding: 0px; border: 0px; font: inherit; vertical-align: baseline; background-color: #f6f6f6; background-size: cover; background-repeat: no-repeat; position: relative; overflow: hidden; cursor: pointer;\" data-min-size=\"1008x455\" data-min-size-url=\"https:\/\/s2.glbimg.com\/b05k79Rr0m4ylHQCcyaQa05TYD8=\/0x0:6106x2760\/1008x0\/smart\/filters:strip_icc()\/i.s3.glbimg.com\/v1\/AUTH_59edd422c0c84a879bd37670ae4f538a\/internal_photos\/bs\/2019\/B\/T\/q67CiXQAiAAhMAF6cWGQ\/finalista-andre-augusto-prevedello.jpg\" data-max-size=\"1600x723\" data-max-size-url=\"https:\/\/s2.glbimg.com\/SzWSY2hvqk_VEZrDSR6ZNeaVet4=\/0x0:6106x2760\/1600x0\/smart\/filters:strip_icc()\/i.s3.glbimg.com\/v1\/AUTH_59edd422c0c84a879bd37670ae4f538a\/internal_photos\/bs\/2019\/B\/T\/q67CiXQAiAAhMAF6cWGQ\/finalista-andre-augusto-prevedello.jpg\" data-media-index=\"3\">\n<div class=\"placeholder-container\" style=\"box-sizing: inherit; margin: 0px; padding: 0px 0px 292.891px; border: 0px; font: inherit; vertical-align: baseline; position: relative;\">\u00a0<\/div>\n<p><img decoding=\"async\" class=\"progressive-draft\" style=\"box-sizing: inherit; margin: 0px; padding: 0px; border: 0px; font: inherit; vertical-align: baseline; opacity: 1; width: 648px; transition: opacity 0.3s linear 0s; position: absolute; top: 0px; left: auto; filter: blur(10px); transform: scale(1); max-height: 100%;\" title=\"Projeto da AP Arquitetos para a \u00e1rea de lazer do Complexo Esportivo e de Lazer Arena BSB \u2014 Foto: Divulga\u00e7\u00e3o \" src=\"data:image\/jpeg;base64,\/9j\/4AAQSkZJRgABAQAAAQABAAD\/2wBDAAMCAgMCAgMDAwMEAwMEBQgFBQQEBQoHBwYIDAoMDAsKCwsNDhIQDQ4RDgsLEBYQERMUFRUVDA8XGBYUGBIUFRT\/2wBDAQMEBAUEBQkFBQkUDQsNFBQUFBQUFBQUFBQUFBQUFBQUFBQUFBQUFBQUFBQUFBQUFBQUFBQUFBQUFBQUFBQUFBT\/wgARCAALABkDASIAAhEBAxEB\/8QAFgABAQEAAAAAAAAAAAAAAAAAAwUH\/8QAFwEAAwEAAAAAAAAAAAAAAAAAAgMEBf\/aAAwDAQACEAMQAAAB1QWTBsn1GpoL\/8QAHRAAAgIBBQAAAAAAAAAAAAAAAgMAAQQREhMUIv\/aAAgBAQABBQIFrbWxNgHMM7LplecpYVcUsZpP\/8QAGBEAAgMAAAAAAAAAAAAAAAAAAQIAESH\/2gAIAQMBAT8BZDdgxRmz\/8QAGhEAAgMBAQAAAAAAAAAAAAAAAQMAAhESIv\/aAAgBAgEBPwFTl8gGsZb1lRk\/\/8QAIxAAAAUBCQEAAAAAAAAAAAAAAAECESEDEBIzQVFhYnGR0f\/aAAgBAQAGPwI1VrpZSDJCDLk7BMx2MOn4FtoC+h2nez\/\/xAAfEAABAwMFAAAAAAAAAAAAAAARAAEhEGFxUYHB0fD\/2gAIAQEAAT8hLB2dR0oAUg8scJ3sszSrAoNINsmYjNyOaS4UC\/\/aAAwDAQACAAMAAAAQuP8A\/8QAFxEBAAMAAAAAAAAAAAAAAAAAEQABIf\/aAAgBAwEBPxBbBew1ZZ\/\/xAAYEQEAAwEAAAAAAAAAAAAAAAABABEhMf\/aAAgBAgEBPxDVZ4tGwbUhP\/\/EAB4QAQEBAQACAgMAAAAAAAAAAAERIQAxUUHxYXGR\/9oACAEBAAE\/EEUAkEKsIgIbrJfM5PsF+gk8FYW6uaThBqr6URm2b6L777Dx0LVRiwWc4BNX7OK\/Vany\/L37P73\/2Q==\" alt=\"Projeto da AP Arquitetos para a \u00e1rea de lazer do Complexo Esportivo e de Lazer Arena BSB \u2014 Foto: Divulga\u00e7\u00e3o \" \/><picture style=\"box-sizing: inherit;\"><source style=\"box-sizing: inherit;\" srcset=\"https:\/\/s2.glbimg.com\/xR4vCISXR1RaNw7kLr0qWhf6uEI=\/0x0:6106x2760\/600x0\/smart\/filters:strip_icc()\/i.s3.glbimg.com\/v1\/AUTH_59edd422c0c84a879bd37670ae4f538a\/internal_photos\/bs\/2019\/B\/T\/q67CiXQAiAAhMAF6cWGQ\/finalista-andre-augusto-prevedello.jpg 1x, https:\/\/s2.glbimg.com\/s7bH42BHW-xDeGmiLW_QlSL0x9I=\/0x0:6106x2760\/1200x0\/smart\/filters:strip_icc()\/i.s3.glbimg.com\/v1\/AUTH_59edd422c0c84a879bd37670ae4f538a\/internal_photos\/bs\/2019\/B\/T\/q67CiXQAiAAhMAF6cWGQ\/finalista-andre-augusto-prevedello.jpg 2x\" media=\"(max-width: 1024px)\" data-src=\"https:\/\/s2.glbimg.com\/xR4vCISXR1RaNw7kLr0qWhf6uEI=\/0x0:6106x2760\/600x0\/smart\/filters:strip_icc()\/i.s3.glbimg.com\/v1\/AUTH_59edd422c0c84a879bd37670ae4f538a\/internal_photos\/bs\/2019\/B\/T\/q67CiXQAiAAhMAF6cWGQ\/finalista-andre-augusto-prevedello.jpg 1x, https:\/\/s2.glbimg.com\/s7bH42BHW-xDeGmiLW_QlSL0x9I=\/0x0:6106x2760\/1200x0\/smart\/filters:strip_icc()\/i.s3.glbimg.com\/v1\/AUTH_59edd422c0c84a879bd37670ae4f538a\/internal_photos\/bs\/2019\/B\/T\/q67CiXQAiAAhMAF6cWGQ\/finalista-andre-augusto-prevedello.jpg 2x\" \/><source style=\"box-sizing: inherit;\" srcset=\"https:\/\/s2.glbimg.com\/iamfkBXjXYFWCnFDkYK2vMmPVZE=\/0x0:6106x2760\/640x0\/smart\/filters:strip_icc()\/i.s3.glbimg.com\/v1\/AUTH_59edd422c0c84a879bd37670ae4f538a\/internal_photos\/bs\/2019\/B\/T\/q67CiXQAiAAhMAF6cWGQ\/finalista-andre-augusto-prevedello.jpg 1x, https:\/\/s2.glbimg.com\/wFD5ln4UryNa0Nw--y6maGLhRjo=\/0x0:6106x2760\/1280x0\/smart\/filters:strip_icc()\/i.s3.glbimg.com\/v1\/AUTH_59edd422c0c84a879bd37670ae4f538a\/internal_photos\/bs\/2019\/B\/T\/q67CiXQAiAAhMAF6cWGQ\/finalista-andre-augusto-prevedello.jpg 2x\" media=\"(max-width: 1280px)\" data-src=\"https:\/\/s2.glbimg.com\/iamfkBXjXYFWCnFDkYK2vMmPVZE=\/0x0:6106x2760\/640x0\/smart\/filters:strip_icc()\/i.s3.glbimg.com\/v1\/AUTH_59edd422c0c84a879bd37670ae4f538a\/internal_photos\/bs\/2019\/B\/T\/q67CiXQAiAAhMAF6cWGQ\/finalista-andre-augusto-prevedello.jpg 1x, https:\/\/s2.glbimg.com\/wFD5ln4UryNa0Nw--y6maGLhRjo=\/0x0:6106x2760\/1280x0\/smart\/filters:strip_icc()\/i.s3.glbimg.com\/v1\/AUTH_59edd422c0c84a879bd37670ae4f538a\/internal_photos\/bs\/2019\/B\/T\/q67CiXQAiAAhMAF6cWGQ\/finalista-andre-augusto-prevedello.jpg 2x\" \/><source style=\"box-sizing: inherit;\" srcset=\"https:\/\/s2.glbimg.com\/AOfEmnKHfghBOgp7BXnhT6SrBuk=\/0x0:6106x2760\/984x0\/smart\/filters:strip_icc()\/i.s3.glbimg.com\/v1\/AUTH_59edd422c0c84a879bd37670ae4f538a\/internal_photos\/bs\/2019\/B\/T\/q67CiXQAiAAhMAF6cWGQ\/finalista-andre-augusto-prevedello.jpg 1x, https:\/\/s2.glbimg.com\/S3Clwj4ahg_-6WK1nRv6iREt6wM=\/0x0:6106x2760\/1968x0\/smart\/filters:strip_icc()\/i.s3.glbimg.com\/v1\/AUTH_59edd422c0c84a879bd37670ae4f538a\/internal_photos\/bs\/2019\/B\/T\/q67CiXQAiAAhMAF6cWGQ\/finalista-andre-augusto-prevedello.jpg 2x\" media=\"(max-width: 1360px)\" data-src=\"https:\/\/s2.glbimg.com\/AOfEmnKHfghBOgp7BXnhT6SrBuk=\/0x0:6106x2760\/984x0\/smart\/filters:strip_icc()\/i.s3.glbimg.com\/v1\/AUTH_59edd422c0c84a879bd37670ae4f538a\/internal_photos\/bs\/2019\/B\/T\/q67CiXQAiAAhMAF6cWGQ\/finalista-andre-augusto-prevedello.jpg 1x, https:\/\/s2.glbimg.com\/S3Clwj4ahg_-6WK1nRv6iREt6wM=\/0x0:6106x2760\/1968x0\/smart\/filters:strip_icc()\/i.s3.glbimg.com\/v1\/AUTH_59edd422c0c84a879bd37670ae4f538a\/internal_photos\/bs\/2019\/B\/T\/q67CiXQAiAAhMAF6cWGQ\/finalista-andre-augusto-prevedello.jpg 2x\" \/><source style=\"box-sizing: inherit;\" srcset=\"https:\/\/s2.glbimg.com\/atVD9KKZJwJi7g73uYVVmJ8PIOE=\/0x0:6106x2760\/1000x0\/smart\/filters:strip_icc()\/i.s3.glbimg.com\/v1\/AUTH_59edd422c0c84a879bd37670ae4f538a\/internal_photos\/bs\/2019\/B\/T\/q67CiXQAiAAhMAF6cWGQ\/finalista-andre-augusto-prevedello.jpg 1x, https:\/\/s2.glbimg.com\/Y0Q7sXanQaQvpItFSRWAvAmiDgw=\/0x0:6106x2760\/2000x0\/smart\/filters:strip_icc()\/i.s3.glbimg.com\/v1\/AUTH_59edd422c0c84a879bd37670ae4f538a\/internal_photos\/bs\/2019\/B\/T\/q67CiXQAiAAhMAF6cWGQ\/finalista-andre-augusto-prevedello.jpg 2x\" media=\"(min-width: 1361px)\" data-src=\"https:\/\/s2.glbimg.com\/atVD9KKZJwJi7g73uYVVmJ8PIOE=\/0x0:6106x2760\/1000x0\/smart\/filters:strip_icc()\/i.s3.glbimg.com\/v1\/AUTH_59edd422c0c84a879bd37670ae4f538a\/internal_photos\/bs\/2019\/B\/T\/q67CiXQAiAAhMAF6cWGQ\/finalista-andre-augusto-prevedello.jpg 1x, https:\/\/s2.glbimg.com\/Y0Q7sXanQaQvpItFSRWAvAmiDgw=\/0x0:6106x2760\/2000x0\/smart\/filters:strip_icc()\/i.s3.glbimg.com\/v1\/AUTH_59edd422c0c84a879bd37670ae4f538a\/internal_photos\/bs\/2019\/B\/T\/q67CiXQAiAAhMAF6cWGQ\/finalista-andre-augusto-prevedello.jpg 2x\" \/><source style=\"box-sizing: inherit;\" srcset=\"https:\/\/s2.glbimg.com\/AOfEmnKHfghBOgp7BXnhT6SrBuk=\/0x0:6106x2760\/984x0\/smart\/filters:strip_icc()\/i.s3.glbimg.com\/v1\/AUTH_59edd422c0c84a879bd37670ae4f538a\/internal_photos\/bs\/2019\/B\/T\/q67CiXQAiAAhMAF6cWGQ\/finalista-andre-augusto-prevedello.jpg\" data-src=\"https:\/\/s2.glbimg.com\/AOfEmnKHfghBOgp7BXnhT6SrBuk=\/0x0:6106x2760\/984x0\/smart\/filters:strip_icc()\/i.s3.glbimg.com\/v1\/AUTH_59edd422c0c84a879bd37670ae4f538a\/internal_photos\/bs\/2019\/B\/T\/q67CiXQAiAAhMAF6cWGQ\/finalista-andre-augusto-prevedello.jpg\" \/><img decoding=\"async\" class=\"image content-media__image progressive-loaded\" style=\"box-sizing: inherit; margin: 0px; padding: 0px; border: 0px; font: inherit; vertical-align: baseline; width: 648px; display: block; opacity: 1; transition: opacity 0.3s linear 0s; position: absolute; top: 0px; left: 0px;\" title=\"Projeto da AP Arquitetos para a \u00e1rea de lazer do Complexo Esportivo e de Lazer Arena BSB \u2014 Foto: Divulga\u00e7\u00e3o \" src=\"https:\/\/s2.glbimg.com\/AOfEmnKHfghBOgp7BXnhT6SrBuk=\/0x0:6106x2760\/984x0\/smart\/filters:strip_icc()\/i.s3.glbimg.com\/v1\/AUTH_59edd422c0c84a879bd37670ae4f538a\/internal_photos\/bs\/2019\/B\/T\/q67CiXQAiAAhMAF6cWGQ\/finalista-andre-augusto-prevedello.jpg\" alt=\"Projeto da AP Arquitetos para a \u00e1rea de lazer do Complexo Esportivo e de Lazer Arena BSB \u2014 Foto: Divulga\u00e7\u00e3o \" data-src=\"https:\/\/s2.glbimg.com\/AOfEmnKHfghBOgp7BXnhT6SrBuk=\/0x0:6106x2760\/984x0\/smart\/filters:strip_icc()\/i.s3.glbimg.com\/v1\/AUTH_59edd422c0c84a879bd37670ae4f538a\/internal_photos\/bs\/2019\/B\/T\/q67CiXQAiAAhMAF6cWGQ\/finalista-andre-augusto-prevedello.jpg\" \/><\/picture><\/div>\n<p class=\"content-media__description \" style=\"box-sizing: inherit; margin: 1rem 0px 0px; padding: 0px; border: 0px; font-style: inherit; font-variant: inherit; font-weight: inherit; font-stretch: inherit; font-size: 0.75rem; line-height: 1rem; font-family: inherit; vertical-align: baseline; color: #555555;\">Projeto da AP Arquitetos para a \u00e1rea de lazer do Complexo Esportivo e de Lazer Arena BSB \u2014 Foto: Divulga\u00e7\u00e3o<\/p>\n<\/div>\n<\/div>\n<div class=\"content-ads content-ads--reveal\" style=\"box-sizing: inherit; margin: 0px auto; padding: 0px; border: 0px; font: inherit; vertical-align: baseline; width: 970px; transition: height 0.9s ease 0s; overflow: hidden;\" data-block-type=\"ads\" data-block-id=\"25\">\u00a0<\/div>\n<div style=\"box-sizing: inherit; margin: 0px; padding: 0px; border: 0px; font: inherit; vertical-align: baseline;\" data-track-category=\"multicontent\" data-track-action=\"ultimo chunk conteudo\" data-track-noninteraction=\"false\" data-track-scroll=\"view\">\n<div class=\"mc-column content-text active-extra-styles \" style=\"box-sizing: inherit; margin: 0px auto 2rem; padding: 0px 1rem; border: 0px; font-style: inherit; font-variant: inherit; font-weight: inherit; font-stretch: inherit; font-size: 1.25rem; line-height: 2rem; vertical-align: baseline; max-width: 42.5rem; width: 680px; float: none; letter-spacing: -0.03125rem; overflow-wrap: break-word;\" data-block-type=\"unstyled\" data-block-weight=\"9\" data-block-id=\"26\">\n<p class=\"content-text__container \" style=\"box-sizing: inherit; margin: 0px; padding: 0px; border: 0px; font: inherit; vertical-align: baseline;\" data-track-category=\"Link no Texto\" data-track-links=\"\">Leia mais not\u00edcias sobre a regi\u00e3o no\u00a0<a style=\"box-sizing: inherit; margin: 0px; padding: 0px; border: 0px; font-style: inherit; font-variant: inherit; font-weight: bold; font-stretch: inherit; font-size: inherit; line-height: inherit; font-family: inherit; vertical-align: baseline; color: #c4170c;\" href=\"https:\/\/g1.globo.com\/df\/distrito-federal\/\">G1 DF<\/a>.<\/p>\n<\/div>\n<\/div>\n<\/div>\n<\/article>\n<\/div>\n","protected":false},"excerpt":{"rendered":"<div class=\"row content-head non-featured \" style=\"box-sizing: inherit; margin: 64px auto 0px; padding: 0px; border: 0px; font-variant-numeric: inherit; font-variant-east-asian: inherit; font-stretch: inherit; font-size: 18px; line-height: inherit; font-family: opensanstitle, helvetica, arial, sans-serif; vertical-align: baseline; max-width: 85rem; width: 55.5rem;\">\n<div class=\"title\" style=\"box-sizing: inherit; margin: 0px; padding: 0px; border: 0px; font: inherit; vertical-align: baseline;\">Ve\u00edculo: G1<br \/>Data: 11\/11\/2019<\/p>\n","protected":false},"author":3,"featured_media":0,"comment_status":"open","ping_status":"open","sticky":false,"template":"","format":"standard","meta":{"_monsterinsights_skip_tracking":false,"_monsterinsights_sitenote_active":false,"_monsterinsights_sitenote_note":"","_monsterinsights_sitenote_category":0,"footnotes":""},"categories":[42],"tags":[],"class_list":["post-338","post","type-post","status-publish","format-standard","hentry","category-clipping"],"_links":{"self":[{"href":"https:\/\/cidadecult.com.br\/index.php?rest_route=\/wp\/v2\/posts\/338","targetHints":{"allow":["GET"]}}],"collection":[{"href":"https:\/\/cidadecult.com.br\/index.php?rest_route=\/wp\/v2\/posts"}],"about":[{"href":"https:\/\/cidadecult.com.br\/index.php?rest_route=\/wp\/v2\/types\/post"}],"author":[{"embeddable":true,"href":"https:\/\/cidadecult.com.br\/index.php?rest_route=\/wp\/v2\/users\/3"}],"replies":[{"embeddable":true,"href":"https:\/\/cidadecult.com.br\/index.php?rest_route=%2Fwp%2Fv2%2Fcomments&post=338"}],"version-history":[{"count":0,"href":"https:\/\/cidadecult.com.br\/index.php?rest_route=\/wp\/v2\/posts\/338\/revisions"}],"wp:attachment":[{"href":"https:\/\/cidadecult.com.br\/index.php?rest_route=%2Fwp%2Fv2%2Fmedia&parent=338"}],"wp:term":[{"taxonomy":"category","embeddable":true,"href":"https:\/\/cidadecult.com.br\/index.php?rest_route=%2Fwp%2Fv2%2Fcategories&post=338"},{"taxonomy":"post_tag","embeddable":true,"href":"https:\/\/cidadecult.com.br\/index.php?rest_route=%2Fwp%2Fv2%2Ftags&post=338"}],"curies":[{"name":"wp","href":"https:\/\/api.w.org\/{rel}","templated":true}]}}