{"id":337,"date":"2020-01-27T18:40:47","date_gmt":"2020-01-27T21:40:47","guid":{"rendered":"https:\/\/cidadecult.com.br\/novo\/consorcio-anuncia-projetos-finalistas-para-area-de-lazer-do-mane-garrincha\/"},"modified":"2020-01-27T18:40:47","modified_gmt":"2020-01-27T21:40:47","slug":"consorcio-anuncia-projetos-finalistas-para-area-de-lazer-do-mane-garrincha","status":"publish","type":"post","link":"https:\/\/cidadecult.com.br\/?p=337","title":{"rendered":"Cons\u00f3rcio anuncia projetos finalistas para \u00e1rea de lazer do Man\u00e9 Garrincha"},"content":{"rendered":"<h1>Ve\u00edculo: Correio Braziliense<br \/>Data: 11\/11\/2019<\/h1>\n<p>Resultado foi divulgado nesta segunda-feira (11\/11). Entre os finalistas est\u00e1 um representante de Bras\u00edlia. A final acontece em 14 de dezembro<\/p>\n<p><img decoding=\"async\" src=\"https:\/\/i.correiobraziliense.com.br\/qNkd7N-D1VVGhbimpqvDbuUM6Ug=\/675x\/smart\/imgsapp2.correiobraziliense.com.br\/app\/noticia_127983242361\/2019\/11\/11\/805541\/20191111175622558960i.jpeg\" alt=\"O anuncio foi feito nesta segunda-feira (11\/11) pelos organizadores do concurso, a empresa Arena BSB e Instituto dos Arquitetos do Brasil (IAB-DF)(foto: mgsr arquitetura\/Divulga\u00e7\u00e3o arqbr arquitetos\/ divulga\u00e7\u00e3o )\" \/><\/p>\n<p>\u00a0<\/p>\n<p>postado em 11\/11\/2019 14:53 \/ atualizado em 11\/11\/2019 18:17<\/p>\n<p>O anuncio foi feito nesta segunda-feira (11\/11) pelos organizadores do concurso, a empresa Arena BSB e Instituto dos Arquitetos do Brasil (IAB-DF)<\/p>\n<p>(foto: mgsr arquitetura\/Divulga\u00e7\u00e3o arqbr arquitetos\/ divulga\u00e7\u00e3o )<\/p>\n<p>O complexo de lazer previsto para ser contru\u00eddo entre o Est\u00e1dio Nacional Man\u00e9 Garrincha, o Parque Aqu\u00e1tico Cl\u00e1udio Coutinho e o Gin\u00e1sio de Esportes Nilson Nelson j\u00e1 tem tr\u00eas projetos finalistas. O anuncio foi feito nesta segunda-feira (11\/11) pelos organizadores do concurso, a empresa Arena BSB e Instituto dos Arquitetos do Brasil (IAB-DF).\u00a0\u00a0<\/p>\n<p>\u00a0<\/p>\n<p>Entre os finalistas est\u00e1 um projeto de Bras\u00edlia, representado pelo arquiteto Eder Rodrigues de Alencar. As outras duas propostas contempladas nessa etapa foram de arquitetos do Rio Grande do Sul e do Paran\u00e1. O resultado final\u00a0 do certame ser\u00e1 divulgado no dia 14 de dezembro.\u00a0<\/p>\n<p>\u00a0<\/p>\n<p>Foram 32 projetos encaminhados a comiss\u00e3o julgadora. Para a escolha dos finalistas foram levados em conta todas as normas legais permitidas preservando as caracter\u00edsticas permitidas pelo tombamento da cidade.\u00a0\u00a0<\/p>\n<p>\u00a0<\/p>\n<p>Para os organizadores, o objetivo \u00e9 trazer para Bras\u00edlia uma \u00e1rea de entretenimento para a popula\u00e7\u00e3o e proporcionar para esse espa\u00e7o um local n\u00e3o apenas para o esporte como tamb\u00e9m contemplar outras formas de lazer.\u00a0\u00a0<\/p>\n<p>\u00a0<\/p>\n<p>Continua depois da publicidade<\/p>\n<p>\u00a0<\/p>\n<p>O investimento ser\u00e1 de R$ 500 milh\u00f5es, sendo R$ 300 investidos pela empresa gestora Arena BSB. Os outros R$ 200 milh\u00f5es ser\u00e3o captados pelos pr\u00f3prio empreendimento vencedor. &#8220;A previs\u00e3o para o in\u00edcio das obras \u00e9 para a metade do ano que vem. Ser\u00e3o divididos em duas fases, a primeira a ser inaugurada em 2022 com 60 mil metros quadrados\u00a0 \u00a0aproximadamente e com boa parte do paisagismo&#8221;, detalha o presidente da Arena BSB, Richard Dubois.\u00a0<\/p>\n","protected":false},"excerpt":{"rendered":"<h1>Ve\u00edculo: Correio Braziliense<br \/>Data: 11\/11\/2019<\/h1>\n","protected":false},"author":3,"featured_media":0,"comment_status":"open","ping_status":"open","sticky":false,"template":"","format":"standard","meta":{"_monsterinsights_skip_tracking":false,"_monsterinsights_sitenote_active":false,"_monsterinsights_sitenote_note":"","_monsterinsights_sitenote_category":0,"footnotes":""},"categories":[42],"tags":[],"class_list":["post-337","post","type-post","status-publish","format-standard","hentry","category-clipping"],"_links":{"self":[{"href":"https:\/\/cidadecult.com.br\/index.php?rest_route=\/wp\/v2\/posts\/337","targetHints":{"allow":["GET"]}}],"collection":[{"href":"https:\/\/cidadecult.com.br\/index.php?rest_route=\/wp\/v2\/posts"}],"about":[{"href":"https:\/\/cidadecult.com.br\/index.php?rest_route=\/wp\/v2\/types\/post"}],"author":[{"embeddable":true,"href":"https:\/\/cidadecult.com.br\/index.php?rest_route=\/wp\/v2\/users\/3"}],"replies":[{"embeddable":true,"href":"https:\/\/cidadecult.com.br\/index.php?rest_route=%2Fwp%2Fv2%2Fcomments&post=337"}],"version-history":[{"count":0,"href":"https:\/\/cidadecult.com.br\/index.php?rest_route=\/wp\/v2\/posts\/337\/revisions"}],"wp:attachment":[{"href":"https:\/\/cidadecult.com.br\/index.php?rest_route=%2Fwp%2Fv2%2Fmedia&parent=337"}],"wp:term":[{"taxonomy":"category","embeddable":true,"href":"https:\/\/cidadecult.com.br\/index.php?rest_route=%2Fwp%2Fv2%2Fcategories&post=337"},{"taxonomy":"post_tag","embeddable":true,"href":"https:\/\/cidadecult.com.br\/index.php?rest_route=%2Fwp%2Fv2%2Ftags&post=337"}],"curies":[{"name":"wp","href":"https:\/\/api.w.org\/{rel}","templated":true}]}}