{"id":3364,"date":"2024-02-22T13:50:49","date_gmt":"2024-02-22T16:50:49","guid":{"rendered":"https:\/\/cidadecult.com.br\/?p=3364"},"modified":"2024-02-22T13:50:50","modified_gmt":"2024-02-22T16:50:50","slug":"sabadao-do-forro-na-casa-do-cantador-uma-noite-de-raiz-e-tradicao","status":"publish","type":"post","link":"https:\/\/cidadecult.com.br\/?p=3364","title":{"rendered":"Sabad\u00e3o do forr\u00f3 na casa do cantador: uma noite de raiz e tradi\u00e7\u00e3o"},"content":{"rendered":"\n<p><em>Foto\/divulga\u00e7\u00e3o<\/em><\/p>\n\n\n\n<p>O Sabad\u00e3o do forr\u00f3 est\u00e1 de volta com toda a sua energia!. Prepare-se para uma noite repleta de m\u00fasica, dan\u00e7a e alegria, celebrando o melhor da cultura nordestina raiz. Neste s\u00e1bado, dia 24 de fevereiro de 2024, a partir das 20h, a Casa do Cantador em Ceil\u00e2ndia ser\u00e1 o palco para os trios mais forrozeiros do Distrito Federal.<\/p>\n\n\n\n<p>Organizado pela Associa\u00e7\u00e3o dos Forrozeiros do Distrito Federal (Asforr\u00f3-DF), com o apoio do Minist\u00e9rio da Cultura, este evento \u00e9 uma ode \u00e0 tradi\u00e7\u00e3o do Forr\u00f3 P\u00e9 de Serra. E o melhor de tudo: a entrada \u00e9 gratuita para que todos possam participar desta festa!<\/p>\n\n\n\n<p>A noite ser\u00e1 embalada por uma sele\u00e7\u00e3o de talentos que prometem animar o p\u00fablico do come\u00e7o ao fim. Confira as atra\u00e7\u00f5es:<\/p>\n\n\n\n<h3 class=\"wp-block-heading\">Atra\u00e7\u00f5es Confirmadas:<\/h3>\n\n\n\n<ul class=\"wp-block-list\">\n<li><strong>Trio Sirid\u00f3<\/strong> &#8211; Celebrando 50 anos de Forr\u00f3, o Trio Sirid\u00f3 \u00e9 uma lenda viva do ritmo. Com uma hist\u00f3ria que se confunde com a pr\u00f3pria hist\u00f3ria do forr\u00f3, eles prometem uma apresenta\u00e7\u00e3o emocionante, repleta de cl\u00e1ssicos que marcaram \u00e9poca.<\/li>\n\n\n\n<li><strong>Galega &amp; Trio Malucos por Forr\u00f3<\/strong> &#8211; Uma mistura contagiante de alegria e talento, Galega e seu Trio Malucos por Forr\u00f3 v\u00e3o fazer todo mundo dan\u00e7ar com seus ritmos envolventes.<\/li>\n\n\n\n<li><strong>Trio Arte do Nordeste<\/strong> &#8211; Com sua autenticidade e paix\u00e3o pela m\u00fasica nordestina, o Trio Arte do Nordeste traz toda a ess\u00eancia do P\u00e9 de Serra para o palco.<\/li>\n\n\n\n<li><strong>Trio Forr\u00f3 Bj\u00fa<\/strong> &#8211; Com uma pegada moderna e cheia de energia, o Trio Forr\u00f3 Bj\u00fa promete um show animado e cheio de surpresas.<\/li>\n<\/ul>\n\n\n\n<p>Venha se juntar a n\u00f3s neste encontro de gera\u00e7\u00f5es, onde o passado e o presente se encontram em uma s\u00f3 festa! Mais de 50 trios de forr\u00f3 P\u00e9 de Serra raiz j\u00e1 participaram do Sabad\u00e3o do Forr\u00f3, mantendo viva a tradi\u00e7\u00e3o e o encanto desse ritmo t\u00e3o querido pelos brasileiros.<\/p>\n\n\n\n<h3 class=\"wp-block-heading\">Servi\u00e7o:<\/h3>\n\n\n\n<ul class=\"wp-block-list\">\n<li><strong>Data:<\/strong> 24\/02\/2024 &#8211; A partir das 20h<\/li>\n\n\n\n<li><strong>Local:<\/strong> Casa do Cantador, Ceil\u00e2ndia<\/li>\n\n\n\n<li><strong>Entrada:<\/strong> Gratuita<\/li>\n\n\n\n<li><strong>Classifica\u00e7\u00e3o:<\/strong> Livre<\/li>\n<\/ul>\n\n\n\n<p>A Casa do Cantador, um dos locais mais ic\u00f4nicos do Distrito Federal, ser\u00e1 o cen\u00e1rio perfeito para esta noite de celebra\u00e7\u00e3o e cultura. Prepare-se para dan\u00e7ar, cantar e se emocionar com as hist\u00f3rias e melodias que fazem parte do nosso patrim\u00f4nio cultural.<\/p>\n\n\n\n<p>N\u00e3o perca esta oportunidade \u00fanica de vivenciar o verdadeiro esp\u00edrito do forr\u00f3! Para mais informa\u00e7\u00f5es e atualiza\u00e7\u00f5es sobre o evento, siga o perfil da Asforr\u00f3-DF nas redes sociais em @asforrodf.<\/p>\n\n\n\n<p>Junte-se a n\u00f3s neste &#8220;Sabad\u00e3o do Forr\u00f3&#8221; e deixe-se envolver pela magia dessa festa que \u00e9 pura tradi\u00e7\u00e3o e alegria!<\/p>\n\n\n\n<p><strong>Fotos por Samuel Andrade.<\/strong><\/p>\n\n\n\n<p><a href=\"https:\/\/www.youtube.com\/watch?v=G1bgQ1QLDQ0\">Assista ao v\u00eddeo do Trio Sirid\u00f3 aqui.<\/a><\/p>\n\n\n\n<p>Para consultas de imprensa, por favor, entre em contato com: assessoria@gibicomunica.com<\/p>\n","protected":false},"excerpt":{"rendered":"<p>Foto\/divulga\u00e7\u00e3o O Sabad\u00e3o do forr\u00f3 est\u00e1 de volta com toda a sua energia!. Prepare-se para uma noite repleta de m\u00fasica, dan\u00e7a e alegria, celebrando o melhor da cultura nordestina raiz. Neste s\u00e1bado, dia 24 de fevereiro de 2024, a partir das 20h, a Casa do Cantador em Ceil\u00e2ndia ser\u00e1 o palco para os trios mais [&hellip;]<\/p>\n","protected":false},"author":1441,"featured_media":3365,"comment_status":"open","ping_status":"open","sticky":false,"template":"","format":"standard","meta":{"_monsterinsights_skip_tracking":false,"_monsterinsights_sitenote_active":false,"_monsterinsights_sitenote_note":"","_monsterinsights_sitenote_category":0,"footnotes":""},"categories":[41,54,17,34,3],"tags":[],"class_list":["post-3364","post","type-post","status-publish","format-standard","has-post-thumbnail","hentry","category-agenda","category-brasil","category-bsb","category-destaque","category-entertainment"],"_links":{"self":[{"href":"https:\/\/cidadecult.com.br\/index.php?rest_route=\/wp\/v2\/posts\/3364","targetHints":{"allow":["GET"]}}],"collection":[{"href":"https:\/\/cidadecult.com.br\/index.php?rest_route=\/wp\/v2\/posts"}],"about":[{"href":"https:\/\/cidadecult.com.br\/index.php?rest_route=\/wp\/v2\/types\/post"}],"author":[{"embeddable":true,"href":"https:\/\/cidadecult.com.br\/index.php?rest_route=\/wp\/v2\/users\/1441"}],"replies":[{"embeddable":true,"href":"https:\/\/cidadecult.com.br\/index.php?rest_route=%2Fwp%2Fv2%2Fcomments&post=3364"}],"version-history":[{"count":1,"href":"https:\/\/cidadecult.com.br\/index.php?rest_route=\/wp\/v2\/posts\/3364\/revisions"}],"predecessor-version":[{"id":3366,"href":"https:\/\/cidadecult.com.br\/index.php?rest_route=\/wp\/v2\/posts\/3364\/revisions\/3366"}],"wp:featuredmedia":[{"embeddable":true,"href":"https:\/\/cidadecult.com.br\/index.php?rest_route=\/wp\/v2\/media\/3365"}],"wp:attachment":[{"href":"https:\/\/cidadecult.com.br\/index.php?rest_route=%2Fwp%2Fv2%2Fmedia&parent=3364"}],"wp:term":[{"taxonomy":"category","embeddable":true,"href":"https:\/\/cidadecult.com.br\/index.php?rest_route=%2Fwp%2Fv2%2Fcategories&post=3364"},{"taxonomy":"post_tag","embeddable":true,"href":"https:\/\/cidadecult.com.br\/index.php?rest_route=%2Fwp%2Fv2%2Ftags&post=3364"}],"curies":[{"name":"wp","href":"https:\/\/api.w.org\/{rel}","templated":true}]}}