{"id":3355,"date":"2024-02-22T12:26:13","date_gmt":"2024-02-22T15:26:13","guid":{"rendered":"https:\/\/cidadecult.com.br\/?p=3355"},"modified":"2024-02-22T12:26:14","modified_gmt":"2024-02-22T15:26:14","slug":"edital-de-chamamento-publicado-para-a-gestao-do-cine-brasilia","status":"publish","type":"post","link":"https:\/\/cidadecult.com.br\/?p=3355","title":{"rendered":"Edital de chamamento publicado para a gest\u00e3o do Cine Bras\u00edlia"},"content":{"rendered":"\n<p><em>Foto:\u00a0Divulga\u00e7\u00e3o\/ Secec-DF<\/em><\/p>\n\n\n\n<p>A Secretaria de Cultura e Economia Criativa (Secec-DF) anunciou hoje um passo importante para a cultura cinematogr\u00e1fica do Distrito Federal: a publica\u00e7\u00e3o do edital de chamamento para a contrata\u00e7\u00e3o da nova gest\u00e3o do emblem\u00e1tico Cine Bras\u00edlia. Este processo de sele\u00e7\u00e3o da Organiza\u00e7\u00e3o da Sociedade Civil (OSC) estar\u00e1 aberto por 30 dias a partir de hoje, dia 22 de fevereiro. Ap\u00f3s esse per\u00edodo, a Secec ter\u00e1 mais 30 dias para analisar as propostas e concretizar o termo de coopera\u00e7\u00e3o t\u00e9cnica.<\/p>\n\n\n\n<p>O Cine Bras\u00edlia, um dos principais pontos de encontro dos amantes do cinema na capital, est\u00e1 fechado desde o dia 8 de fevereiro para interven\u00e7\u00f5es e melhorias em sua estrutura. Com a publica\u00e7\u00e3o deste edital, abre-se uma nova perspectiva para o espa\u00e7o, que em breve estar\u00e1 novamente pulsante de atividades culturais e art\u00edsticas.<\/p>\n\n\n\n<p>A OSC que for selecionada para esta importante miss\u00e3o ter\u00e1 a responsabilidade de conduzir a gest\u00e3o compartilhada do Cine Bras\u00edlia, em estreita colabora\u00e7\u00e3o com a Secec. Para isso, um or\u00e7amento significativo de R$ 2 milh\u00f5es por ano est\u00e1 previsto, totalizando R$ 6 milh\u00f5es ao final do contrato. Esses recursos ser\u00e3o fundamentais para a realiza\u00e7\u00e3o de melhorias na estrutura, amplia\u00e7\u00e3o da programa\u00e7\u00e3o cultural, apoio a produ\u00e7\u00f5es audiovisuais locais e diversas outras iniciativas que promovam a diversidade e riqueza cultural do Distrito Federal.<\/p>\n\n\n\n<p>O secret\u00e1rio de Cultura e Economia Criativa, Claudio Abrantes, ressalta a import\u00e2ncia desta parceria: &#8220;Esta gest\u00e3o compartilhada, com um prazo de at\u00e9 tr\u00eas anos, visa dar mais longevidade ao projeto do Cine Bras\u00edlia. \u00c9 uma oportunidade \u00fanica para fortalecermos o cinema local, promovermos a cultura e o audiovisual do DF, e envolver a comunidade nesse processo t\u00e3o significativo&#8221;.<\/p>\n\n\n\n<p>Al\u00e9m disso, Abrantes anuncia outras iniciativas em andamento: &#8220;Ainda neste semestre, estamos trabalhando para antecipar o Festival de Cinema e lan\u00e7ar o FAC para o audiovisual. Uma s\u00e9rie de medidas est\u00e1 sendo tomada para dar o protagonismo que o cinema do DF e o audiovisual merecem&#8221;.<\/p>\n\n\n\n<p>Este \u00e9 um momento empolgante para os apaixonados pelo cinema e pela cultura da nossa cidade. Fique atento \u00e0s pr\u00f3ximas etapas deste processo e participe dessa constru\u00e7\u00e3o coletiva que visa fortalecer e valorizar o Cine Bras\u00edlia como um espa\u00e7o essencial para a arte e a cultura do Distrito Federal.<\/p>\n\n\n\n<p>Junte-se a n\u00f3s nesta jornada em prol do cinema, da cultura e da diversidade do DF!<\/p>\n\n\n\n<p><\/p>\n","protected":false},"excerpt":{"rendered":"<p>Foto:\u00a0Divulga\u00e7\u00e3o\/ Secec-DF A Secretaria de Cultura e Economia Criativa (Secec-DF) anunciou hoje um passo importante para a cultura cinematogr\u00e1fica do Distrito Federal: a publica\u00e7\u00e3o do edital de chamamento para a contrata\u00e7\u00e3o da nova gest\u00e3o do emblem\u00e1tico Cine Bras\u00edlia. Este processo de sele\u00e7\u00e3o da Organiza\u00e7\u00e3o da Sociedade Civil (OSC) estar\u00e1 aberto por 30 dias a partir [&hellip;]<\/p>\n","protected":false},"author":1441,"featured_media":3356,"comment_status":"open","ping_status":"open","sticky":false,"template":"","format":"standard","meta":{"_monsterinsights_skip_tracking":false,"_monsterinsights_sitenote_active":false,"_monsterinsights_sitenote_note":"","_monsterinsights_sitenote_category":0,"footnotes":""},"categories":[41,17,232,34,3],"tags":[],"class_list":["post-3355","post","type-post","status-publish","format-standard","has-post-thumbnail","hentry","category-agenda","category-bsb","category-cinema","category-destaque","category-entertainment"],"_links":{"self":[{"href":"https:\/\/cidadecult.com.br\/index.php?rest_route=\/wp\/v2\/posts\/3355","targetHints":{"allow":["GET"]}}],"collection":[{"href":"https:\/\/cidadecult.com.br\/index.php?rest_route=\/wp\/v2\/posts"}],"about":[{"href":"https:\/\/cidadecult.com.br\/index.php?rest_route=\/wp\/v2\/types\/post"}],"author":[{"embeddable":true,"href":"https:\/\/cidadecult.com.br\/index.php?rest_route=\/wp\/v2\/users\/1441"}],"replies":[{"embeddable":true,"href":"https:\/\/cidadecult.com.br\/index.php?rest_route=%2Fwp%2Fv2%2Fcomments&post=3355"}],"version-history":[{"count":1,"href":"https:\/\/cidadecult.com.br\/index.php?rest_route=\/wp\/v2\/posts\/3355\/revisions"}],"predecessor-version":[{"id":3357,"href":"https:\/\/cidadecult.com.br\/index.php?rest_route=\/wp\/v2\/posts\/3355\/revisions\/3357"}],"wp:featuredmedia":[{"embeddable":true,"href":"https:\/\/cidadecult.com.br\/index.php?rest_route=\/wp\/v2\/media\/3356"}],"wp:attachment":[{"href":"https:\/\/cidadecult.com.br\/index.php?rest_route=%2Fwp%2Fv2%2Fmedia&parent=3355"}],"wp:term":[{"taxonomy":"category","embeddable":true,"href":"https:\/\/cidadecult.com.br\/index.php?rest_route=%2Fwp%2Fv2%2Fcategories&post=3355"},{"taxonomy":"post_tag","embeddable":true,"href":"https:\/\/cidadecult.com.br\/index.php?rest_route=%2Fwp%2Fv2%2Ftags&post=3355"}],"curies":[{"name":"wp","href":"https:\/\/api.w.org\/{rel}","templated":true}]}}