{"id":3349,"date":"2024-02-22T11:55:32","date_gmt":"2024-02-22T14:55:32","guid":{"rendered":"https:\/\/cidadecult.com.br\/?p=3349"},"modified":"2024-02-22T11:55:34","modified_gmt":"2024-02-22T14:55:34","slug":"projeto-gratuito-de-equitacao-e-equoterapia-retorna-com-360-alunos","status":"publish","type":"post","link":"https:\/\/cidadecult.com.br\/?p=3349","title":{"rendered":"Projeto gratuito de equita\u00e7\u00e3o e equoterapia retorna com 360 alunos"},"content":{"rendered":"\n<p><em>Foto: Tony Oliveira <\/em><\/p>\n\n\n\n<p>Os alunos do projeto de equoterapia e equita\u00e7\u00e3o do Regimento Montado da Pol\u00edcia Militar do Distrito Federal (PMDF), no Riacho Fundo, voltaram \u00e0s aulas nesta semana. A iniciativa, realizada em parceria com a Secretaria de Educa\u00e7\u00e3o, atende gratuitamente 360 praticantes, a maioria deles s\u00e3o estudantes da rede p\u00fablica do DF.<\/p>\n\n\n\n<p><strong>Equoterapia e Equipa\u00e7\u00e3o:<\/strong><\/p>\n\n\n\n<p>O projeto de equoterapia oferece tratamento terap\u00eautico com cavalos, dentro de uma abordagem interdisciplinar, para at\u00e9 dois anos, a 120 pessoas com defici\u00eancia a partir de 3 anos de idade. Este projeto acolhe pacientes com variados diagn\u00f3sticos, como s\u00edndromes raras, de Down, transtorno do espectro autista, paralisia cerebral, AVC e esclerose m\u00faltipla. \u00c9 necess\u00e1rio um encaminhamento m\u00e9dico para participar.<\/p>\n\n\n\n<p>O tratamento \u00e9 individual, gratuito e realizado no contraturno das aulas regulares, durante todo o ano letivo, com sess\u00f5es de 30 minutos de dura\u00e7\u00e3o, uma vez por semana. As sess\u00f5es s\u00e3o conduzidas exclusivamente com cavalos e uma equipe multidisciplinar nas \u00e1reas da sa\u00fade, educa\u00e7\u00e3o e equita\u00e7\u00e3o.<\/p>\n\n\n\n<p>O sargento Isaac Newton, equitador de equoterapia, destaca que um trabalho multidisciplinar \u00e9 realizado antes do in\u00edcio das aulas para direcionar os profissionais e os animais que atender\u00e3o cada um dos alunos. &#8220;Quando o praticante chega, j\u00e1 temos a equipe montada e o cavalo que atender\u00e1 \u00e0s suas necessidades&#8221;, explica o sargento, que atua no projeto h\u00e1 8 anos.<\/p>\n\n\n\n<p>Recentemente, os projetos sociais da PMDF foram regulamentados por meio da Portaria Normativa n\u00ba 32, de 2023, e se enquadram como Projetos Sociais Preventivos de Seguran\u00e7a P\u00fablica, sob a coordena\u00e7\u00e3o, supervis\u00e3o e controle do Centro de Pol\u00edticas de Seguran\u00e7a P\u00fablica (CPSP).<\/p>\n\n\n\n<p>Para se inscrever, o interessado deve comparecer \u00e0 Se\u00e7\u00e3o de Equita\u00e7\u00e3o Social do Comando de Policiamento Montado para preencher uma ficha. O nome ser\u00e1 inclu\u00eddo em uma lista de espera e, quando houver vaga para iniciantes, a secretaria da escola de equita\u00e7\u00e3o entrar\u00e1 em contato via telefone.<\/p>\n\n\n\n<p>Das vagas dispon\u00edveis, 60% s\u00e3o destinadas a alunos da rede p\u00fablica, 30% s\u00e3o para dependentes dos policiais militares e o restante fica dispon\u00edvel para a comunidade em geral.<\/p>\n\n\n\n<p><strong>Informa\u00e7\u00f5es de Contato:<\/strong><\/p>\n\n\n\n<ul class=\"wp-block-list\">\n<li><strong>Endere\u00e7o:<\/strong> DF-075, km 8, \u00c1rea Especial 1, Granja Modelo, Riacho Fundo.<\/li>\n\n\n\n<li><strong>E-mail:<\/strong> <a href=\"mailto:rpmon.eseq@pm.df.gov.br\">rpmon.eseq@pm.df.gov.br<\/a><\/li>\n\n\n\n<li><strong>WhatsApp:<\/strong> (61) 99676-1982<\/li>\n<\/ul>\n\n\n\n<p>Venha fazer parte deste projeto que une equita\u00e7\u00e3o e terapia, transformando vidas e proporcionando experi\u00eancias \u00fanicas com os cavalos!<\/p>\n","protected":false},"excerpt":{"rendered":"<p>Foto: Tony Oliveira Os alunos do projeto de equoterapia e equita\u00e7\u00e3o do Regimento Montado da Pol\u00edcia Militar do Distrito Federal (PMDF), no Riacho Fundo, voltaram \u00e0s aulas nesta semana. A iniciativa, realizada em parceria com a Secretaria de Educa\u00e7\u00e3o, atende gratuitamente 360 praticantes, a maioria deles s\u00e3o estudantes da rede p\u00fablica do DF. Equoterapia e [&hellip;]<\/p>\n","protected":false},"author":1441,"featured_media":3352,"comment_status":"open","ping_status":"open","sticky":false,"template":"","format":"standard","meta":{"_monsterinsights_skip_tracking":false,"_monsterinsights_sitenote_active":false,"_monsterinsights_sitenote_note":"","_monsterinsights_sitenote_category":0,"footnotes":""},"categories":[49,17,34,8,38,11],"tags":[],"class_list":["post-3349","post","type-post","status-publish","format-standard","has-post-thumbnail","hentry","category-artigos","category-bsb","category-destaque","category-lifestyle","category-health-2","category-health"],"_links":{"self":[{"href":"https:\/\/cidadecult.com.br\/index.php?rest_route=\/wp\/v2\/posts\/3349","targetHints":{"allow":["GET"]}}],"collection":[{"href":"https:\/\/cidadecult.com.br\/index.php?rest_route=\/wp\/v2\/posts"}],"about":[{"href":"https:\/\/cidadecult.com.br\/index.php?rest_route=\/wp\/v2\/types\/post"}],"author":[{"embeddable":true,"href":"https:\/\/cidadecult.com.br\/index.php?rest_route=\/wp\/v2\/users\/1441"}],"replies":[{"embeddable":true,"href":"https:\/\/cidadecult.com.br\/index.php?rest_route=%2Fwp%2Fv2%2Fcomments&post=3349"}],"version-history":[{"count":1,"href":"https:\/\/cidadecult.com.br\/index.php?rest_route=\/wp\/v2\/posts\/3349\/revisions"}],"predecessor-version":[{"id":3353,"href":"https:\/\/cidadecult.com.br\/index.php?rest_route=\/wp\/v2\/posts\/3349\/revisions\/3353"}],"wp:featuredmedia":[{"embeddable":true,"href":"https:\/\/cidadecult.com.br\/index.php?rest_route=\/wp\/v2\/media\/3352"}],"wp:attachment":[{"href":"https:\/\/cidadecult.com.br\/index.php?rest_route=%2Fwp%2Fv2%2Fmedia&parent=3349"}],"wp:term":[{"taxonomy":"category","embeddable":true,"href":"https:\/\/cidadecult.com.br\/index.php?rest_route=%2Fwp%2Fv2%2Fcategories&post=3349"},{"taxonomy":"post_tag","embeddable":true,"href":"https:\/\/cidadecult.com.br\/index.php?rest_route=%2Fwp%2Fv2%2Ftags&post=3349"}],"curies":[{"name":"wp","href":"https:\/\/api.w.org\/{rel}","templated":true}]}}