{"id":3333,"date":"2024-02-22T09:40:12","date_gmt":"2024-02-22T12:40:12","guid":{"rendered":"https:\/\/cidadecult.com.br\/?p=3333"},"modified":"2024-02-22T09:48:36","modified_gmt":"2024-02-22T12:48:36","slug":"projeto-musica-nas-feiras-chega-a-taguatinga-neste-sabado","status":"publish","type":"post","link":"https:\/\/cidadecult.com.br\/?p=3333","title":{"rendered":"Projeto &#8220;M\u00fasica nas Feiras&#8221; chega \u00e0 Taguatinga neste s\u00e1bado"},"content":{"rendered":"\n<p><em>Foto: Mariana Camelo\/divulga\u00e7\u00e3o  <\/em><\/p>\n\n\n\n<p>N\u00e3o perca as emocionantes apresenta\u00e7\u00f5es art\u00edsticas que v\u00e3o movimentar a Feira Permanente da QNL neste final de semana, das 11h \u00e0s 15h. <\/p>\n\n\n\n<p>O Projeto M\u00fasica nas Feiras d\u00e1 o pontap\u00e9 inicial \u00e0s suas apresenta\u00e7\u00f5es na Feira Permanente da QNL neste final de semana, dias 24 e 25 de Fevereiro, das 11h \u00e0s 15h. A programa\u00e7\u00e3o \u00e9 diversificada e gratuita, com shows de rock, MPB, forr\u00f3, samba e muitos outros ritmos. Esta iniciativa itinerante ir\u00e1 alternar suas atividades entre o Cruzeiro e Taguatinga at\u00e9 abril deste ano, contando com a participa\u00e7\u00e3o de aproximadamente 100 cantores e bandas do Distrito Federal.<\/p>\n\n\n\n<p>Neste s\u00e1bado, dia 24 de fevereiro, Mariana Camelo, Marcelo Caf\u00e9 e Boi Jatob\u00e1 prometem animar o espa\u00e7o de compras com uma mistura de ritmos envolventes. J\u00e1 no domingo, dia 25, o p\u00fablico poder\u00e1 curtir a ecl\u00e9tica sonoridade de Deusdeth, Yana Carvalho e Forrozen. O evento conta com o apoio indispens\u00e1vel da Feira Permanente da QNL.<\/p>\n\n\n\n<p><strong>Democratizando a Cultura<\/strong><\/p>\n\n\n\n<p>O objetivo do M\u00fasica nas Feiras \u00e9 ampliar a movimenta\u00e7\u00e3o de pessoas nas feiras, apoiar e promover a forma\u00e7\u00e3o de p\u00fablico para os artistas locais, al\u00e9m de ocupar os espa\u00e7os p\u00fablicos com cultura, democratizando o acesso a ela.<\/p>\n\n\n\n<p>Esta iniciativa \u00e9 realizada pelo &#8220;Grupo Cultural Azulim&#8221;, com produ\u00e7\u00e3o da Tupac, apoio da Secretaria de Cultura e Economia Criativa (Secec) e colabora\u00e7\u00e3o das administra\u00e7\u00f5es regionais do Cruzeiro e de Taguatinga. Em edi\u00e7\u00f5es anteriores, o &#8220;M\u00fasica nas Feiras&#8221; esteve presente em Sobradinho, Sobradinho II e S\u00e3o Sebasti\u00e3o.<\/p>\n\n\n\n<p>A programa\u00e7\u00e3o completa de artistas est\u00e1 dispon\u00edvel no perfil @musicanasfeiras no Instagram.<\/p>\n\n\n\n<p><strong>Servi\u00e7o:<\/strong><\/p>\n\n\n\n<ul class=\"wp-block-list\">\n<li><strong>3\u00aa Edi\u00e7\u00e3o do Projeto M\u00fasica nas Feiras<\/strong><\/li>\n\n\n\n<li><strong>Data:<\/strong> 17 de Fevereiro a 16 de Abril de 2024<\/li>\n\n\n\n<li><strong>Hor\u00e1rio:<\/strong> 11h \u00e0s 15h<\/li>\n\n\n\n<li><strong>Local:<\/strong> Feiras Permanentes do Cruzeiro e de Taguatinga<\/li>\n\n\n\n<li><strong>Classifica\u00e7\u00e3o:<\/strong> Livre<\/li>\n\n\n\n<li><strong>Instagram:<\/strong> @musicanasfeiras<\/li>\n\n\n\n<li><strong>Entrada gratuita <\/strong><\/li>\n<\/ul>\n\n\n\n<p>Venha fazer parte deste movimento cultural!<\/p>\n","protected":false},"excerpt":{"rendered":"<p>Foto: Mariana Camelo\/divulga\u00e7\u00e3o N\u00e3o perca as emocionantes apresenta\u00e7\u00f5es art\u00edsticas que v\u00e3o movimentar a Feira Permanente da QNL neste final de semana, das 11h \u00e0s 15h. O Projeto M\u00fasica nas Feiras d\u00e1 o pontap\u00e9 inicial \u00e0s suas apresenta\u00e7\u00f5es na Feira Permanente da QNL neste final de semana, dias 24 e 25 de Fevereiro, das 11h \u00e0s [&hellip;]<\/p>\n","protected":false},"author":1441,"featured_media":3334,"comment_status":"open","ping_status":"open","sticky":false,"template":"","format":"standard","meta":{"_monsterinsights_skip_tracking":false,"_monsterinsights_sitenote_active":false,"_monsterinsights_sitenote_note":"","_monsterinsights_sitenote_category":0,"footnotes":""},"categories":[41,17,34,3,6,35],"tags":[],"class_list":["post-3333","post","type-post","status-publish","format-standard","has-post-thumbnail","hentry","category-agenda","category-bsb","category-destaque","category-entertainment","category-music","category-business-news365"],"_links":{"self":[{"href":"https:\/\/cidadecult.com.br\/index.php?rest_route=\/wp\/v2\/posts\/3333","targetHints":{"allow":["GET"]}}],"collection":[{"href":"https:\/\/cidadecult.com.br\/index.php?rest_route=\/wp\/v2\/posts"}],"about":[{"href":"https:\/\/cidadecult.com.br\/index.php?rest_route=\/wp\/v2\/types\/post"}],"author":[{"embeddable":true,"href":"https:\/\/cidadecult.com.br\/index.php?rest_route=\/wp\/v2\/users\/1441"}],"replies":[{"embeddable":true,"href":"https:\/\/cidadecult.com.br\/index.php?rest_route=%2Fwp%2Fv2%2Fcomments&post=3333"}],"version-history":[{"count":1,"href":"https:\/\/cidadecult.com.br\/index.php?rest_route=\/wp\/v2\/posts\/3333\/revisions"}],"predecessor-version":[{"id":3335,"href":"https:\/\/cidadecult.com.br\/index.php?rest_route=\/wp\/v2\/posts\/3333\/revisions\/3335"}],"wp:featuredmedia":[{"embeddable":true,"href":"https:\/\/cidadecult.com.br\/index.php?rest_route=\/wp\/v2\/media\/3334"}],"wp:attachment":[{"href":"https:\/\/cidadecult.com.br\/index.php?rest_route=%2Fwp%2Fv2%2Fmedia&parent=3333"}],"wp:term":[{"taxonomy":"category","embeddable":true,"href":"https:\/\/cidadecult.com.br\/index.php?rest_route=%2Fwp%2Fv2%2Fcategories&post=3333"},{"taxonomy":"post_tag","embeddable":true,"href":"https:\/\/cidadecult.com.br\/index.php?rest_route=%2Fwp%2Fv2%2Ftags&post=3333"}],"curies":[{"name":"wp","href":"https:\/\/api.w.org\/{rel}","templated":true}]}}