{"id":3307,"date":"2024-03-18T20:51:36","date_gmt":"2024-03-18T23:51:36","guid":{"rendered":"https:\/\/cidadecult.com.br\/?p=3307"},"modified":"2024-03-18T20:51:37","modified_gmt":"2024-03-18T23:51:37","slug":"ja-passou-a-pascoa-em-gramado","status":"publish","type":"post","link":"https:\/\/cidadecult.com.br\/?p=3307","title":{"rendered":"J\u00e1 passou a p\u00e1scoa em Gramado?"},"content":{"rendered":"\n<p><em>Cidade promove de 7 a 31 de mar\u00e7o vasta programa\u00e7\u00e3o cultural e festiva al\u00e9m de religiosa. <\/em><\/p>\n\n\n\n<p>A P\u00e1scoa em Gramado, que acontece de 7 a 31 de mar\u00e7o de 2024, promete encantar visitantes com uma vasta programa\u00e7\u00e3o que inclui desde atra\u00e7\u00f5es l\u00fadicas at\u00e9 celebra\u00e7\u00f5es religiosas, em meio a uma decora\u00e7\u00e3o tem\u00e1tica que transforma a cidade em um verdadeiro cen\u00e1rio de festa. Os choc\u00f3latras de plant\u00e3o ter\u00e3o a oportunidade de explorar lojas especializadas, f\u00e1bricas de chocolate que abrem suas portas ao p\u00fablico, como o Mundo de Chocolate e o Reino do Chocolate, onde \u00e9 poss\u00edvel conhecer o processo de produ\u00e7\u00e3o e se divertir com atividades interativas.<\/p>\n\n\n\n<p>Al\u00e9m das del\u00edcias de cacau, Gramado oferece passeios culturais e naturais pela regi\u00e3o da Serra Ga\u00facha, incluindo museus, parques tem\u00e1ticos e a imers\u00e3o na conserva\u00e7\u00e3o ambiental. A combina\u00e7\u00e3o de vinhos e chocolates tamb\u00e9m se destaca, com visitas \u00e0s vin\u00edcolas premiadas da regi\u00e3o, que proporcionam degusta\u00e7\u00f5es e ensinam a harmonizar bebidas com pratos espec\u00edficos.<\/p>\n\n\n\n<p>A cidade de Canela, vizinha a Gramado, complementa a experi\u00eancia da P\u00e1scoa com sua pr\u00f3pria programa\u00e7\u00e3o especial, decorando seus espa\u00e7os p\u00fablicos e oferecendo espet\u00e1culos e shows focados no p\u00fablico jovem e fam\u00edlias.<\/p>\n\n\n\n<p>Para aqueles que buscam ainda mais aventura no tema chocolate, o Chocofest em Nova Petr\u00f3polis \u00e9 uma atra\u00e7\u00e3o \u00e0 parte, ampliando a celebra\u00e7\u00e3o da P\u00e1scoa para al\u00e9m dos limites de Gramado, espalhando a tradi\u00e7\u00e3o do chocolate artesanal pela regi\u00e3o\u200b<a href=\"https:\/\/malaprontagramado.com.br\/o-que-fazer-em-gramado\/feriados\/pascoa\/\" target=\"_blank\" rel=\"noreferrer noopener\"><\/a>\u200b.<\/p>\n\n\n\n<p>Agora, quanto aos voos e estimativas de pre\u00e7os de Bras\u00edlia para Gramado, \u00e9 recomend\u00e1vel realizar uma busca espec\u00edfica nas plataformas de viagem para obter informa\u00e7\u00f5es atualizadas, j\u00e1 que os pre\u00e7os podem variar significativamente de acordo com a anteced\u00eancia da compra, a companhia a\u00e9rea e o per\u00edodo da viagem.<\/p>\n","protected":false},"excerpt":{"rendered":"<p>Cidade promove de 7 a 31 de mar\u00e7o vasta programa\u00e7\u00e3o cultural e festiva al\u00e9m de religiosa. A P\u00e1scoa em Gramado, que acontece de 7 a 31 de mar\u00e7o de 2024, promete encantar visitantes com uma vasta programa\u00e7\u00e3o que inclui desde atra\u00e7\u00f5es l\u00fadicas at\u00e9 celebra\u00e7\u00f5es religiosas, em meio a uma decora\u00e7\u00e3o tem\u00e1tica que transforma a cidade [&hellip;]<\/p>\n","protected":false},"author":777,"featured_media":3392,"comment_status":"open","ping_status":"open","sticky":false,"template":"","format":"standard","meta":{"_monsterinsights_skip_tracking":false,"_monsterinsights_sitenote_active":false,"_monsterinsights_sitenote_note":"","_monsterinsights_sitenote_category":0,"footnotes":""},"categories":[41,54,12],"tags":[317,318,321,322],"class_list":["post-3307","post","type-post","status-publish","format-standard","has-post-thumbnail","hentry","category-agenda","category-brasil","category-travel","tag-chocolate","tag-pascoa","tag-viagem","tag-viajar"],"_links":{"self":[{"href":"https:\/\/cidadecult.com.br\/index.php?rest_route=\/wp\/v2\/posts\/3307","targetHints":{"allow":["GET"]}}],"collection":[{"href":"https:\/\/cidadecult.com.br\/index.php?rest_route=\/wp\/v2\/posts"}],"about":[{"href":"https:\/\/cidadecult.com.br\/index.php?rest_route=\/wp\/v2\/types\/post"}],"author":[{"embeddable":true,"href":"https:\/\/cidadecult.com.br\/index.php?rest_route=\/wp\/v2\/users\/777"}],"replies":[{"embeddable":true,"href":"https:\/\/cidadecult.com.br\/index.php?rest_route=%2Fwp%2Fv2%2Fcomments&post=3307"}],"version-history":[{"count":1,"href":"https:\/\/cidadecult.com.br\/index.php?rest_route=\/wp\/v2\/posts\/3307\/revisions"}],"predecessor-version":[{"id":3393,"href":"https:\/\/cidadecult.com.br\/index.php?rest_route=\/wp\/v2\/posts\/3307\/revisions\/3393"}],"wp:featuredmedia":[{"embeddable":true,"href":"https:\/\/cidadecult.com.br\/index.php?rest_route=\/wp\/v2\/media\/3392"}],"wp:attachment":[{"href":"https:\/\/cidadecult.com.br\/index.php?rest_route=%2Fwp%2Fv2%2Fmedia&parent=3307"}],"wp:term":[{"taxonomy":"category","embeddable":true,"href":"https:\/\/cidadecult.com.br\/index.php?rest_route=%2Fwp%2Fv2%2Fcategories&post=3307"},{"taxonomy":"post_tag","embeddable":true,"href":"https:\/\/cidadecult.com.br\/index.php?rest_route=%2Fwp%2Fv2%2Ftags&post=3307"}],"curies":[{"name":"wp","href":"https:\/\/api.w.org\/{rel}","templated":true}]}}