{"id":3161,"date":"2024-02-17T10:10:00","date_gmt":"2024-02-17T13:10:00","guid":{"rendered":"https:\/\/cidadecult.com.br\/?p=3161"},"modified":"2024-03-18T17:01:48","modified_gmt":"2024-03-18T20:01:48","slug":"premio-fibe-2024-anuncia-novidades-em-live-imperdivel","status":"publish","type":"post","link":"https:\/\/cidadecult.com.br\/?p=3161","title":{"rendered":"Pr\u00eamio FIBE 2024 anuncia novidades em Live imperd\u00edvel!"},"content":{"rendered":"\n<h3 class=\"wp-block-heading\"><\/h3>\n\n\n\n<p><strong>Expandindo Horizontes Acad\u00eamicos: O FIBE Eleva a Barra da Excel\u00eancia!<\/strong><\/p>\n\n\n\n<p>Em um movimento audacioso para celebrar e fomentar a integra\u00e7\u00e3o acad\u00eamica entre o Brasil e a Europa, o Pr\u00eamio FIBE lan\u00e7a sua segunda edi\u00e7\u00e3o com novidades que prometem agitar o cen\u00e1rio acad\u00eamico. Com um aumento significativo na premia\u00e7\u00e3o total, alcan\u00e7ando os seis mil euros, e a introdu\u00e7\u00e3o de cinco novos temas nas categorias de mestrado e doutoramento, o F\u00f3rum de Integra\u00e7\u00e3o Brasil Europa (FIBE) n\u00e3o s\u00f3 reconhece a excel\u00eancia acad\u00eamica, mas tamb\u00e9m pavimenta caminhos para futuras publica\u00e7\u00f5es em parceria com a renomada editora Almedina.<\/p>\n\n\n\n<p><strong>O Que Esperar da Live de Lan\u00e7amento?<\/strong><\/p>\n\n\n\n<p>Marcada para o pr\u00f3ximo dia 19, \u00e0s 14h30 (11h30 no hor\u00e1rio de Bras\u00edlia), a live de lan\u00e7amento ser\u00e1 transmitida diretamente no canal do IDP no YouTube. Al\u00e9m de detalhar o novo regulamento, o evento contar\u00e1 com a participa\u00e7\u00e3o especial dos laureados da edi\u00e7\u00e3o 2023, que apresentar\u00e3o seus trabalhos vencedores. Esses trabalhos, que abrangem \u00e1reas vitais como culturais, econ\u00f4micas, sociais, hist\u00f3ricas, pol\u00edticas e jur\u00eddicas, ilustram a profundidade e a relev\u00e2ncia do di\u00e1logo acad\u00eamico entre o Brasil e a Europa.<\/p>\n\n\n\n<p><strong>Inscri\u00e7\u00f5es Abertas e Gratuitas!<\/strong><\/p>\n\n\n\n<p>A segunda edi\u00e7\u00e3o do Pr\u00eamio FIBE n\u00e3o s\u00f3 promete elevar o padr\u00e3o de qualidade das pesquisas inscritas, mas tamb\u00e9m ampliar as redes de contato e as oportunidades de colabora\u00e7\u00e3o acad\u00eamica. As inscri\u00e7\u00f5es estar\u00e3o abertas do dia 19 de fevereiro at\u00e9 30 de setembro de 2024, exclusivamente online, pelo site oficial do pr\u00eamio. Esta \u00e9 uma chance imperd\u00edvel para acad\u00eamicos que desejam contribuir significativamente para a integra\u00e7\u00e3o Brasil-Europa e, quem sabe, ver seu trabalho ganhar ainda mais visibilidade.<\/p>\n\n\n\n<p><strong>Uma Premia\u00e7\u00e3o de Refer\u00eancia no Cen\u00e1rio Acad\u00eamico<\/strong><\/p>\n\n\n\n<p>Comentando sobre o impacto do pr\u00eamio, Vitalino Canas, presidente do FIBE e especialista em Direito Constitucional, destacou o papel fundamental dos trabalhos premiados na \u00faltima edi\u00e7\u00e3o para a integra\u00e7\u00e3o entre Brasil e Portugal. Segundo Canas, o Pr\u00eamio FIBE vai al\u00e9m de um reconhecimento acad\u00eamico; ele materializa a miss\u00e3o de fortalecer os la\u00e7os entre estas regi\u00f5es, promovendo uma colabora\u00e7\u00e3o enriquecedora para ambas as partes.<\/p>\n\n\n\n<p>N\u00e3o perca a chance de fazer parte deste projeto transformador. Marque na agenda e assista ao lan\u00e7amento do Pr\u00eamio FIBE 2024, uma iniciativa que promete marcar a hist\u00f3ria da colabora\u00e7\u00e3o acad\u00eamica entre Brasil e Europa.<\/p>\n","protected":false},"excerpt":{"rendered":"<p>Expandindo Horizontes Acad\u00eamicos: O FIBE Eleva a Barra da Excel\u00eancia! Em um movimento audacioso para celebrar e fomentar a integra\u00e7\u00e3o acad\u00eamica entre o Brasil e a Europa, o Pr\u00eamio FIBE lan\u00e7a sua segunda edi\u00e7\u00e3o com novidades que prometem agitar o cen\u00e1rio acad\u00eamico. Com um aumento significativo na premia\u00e7\u00e3o total, alcan\u00e7ando os seis mil euros, e [&hellip;]<\/p>\n","protected":false},"author":777,"featured_media":3162,"comment_status":"open","ping_status":"open","sticky":true,"template":"","format":"standard","meta":{"_monsterinsights_skip_tracking":false,"_monsterinsights_sitenote_active":false,"_monsterinsights_sitenote_note":"","_monsterinsights_sitenote_category":0,"footnotes":""},"categories":[41,54,34],"tags":[231,253,256],"class_list":["post-3161","post","type-post","status-publish","format-standard","has-post-thumbnail","hentry","category-agenda","category-brasil","category-destaque","tag-231","tag-idp","tag-novidade"],"_links":{"self":[{"href":"https:\/\/cidadecult.com.br\/index.php?rest_route=\/wp\/v2\/posts\/3161","targetHints":{"allow":["GET"]}}],"collection":[{"href":"https:\/\/cidadecult.com.br\/index.php?rest_route=\/wp\/v2\/posts"}],"about":[{"href":"https:\/\/cidadecult.com.br\/index.php?rest_route=\/wp\/v2\/types\/post"}],"author":[{"embeddable":true,"href":"https:\/\/cidadecult.com.br\/index.php?rest_route=\/wp\/v2\/users\/777"}],"replies":[{"embeddable":true,"href":"https:\/\/cidadecult.com.br\/index.php?rest_route=%2Fwp%2Fv2%2Fcomments&post=3161"}],"version-history":[{"count":1,"href":"https:\/\/cidadecult.com.br\/index.php?rest_route=\/wp\/v2\/posts\/3161\/revisions"}],"predecessor-version":[{"id":3163,"href":"https:\/\/cidadecult.com.br\/index.php?rest_route=\/wp\/v2\/posts\/3161\/revisions\/3163"}],"wp:featuredmedia":[{"embeddable":true,"href":"https:\/\/cidadecult.com.br\/index.php?rest_route=\/wp\/v2\/media\/3162"}],"wp:attachment":[{"href":"https:\/\/cidadecult.com.br\/index.php?rest_route=%2Fwp%2Fv2%2Fmedia&parent=3161"}],"wp:term":[{"taxonomy":"category","embeddable":true,"href":"https:\/\/cidadecult.com.br\/index.php?rest_route=%2Fwp%2Fv2%2Fcategories&post=3161"},{"taxonomy":"post_tag","embeddable":true,"href":"https:\/\/cidadecult.com.br\/index.php?rest_route=%2Fwp%2Fv2%2Ftags&post=3161"}],"curies":[{"name":"wp","href":"https:\/\/api.w.org\/{rel}","templated":true}]}}