{"id":3155,"date":"2024-02-17T08:00:00","date_gmt":"2024-02-17T11:00:00","guid":{"rendered":"https:\/\/cidadecult.com.br\/?p=3155"},"modified":"2024-03-18T17:02:19","modified_gmt":"2024-03-18T20:02:19","slug":"tumaraca-uma-celebracao-da-cultura-afro-brasileira-atraves-do-maracatu","status":"publish","type":"post","link":"https:\/\/cidadecult.com.br\/?p=3155","title":{"rendered":"Tumaraca: Uma Celebra\u00e7\u00e3o da Cultura Afro-Brasile.ira Atrav\u00e9s do Maracatu."},"content":{"rendered":"\n<h3 class=\"wp-block-heading\"><\/h3>\n\n\n\n<p>Planaltina se prepara para ser o palco de um evento que promete uma imers\u00e3o profunda nas ra\u00edzes Afro-brasileiras atrav\u00e9s da vibrante apresenta\u00e7\u00e3o do Tumaraca Maracatu de Rua. Este evento singular, apoiado pelo Fundo de Apoio \u00e0 Cultura do DF (FAC), \u00e9 mais que uma celebra\u00e7\u00e3o; \u00e9 uma viv\u00eancia cultural que convida \u00e0 reflex\u00e3o sobre a rica diversidade da cultura Afro-brasileira.<\/p>\n\n\n\n<p>O Tumaraca deu in\u00edcio \u00e0s suas atividades com uma roda de conversa, abrindo espa\u00e7o para di\u00e1logos enriquecedores sobre as hist\u00f3rias e a diversidade cultural Afro-brasileira. Participantes tiveram a oportunidade de mergulhar ainda mais profundamente nessa cultura por meio de oficinas de confec\u00e7\u00e3o do Agb\u00ea ou Xequeqre, um instrumento percussivo essencial no Maracatu, e de cantigas populares que ressoam com a alma e a hist\u00f3ria do povo brasileiro.<\/p>\n\n\n\n<p>O grande \u00e1pice do evento ser\u00e1 a apresenta\u00e7\u00e3o dos Tambores do Amanhecer, um grupo de Maracatu que segue os fundamentos da na\u00e7\u00e3o do Maracatu Porto Rico do Recife. A performance acontecer\u00e1 no Complexo Cultural de Planaltina, no dia 18 de fevereiro, a partir das 13h, prometendo n\u00e3o apenas entretenimento, mas uma experi\u00eancia cultural imersiva. Com entrada franca e classifica\u00e7\u00e3o livre, \u00e9 uma oportunidade perfeita para todas as idades vivenciarem a magia do Maracatu de Baque Virado, uma manifesta\u00e7\u00e3o art\u00edstica que \u00e9 Patrim\u00f4nio Cultural e Imaterial do Brasil.<\/p>\n\n\n\n<p>O Maracatu \u00e9 uma express\u00e3o da cultura negra, uma heran\u00e7a de resist\u00eancia que nasceu da coroa\u00e7\u00e3o de Reis e Rainhas do Congo e encontrou no Brasil, especialmente em Pernambuco, um solo f\u00e9rtil para florescer. O evento Tumaraca promete ser um momento de ax\u00e9, onde a arte se encontra com a hist\u00f3ria para celebrar a beleza e a for\u00e7a da cultura Afro-brasileira.<\/p>\n","protected":false},"excerpt":{"rendered":"<p>Planaltina se prepara para ser o palco de um evento que promete uma imers\u00e3o profunda nas ra\u00edzes Afro-brasileiras atrav\u00e9s da vibrante apresenta\u00e7\u00e3o do Tumaraca Maracatu de Rua. Este evento singular, apoiado pelo Fundo de Apoio \u00e0 Cultura do DF (FAC), \u00e9 mais que uma celebra\u00e7\u00e3o; \u00e9 uma viv\u00eancia cultural que convida \u00e0 reflex\u00e3o sobre a [&hellip;]<\/p>\n","protected":false},"author":777,"featured_media":3156,"comment_status":"open","ping_status":"open","sticky":true,"template":"","format":"standard","meta":{"_monsterinsights_skip_tracking":false,"_monsterinsights_sitenote_active":false,"_monsterinsights_sitenote_note":"","_monsterinsights_sitenote_category":0,"footnotes":""},"categories":[41,3,6],"tags":[252,250],"class_list":["post-3155","post","type-post","status-publish","format-standard","has-post-thumbnail","hentry","category-agenda","category-entertainment","category-music","tag-afro","tag-maracatu"],"_links":{"self":[{"href":"https:\/\/cidadecult.com.br\/index.php?rest_route=\/wp\/v2\/posts\/3155","targetHints":{"allow":["GET"]}}],"collection":[{"href":"https:\/\/cidadecult.com.br\/index.php?rest_route=\/wp\/v2\/posts"}],"about":[{"href":"https:\/\/cidadecult.com.br\/index.php?rest_route=\/wp\/v2\/types\/post"}],"author":[{"embeddable":true,"href":"https:\/\/cidadecult.com.br\/index.php?rest_route=\/wp\/v2\/users\/777"}],"replies":[{"embeddable":true,"href":"https:\/\/cidadecult.com.br\/index.php?rest_route=%2Fwp%2Fv2%2Fcomments&post=3155"}],"version-history":[{"count":2,"href":"https:\/\/cidadecult.com.br\/index.php?rest_route=\/wp\/v2\/posts\/3155\/revisions"}],"predecessor-version":[{"id":4029,"href":"https:\/\/cidadecult.com.br\/index.php?rest_route=\/wp\/v2\/posts\/3155\/revisions\/4029"}],"wp:featuredmedia":[{"embeddable":true,"href":"https:\/\/cidadecult.com.br\/index.php?rest_route=\/wp\/v2\/media\/3156"}],"wp:attachment":[{"href":"https:\/\/cidadecult.com.br\/index.php?rest_route=%2Fwp%2Fv2%2Fmedia&parent=3155"}],"wp:term":[{"taxonomy":"category","embeddable":true,"href":"https:\/\/cidadecult.com.br\/index.php?rest_route=%2Fwp%2Fv2%2Fcategories&post=3155"},{"taxonomy":"post_tag","embeddable":true,"href":"https:\/\/cidadecult.com.br\/index.php?rest_route=%2Fwp%2Fv2%2Ftags&post=3155"}],"curies":[{"name":"wp","href":"https:\/\/api.w.org\/{rel}","templated":true}]}}