{"id":3139,"date":"2024-02-16T16:47:32","date_gmt":"2024-02-16T19:47:32","guid":{"rendered":"https:\/\/cidadecult.com.br\/?p=3139"},"modified":"2024-02-16T16:47:34","modified_gmt":"2024-02-16T19:47:34","slug":"angela-davis-uma-vida-de-luta-e-resistencia-aos-80-anos","status":"publish","type":"post","link":"https:\/\/cidadecult.com.br\/?p=3139","title":{"rendered":"Angela Davis: Uma Vida de Luta e Resist\u00eancia aos 80 Anos"},"content":{"rendered":"\n<h3 class=\"wp-block-heading\"><\/h3>\n\n\n\n<p>Angela Davis, um \u00edcone do marxismo e do antirracismo, celebra seus 80 anos n\u00e3o apenas como uma figura hist\u00f3rica de resist\u00eancia, mas como uma voz que continua ressoando fortemente, especialmente no Brasil, onde suas obras encontram um p\u00fablico vasto e engajado. Com cerca de 330 mil c\u00f3pias de seus livros vendidas no pa\u00eds, Davis se destaca por sua an\u00e1lise cr\u00edtica das desigualdades de g\u00eanero e ra\u00e7a, explorando os mecanismos do capitalismo racializado e do encarceramento em massa\u200b<a href=\"https:\/\/www.geledes.org.br\/angela-davis-completa-80-anos-como-icone-marxista-e-antirracista\/\" target=\"_blank\" rel=\"noreferrer noopener\"><\/a>\u200b.<\/p>\n\n\n\n<p>Desde os anos 1960, Angela Davis tem sido uma defensora incans\u00e1vel de v\u00e1rias causas, incluindo a luta pela liberdade da Palestina, demonstrando como o trabalho acad\u00eamico e a milit\u00e2ncia pol\u00edtica podem caminhar juntos\u200b<a href=\"https:\/\/www.geledes.org.br\/angela-davis-completa-80-anos-como-icone-marxista-e-antirracista\/\" target=\"_blank\" rel=\"noreferrer noopener\"><\/a>\u200b. Sua hist\u00f3ria \u00e9 marcada por desafios significativos, como quando foi inclu\u00edda na lista dos dez mais procurados pelo FBI na d\u00e9cada de 1970, acusada injustamente de sequestro e homic\u00eddio, o que desencadeou uma campanha internacional por sua liberta\u00e7\u00e3o\u200b<a href=\"https:\/\/www.geledes.org.br\/angela-davis-completa-80-anos-como-icone-marxista-e-antirracista\/\" target=\"_blank\" rel=\"noreferrer noopener\"><\/a>\u200b\u200b<a href=\"https:\/\/www.ebiografia.com\/angela_davis\/\" target=\"_blank\" rel=\"noreferrer noopener\"><\/a>\u200b.<\/p>\n\n\n\n<p>Ap\u00f3s ser inocentada, Davis n\u00e3o diminuiu seu ativismo. Pelo contr\u00e1rio, sua experi\u00eancia no c\u00e1rcere fortaleceu sua voz contra o sistema prisional injusto dos Estados Unidos, tornando-a uma das principais autoras sobre quest\u00f5es de justi\u00e7a social, com publica\u00e7\u00f5es influentes como &#8220;Se Eles Vierem pela Manh\u00e3&#8221; e sua autobiografia, que s\u00f3 recentemente foi traduzida para o portugu\u00eas\u200b<a href=\"https:\/\/www.geledes.org.br\/angela-davis-completa-80-anos-como-icone-marxista-e-antirracista\/\" target=\"_blank\" rel=\"noreferrer noopener\"><\/a>\u200b.<\/p>\n\n\n\n<p>No Brasil, a chegada de suas obras trouxe \u00e0 tona discuss\u00f5es essenciais sobre ra\u00e7a, classe e g\u00eanero, com &#8220;Mulheres, Ra\u00e7a e Classe&#8221; sendo a primeira a ser publicada pela Boitempo Editorial em 2016, seguida por outros t\u00edtulos que rapidamente capturaram a aten\u00e7\u00e3o do p\u00fablico\u200b<a href=\"https:\/\/www.geledes.org.br\/angela-davis-completa-80-anos-como-icone-marxista-e-antirracista\/\" target=\"_blank\" rel=\"noreferrer noopener\"><\/a>\u200b\u200b<a href=\"https:\/\/www.ebiografia.com\/angela_davis\/\" target=\"_blank\" rel=\"noreferrer noopener\"><\/a>\u200b. A demora na tradu\u00e7\u00e3o de suas obras reflete o racismo na geopol\u00edtica do conhecimento, um tema que Davis aborda frequentemente em suas an\u00e1lises\u200b<a href=\"https:\/\/www.geledes.org.br\/angela-davis-completa-80-anos-como-icone-marxista-e-antirracista\/\" target=\"_blank\" rel=\"noreferrer noopener\"><\/a>\u200b.<\/p>\n\n\n\n<p>Al\u00e9m de sua contribui\u00e7\u00e3o liter\u00e1ria, Davis \u00e9 conhecida por sua milit\u00e2ncia abrangente, abordando n\u00e3o apenas o antirracismo e o feminismo, mas tamb\u00e9m defendendo os direitos dos animais, lutando contra a homofobia, a transfobia, a xenofobia, apoiando causas ind\u00edgenas, e alertando sobre o aquecimento global\u200b<a href=\"https:\/\/www.ebiografia.com\/angela_davis\/\" target=\"_blank\" rel=\"noreferrer noopener\"><\/a>\u200b. Sua famosa frase, &#8220;Quando a mulher negra se movimenta, toda a estrutura da sociedade se movimenta com ela&#8221;, encapsula a ess\u00eancia de sua mensagem: a transforma\u00e7\u00e3o social come\u00e7a com as mudan\u00e7as nas condi\u00e7\u00f5es das mulheres negras, que est\u00e3o na base da pir\u00e2mide social\u200b<a href=\"https:\/\/www.ebiografia.com\/angela_davis\/\" target=\"_blank\" rel=\"noreferrer noopener\"><\/a>\u200b.<\/p>\n\n\n\n<p>Em visitas ao Brasil, Angela Davis reiterou seu compromisso com a luta global por justi\u00e7a e igualdade, participando de eventos e palestras que destacam seu impacto duradouro na luta por uma sociedade mais justa e equitativa\u200b<a href=\"https:\/\/www.ebiografia.com\/angela_davis\/\" target=\"_blank\" rel=\"noreferrer noopener\"><\/a>\u200b.<\/p>\n\n\n\n<p>Angela Davis n\u00e3o \u00e9 apenas uma figura hist\u00f3rica; ela \u00e9 um exemplo vivo de resist\u00eancia e esperan\u00e7a para gera\u00e7\u00f5es de ativistas ao redor do mundo. Sua vida e obra continuam inspirando aqueles que lutam por um mundo onde a liberdade e a igualdade n\u00e3o sejam apenas ideais, mas realidades para todos.<\/p>\n","protected":false},"excerpt":{"rendered":"<p>Angela Davis, um \u00edcone do marxismo e do antirracismo, celebra seus 80 anos n\u00e3o apenas como uma figura hist\u00f3rica de resist\u00eancia, mas como uma voz que continua ressoando fortemente, especialmente no Brasil, onde suas obras encontram um p\u00fablico vasto e engajado. Com cerca de 330 mil c\u00f3pias de seus livros vendidas no pa\u00eds, Davis se [&hellip;]<\/p>\n","protected":false},"author":777,"featured_media":3140,"comment_status":"open","ping_status":"open","sticky":false,"template":"","format":"standard","meta":{"_monsterinsights_skip_tracking":false,"_monsterinsights_sitenote_active":false,"_monsterinsights_sitenote_note":"","_monsterinsights_sitenote_category":0,"footnotes":""},"categories":[54,34,36,57],"tags":[236,239,241],"class_list":["post-3139","post","type-post","status-publish","format-standard","has-post-thumbnail","hentry","category-brasil","category-destaque","category-technology","category-sororidade","tag-angela-davis","tag-antimachismo","tag-feminista"],"_links":{"self":[{"href":"https:\/\/cidadecult.com.br\/index.php?rest_route=\/wp\/v2\/posts\/3139","targetHints":{"allow":["GET"]}}],"collection":[{"href":"https:\/\/cidadecult.com.br\/index.php?rest_route=\/wp\/v2\/posts"}],"about":[{"href":"https:\/\/cidadecult.com.br\/index.php?rest_route=\/wp\/v2\/types\/post"}],"author":[{"embeddable":true,"href":"https:\/\/cidadecult.com.br\/index.php?rest_route=\/wp\/v2\/users\/777"}],"replies":[{"embeddable":true,"href":"https:\/\/cidadecult.com.br\/index.php?rest_route=%2Fwp%2Fv2%2Fcomments&post=3139"}],"version-history":[{"count":1,"href":"https:\/\/cidadecult.com.br\/index.php?rest_route=\/wp\/v2\/posts\/3139\/revisions"}],"predecessor-version":[{"id":3141,"href":"https:\/\/cidadecult.com.br\/index.php?rest_route=\/wp\/v2\/posts\/3139\/revisions\/3141"}],"wp:featuredmedia":[{"embeddable":true,"href":"https:\/\/cidadecult.com.br\/index.php?rest_route=\/wp\/v2\/media\/3140"}],"wp:attachment":[{"href":"https:\/\/cidadecult.com.br\/index.php?rest_route=%2Fwp%2Fv2%2Fmedia&parent=3139"}],"wp:term":[{"taxonomy":"category","embeddable":true,"href":"https:\/\/cidadecult.com.br\/index.php?rest_route=%2Fwp%2Fv2%2Fcategories&post=3139"},{"taxonomy":"post_tag","embeddable":true,"href":"https:\/\/cidadecult.com.br\/index.php?rest_route=%2Fwp%2Fv2%2Ftags&post=3139"}],"curies":[{"name":"wp","href":"https:\/\/api.w.org\/{rel}","templated":true}]}}