{"id":306,"date":"2019-10-23T13:06:39","date_gmt":"2019-10-23T16:06:39","guid":{"rendered":"https:\/\/cidadecult.com.br\/novo\/confira-novo-videoclipe-de-marilia-mendonca-abandono-de-incapaz-gravado-em-aracaju\/"},"modified":"2019-10-23T13:06:39","modified_gmt":"2019-10-23T16:06:39","slug":"confira-novo-videoclipe-de-marilia-mendonca-abandono-de-incapaz-gravado-em-aracaju","status":"publish","type":"post","link":"https:\/\/cidadecult.com.br\/?p=306","title":{"rendered":"Bell Marques \u00e9 uma das atra\u00e7\u00f5es do Carnaval no Parque"},"content":{"rendered":"<p>A festa acontece um fim de semana antes do carnaval, durante o per\u00edodo e um final de semana depois. No dia 16 um dos destaques da programa\u00e7\u00e3o musical \u00e9 o cantor Bell Marques,\u00a0<\/p>\n","protected":false},"excerpt":{"rendered":"<p>A festa acontece um fim de semana antes do carnaval, durante o per\u00edodo e um final de semana depois. No dia 16 um dos destaques da programa\u00e7\u00e3o musical \u00e9 o cantor Bell Marques,\u00a0<\/p>\n","protected":false},"author":3,"featured_media":0,"comment_status":"open","ping_status":"open","sticky":false,"template":"","format":"standard","meta":{"_monsterinsights_skip_tracking":false,"_monsterinsights_sitenote_active":false,"_monsterinsights_sitenote_note":"","_monsterinsights_sitenote_category":0,"footnotes":""},"categories":[40],"tags":[],"class_list":["post-306","post","type-post","status-publish","format-standard","hentry","category-videos"],"_links":{"self":[{"href":"https:\/\/cidadecult.com.br\/index.php?rest_route=\/wp\/v2\/posts\/306","targetHints":{"allow":["GET"]}}],"collection":[{"href":"https:\/\/cidadecult.com.br\/index.php?rest_route=\/wp\/v2\/posts"}],"about":[{"href":"https:\/\/cidadecult.com.br\/index.php?rest_route=\/wp\/v2\/types\/post"}],"author":[{"embeddable":true,"href":"https:\/\/cidadecult.com.br\/index.php?rest_route=\/wp\/v2\/users\/3"}],"replies":[{"embeddable":true,"href":"https:\/\/cidadecult.com.br\/index.php?rest_route=%2Fwp%2Fv2%2Fcomments&post=306"}],"version-history":[{"count":0,"href":"https:\/\/cidadecult.com.br\/index.php?rest_route=\/wp\/v2\/posts\/306\/revisions"}],"wp:attachment":[{"href":"https:\/\/cidadecult.com.br\/index.php?rest_route=%2Fwp%2Fv2%2Fmedia&parent=306"}],"wp:term":[{"taxonomy":"category","embeddable":true,"href":"https:\/\/cidadecult.com.br\/index.php?rest_route=%2Fwp%2Fv2%2Fcategories&post=306"},{"taxonomy":"post_tag","embeddable":true,"href":"https:\/\/cidadecult.com.br\/index.php?rest_route=%2Fwp%2Fv2%2Ftags&post=306"}],"curies":[{"name":"wp","href":"https:\/\/api.w.org\/{rel}","templated":true}]}}