{"id":3028,"date":"2024-02-08T12:45:02","date_gmt":"2024-02-08T15:45:02","guid":{"rendered":"https:\/\/cidadecult.com.br\/?p=3028"},"modified":"2024-02-08T12:53:13","modified_gmt":"2024-02-08T15:53:13","slug":"nando-reis-voz-e-violao-em-brasilia","status":"publish","type":"post","link":"https:\/\/cidadecult.com.br\/?p=3028","title":{"rendered":"Nando Reis &#8211; &#8220;voz e viol\u00e3o&#8221; em Bras\u00edlia !"},"content":{"rendered":"\n<p><em>Foto: Carol Siqueira\/divulga\u00e7\u00e3o <\/em><\/p>\n\n\n\n<p>A cidade est\u00e1 prestes a vivenciar uma noite m\u00e1gica no cen\u00e1rio musical com o t\u00e3o aguardado show &#8220;Voz e Viol\u00e3o&#8221;, apresentado pelo renomado cantor Nando Reis e seu talentoso filho, Sebasti\u00e3o Reis. Esta experi\u00eancia \u00fanica est\u00e1 marcada para o dia 6 de abril, no prestigiado Centro de Conven\u00e7\u00f5es Ulysses, e promete emocionar os cora\u00e7\u00f5es dos brasilienses.<\/p>\n\n\n\n<p><strong>Sobre o Evento:<\/strong><br>Desde o lan\u00e7amento do \u00e1lbum &#8220;Voz e Viol\u00e3o &#8211; no Recreio -&#8221; em 2016, Nando Reis vem encantando plateias em todo o Brasil e al\u00e9m-fronteiras com suas apresenta\u00e7\u00f5es ac\u00fasticas. O repert\u00f3rio, repleto de sucessos que definiram sua carreira, como \u201cAll Star\u201d, \u201cRelic\u00e1rio\u201d e \u201cLuz dos Olhos\u201d, promete estabelecer uma conex\u00e3o \u00fanica com o p\u00fablico em uma noite de pura magia musical.<\/p>\n\n\n\n<p>Nando Reis, uma lenda viva da m\u00fasica brasileira, completou 60 anos em 2023 e continua a surpreender com sua energia cativante e performances memor\u00e1veis. Com uma agenda repleta de realiza\u00e7\u00f5es, incluindo o relan\u00e7amento do disco \u201c12 de janeiro\u201d, o encerramento das turn\u00eas Nando Hits e PittyNando, al\u00e9m da emocionante reuni\u00e3o com os Tit\u00e3s para a turn\u00ea \u201cTit\u00e3s Encontro\u201d, celebrando 40 anos de sucessos.<\/p>\n\n\n\n<p>Este show em Bras\u00edlia oferece uma oportunidade rara de testemunhar pai e filho compartilhando o palco, com Sebasti\u00e3o Reis adicionando novas nuances \u00e0s can\u00e7\u00f5es que se tornaram verdadeiros \u00edcones na trajet\u00f3ria de Nando. Al\u00e9m da m\u00fasica de alta qualidade, o evento promete momentos de intera\u00e7\u00e3o e trocas com o p\u00fablico, caracter\u00edsticas marcantes dos shows de Nando Reis.<\/p>\n\n\n\n<p><strong>Servi\u00e7o:<\/strong><\/p>\n\n\n\n<ul class=\"wp-block-list\">\n<li><strong>Evento:<\/strong> Nando Reis \u2013 &#8220;Voz e Viol\u00e3o&#8221;<\/li>\n\n\n\n<li><strong>Data:<\/strong> 6 de abril<\/li>\n\n\n\n<li><strong>Local:<\/strong> Centro de Conven\u00e7\u00f5es Ulysses, Bras\u00edlia<\/li>\n<\/ul>\n\n\n\n<p>Garanta seu lugar nesta noite especial e prepare-se para uma experi\u00eancia musical inesquec\u00edvel. Os ingressos estar\u00e3o dispon\u00edveis em breve. Fique atento \u00e0s atualiza\u00e7\u00f5es e n\u00e3o perca a chance de fazer parte deste momento \u00fanico na hist\u00f3ria da m\u00fasica brasileira!<\/p>\n","protected":false},"excerpt":{"rendered":"<p>Foto: Carol Siqueira\/divulga\u00e7\u00e3o A cidade est\u00e1 prestes a vivenciar uma noite m\u00e1gica no cen\u00e1rio musical com o t\u00e3o aguardado show &#8220;Voz e Viol\u00e3o&#8221;, apresentado pelo renomado cantor Nando Reis e seu talentoso filho, Sebasti\u00e3o Reis. Esta experi\u00eancia \u00fanica est\u00e1 marcada para o dia 6 de abril, no prestigiado Centro de Conven\u00e7\u00f5es Ulysses, e promete emocionar [&hellip;]<\/p>\n","protected":false},"author":1441,"featured_media":3029,"comment_status":"open","ping_status":"open","sticky":false,"template":"","format":"standard","meta":{"_monsterinsights_skip_tracking":false,"_monsterinsights_sitenote_active":false,"_monsterinsights_sitenote_note":"","_monsterinsights_sitenote_category":0,"footnotes":""},"categories":[41,17,34,3,35,6],"tags":[],"class_list":["post-3028","post","type-post","status-publish","format-standard","has-post-thumbnail","hentry","category-agenda","category-bsb","category-destaque","category-entertainment","category-business-news365","category-music"],"_links":{"self":[{"href":"https:\/\/cidadecult.com.br\/index.php?rest_route=\/wp\/v2\/posts\/3028","targetHints":{"allow":["GET"]}}],"collection":[{"href":"https:\/\/cidadecult.com.br\/index.php?rest_route=\/wp\/v2\/posts"}],"about":[{"href":"https:\/\/cidadecult.com.br\/index.php?rest_route=\/wp\/v2\/types\/post"}],"author":[{"embeddable":true,"href":"https:\/\/cidadecult.com.br\/index.php?rest_route=\/wp\/v2\/users\/1441"}],"replies":[{"embeddable":true,"href":"https:\/\/cidadecult.com.br\/index.php?rest_route=%2Fwp%2Fv2%2Fcomments&post=3028"}],"version-history":[{"count":2,"href":"https:\/\/cidadecult.com.br\/index.php?rest_route=\/wp\/v2\/posts\/3028\/revisions"}],"predecessor-version":[{"id":3032,"href":"https:\/\/cidadecult.com.br\/index.php?rest_route=\/wp\/v2\/posts\/3028\/revisions\/3032"}],"wp:featuredmedia":[{"embeddable":true,"href":"https:\/\/cidadecult.com.br\/index.php?rest_route=\/wp\/v2\/media\/3029"}],"wp:attachment":[{"href":"https:\/\/cidadecult.com.br\/index.php?rest_route=%2Fwp%2Fv2%2Fmedia&parent=3028"}],"wp:term":[{"taxonomy":"category","embeddable":true,"href":"https:\/\/cidadecult.com.br\/index.php?rest_route=%2Fwp%2Fv2%2Fcategories&post=3028"},{"taxonomy":"post_tag","embeddable":true,"href":"https:\/\/cidadecult.com.br\/index.php?rest_route=%2Fwp%2Fv2%2Ftags&post=3028"}],"curies":[{"name":"wp","href":"https:\/\/api.w.org\/{rel}","templated":true}]}}