{"id":2756,"date":"2024-01-31T10:51:29","date_gmt":"2024-01-31T13:51:29","guid":{"rendered":"https:\/\/cidadecult.com.br\/?p=2756"},"modified":"2024-01-31T10:51:31","modified_gmt":"2024-01-31T13:51:31","slug":"oswaldo-montenegro-celebrando-50-anos-de-estrada-em-brasilia","status":"publish","type":"post","link":"https:\/\/cidadecult.com.br\/?p=2756","title":{"rendered":"Oswaldo Montenegro: Celebrando 50 Anos de Estrada em Bras\u00edlia"},"content":{"rendered":"\n<p>No dia 26 de outubro, o Centro de Conven\u00e7\u00f5es Ulysses Guimar\u00e3es ser\u00e1 palco para um espet\u00e1culo \u00fanico em comemora\u00e7\u00e3o aos 50 anos de carreira do renomado m\u00fasico brasileiro, Oswaldo Montenegro.<\/p>\n\n\n\n<p><strong>Detalhes do Show:<\/strong><\/p>\n\n\n\n<ul class=\"wp-block-list\">\n<li><strong>Data e Hor\u00e1rio:<\/strong> 26 de outubro, \u00e0s 21h30.<\/li>\n\n\n\n<li><strong>Local:<\/strong> Centro de Conven\u00e7\u00f5es Ulysses Guimar\u00e3es.<\/li>\n<\/ul>\n\n\n\n<p><strong>Sobre o Espet\u00e1culo:<\/strong><br>O show &#8220;Celebrando 50 Anos de Estrada&#8221; promete uma experi\u00eancia emocionante e diversificada, com a intera\u00e7\u00e3o do artista com imagens de sua vida projetadas em um grande tel\u00e3o. Al\u00e9m dos sucessos como &#8220;Bandolins&#8221;, &#8220;A Lista&#8221; e &#8220;Intui\u00e7\u00e3o&#8221;, o p\u00fablico poder\u00e1 apreciar as rec\u00e9m-lan\u00e7adas &#8220;Lembrei de N\u00f3s&#8221; e &#8220;O melhor da vida ainda vai acontecer&#8221;. Destaque para a participa\u00e7\u00e3o especial do multi-instrumentista Milton Guedes.<\/p>\n\n\n\n<p><strong>Participa\u00e7\u00f5es Especiais:<\/strong><\/p>\n\n\n\n<ul class=\"wp-block-list\">\n<li>Madalena Salles, flautista-irm\u00e3 do Menestrel.<\/li>\n\n\n\n<li>Alexandre Meu Rei, multi-instrumentista.<\/li>\n<\/ul>\n\n\n\n<p><strong>Ingressos:<\/strong><br>Diversas op\u00e7\u00f5es de ingressos est\u00e3o dispon\u00edveis, desde poltronas convencionais at\u00e9 espa\u00e7os VIPs como o Lounge Sof\u00e1 e Camarote All-Inclusive. Confira a variedade de op\u00e7\u00f5es para atender diferentes prefer\u00eancias.<\/p>\n\n\n\n<p><strong>Classifica\u00e7\u00e3o Indicativa:<\/strong> 14 anos.<\/p>\n\n\n\n<p><strong>Pontos de Venda:<\/strong><\/p>\n\n\n\n<ul class=\"wp-block-list\">\n<li>Online: <a href=\"https:\/\/www.bilheteriadigital.com\/oswaldo-montenegro-celebrando-50-anos-de-estrada-26-de-outubro\">Bilheteria Digital<\/a><\/li>\n\n\n\n<li>Pontos f\u00edsicos:<\/li>\n\n\n\n<li>Free Corner (Terra\u00e7o Shopping e JK Shopping)<\/li>\n\n\n\n<li>Barbearia Elvis (JK Shopping e Taguatinga Shopping)<\/li>\n\n\n\n<li>Koni (Asa Sul e Sudoeste)<\/li>\n<\/ul>\n\n\n\n<p><strong>Sobre Oswaldo Montenegro:<\/strong><br>Oswaldo Montenegro, s\u00edmbolo de Bras\u00edlia, retrata a alma do Planalto em suas can\u00e7\u00f5es. Com uma carreira multifacetada, incluindo \u00e1lbuns, DVDs, filmes, pe\u00e7as musicais e at\u00e9 um livro infantil, Montenegro conquistou um p\u00fablico fiel ao longo de 50 anos.<\/p>\n\n\n\n<p>N\u00e3o perca a oportunidade de fazer parte dessa celebra\u00e7\u00e3o \u00fanica. Adquira seus ingressos e venha viver uma noite memor\u00e1vel com Oswaldo Montenegro em Bras\u00edlia!<\/p>\n","protected":false},"excerpt":{"rendered":"<p>No dia 26 de outubro, o Centro de Conven\u00e7\u00f5es Ulysses Guimar\u00e3es ser\u00e1 palco para um espet\u00e1culo \u00fanico em comemora\u00e7\u00e3o aos 50 anos de carreira do renomado m\u00fasico brasileiro, Oswaldo Montenegro. Detalhes do Show: Sobre o Espet\u00e1culo:O show &#8220;Celebrando 50 Anos de Estrada&#8221; promete uma experi\u00eancia emocionante e diversificada, com a intera\u00e7\u00e3o do artista com imagens [&hellip;]<\/p>\n","protected":false},"author":1441,"featured_media":2757,"comment_status":"open","ping_status":"open","sticky":false,"template":"","format":"standard","meta":{"_monsterinsights_skip_tracking":false,"_monsterinsights_sitenote_active":false,"_monsterinsights_sitenote_note":"","_monsterinsights_sitenote_category":0,"footnotes":""},"categories":[41,17,34,3,6,35],"tags":[],"class_list":["post-2756","post","type-post","status-publish","format-standard","has-post-thumbnail","hentry","category-agenda","category-bsb","category-destaque","category-entertainment","category-music","category-business-news365"],"_links":{"self":[{"href":"https:\/\/cidadecult.com.br\/index.php?rest_route=\/wp\/v2\/posts\/2756","targetHints":{"allow":["GET"]}}],"collection":[{"href":"https:\/\/cidadecult.com.br\/index.php?rest_route=\/wp\/v2\/posts"}],"about":[{"href":"https:\/\/cidadecult.com.br\/index.php?rest_route=\/wp\/v2\/types\/post"}],"author":[{"embeddable":true,"href":"https:\/\/cidadecult.com.br\/index.php?rest_route=\/wp\/v2\/users\/1441"}],"replies":[{"embeddable":true,"href":"https:\/\/cidadecult.com.br\/index.php?rest_route=%2Fwp%2Fv2%2Fcomments&post=2756"}],"version-history":[{"count":1,"href":"https:\/\/cidadecult.com.br\/index.php?rest_route=\/wp\/v2\/posts\/2756\/revisions"}],"predecessor-version":[{"id":2758,"href":"https:\/\/cidadecult.com.br\/index.php?rest_route=\/wp\/v2\/posts\/2756\/revisions\/2758"}],"wp:featuredmedia":[{"embeddable":true,"href":"https:\/\/cidadecult.com.br\/index.php?rest_route=\/wp\/v2\/media\/2757"}],"wp:attachment":[{"href":"https:\/\/cidadecult.com.br\/index.php?rest_route=%2Fwp%2Fv2%2Fmedia&parent=2756"}],"wp:term":[{"taxonomy":"category","embeddable":true,"href":"https:\/\/cidadecult.com.br\/index.php?rest_route=%2Fwp%2Fv2%2Fcategories&post=2756"},{"taxonomy":"post_tag","embeddable":true,"href":"https:\/\/cidadecult.com.br\/index.php?rest_route=%2Fwp%2Fv2%2Ftags&post=2756"}],"curies":[{"name":"wp","href":"https:\/\/api.w.org\/{rel}","templated":true}]}}