{"id":2749,"date":"2024-01-31T09:32:12","date_gmt":"2024-01-31T12:32:12","guid":{"rendered":"https:\/\/cidadecult.com.br\/?p=2749"},"modified":"2024-01-31T09:32:15","modified_gmt":"2024-01-31T12:32:15","slug":"makeda-a-rainha-da-arabia-feliz-encanta-brasilia-e-deixa-sua-marca-na-temporada-cultural-de-2024-no-ccbb","status":"publish","type":"post","link":"https:\/\/cidadecult.com.br\/?p=2749","title":{"rendered":"&#8220;Makeda &#8211; A rainha da Ar\u00e1bia feliz&#8221; encanta Bras\u00edlia e deixa sua marca na temporada cultural de 2024 no CCBB"},"content":{"rendered":"\n<p><em>Foto: Matheus Alves <\/em><\/p>\n\n\n\n<p>No cora\u00e7\u00e3o de Bras\u00edlia, o Centro Cultural Banco do Brasil (CCBB) se despede neste final de semana de uma produ\u00e7\u00e3o que marcou o in\u00edcio da temporada de artes c\u00eanicas de 2024. &#8220;Makeda &#8211; A Rainha da Ar\u00e1bia Feliz&#8221;, um musical infantojuvenil que abriu as cortinas no dia 12 de janeiro, recebeu calorosas aclama\u00e7\u00f5es do p\u00fablico e cr\u00edticas elogiosas.<\/p>\n\n\n\n<p>O espet\u00e1culo, que conta a hist\u00f3ria encantadora da pequena princesa africana Makeda, destinada a tornar-se a grandiosa Rainha de Sab\u00e1, trouxe n\u00e3o apenas entretenimento, mas tamb\u00e9m uma representatividade negra infantil enriquecida por textos e can\u00e7\u00f5es originais.<\/p>\n\n\n\n<p>Desde sua estreia, o idealizador, dramaturgo e diretor, Allex Miranda, tem testemunhado o impacto positivo da obra nas fam\u00edlias brasilienses. Mensagens calorosas e entusiasmadas, tanto em \u00e1udio quanto em texto, inundaram os canais de comunica\u00e7\u00e3o, compartilhando l\u00e1grimas e alegrias. O p\u00fablico, especialmente as crian\u00e7as negras, viu na narrativa uma fonte de autoestima e representatividade positiva.<\/p>\n\n\n\n<p>Para Graciana Valladares, que interpreta a personagem central, a temporada foi incr\u00edvel. A atriz relata depoimentos emocionantes, especialmente de crian\u00e7as, destacando como o espet\u00e1culo provocou reflex\u00f5es sobre autoestima e representatividade. &#8220;O p\u00fablico de Bras\u00edlia vai deixar saudades&#8221;, afirma Graciana.<\/p>\n\n\n\n<p>&#8220;Makeda &#8211; A Rainha da Ar\u00e1bia Feliz&#8221; se destaca n\u00e3o apenas pelo enredo envolvente, mas tamb\u00e9m pela abordagem po\u00e9tica e sens\u00edvel da representatividade negra infantil feminina. Allex Miranda destaca a import\u00e2ncia de oferecer novos arqu\u00e9tipos positivos, refor\u00e7ando a autoestima das crian\u00e7as ao permitir que se vejam como protagonistas de suas pr\u00f3prias hist\u00f3rias.<\/p>\n\n\n\n<p>O patroc\u00ednio do Banco do Brasil e BB Asset, por meio da Lei Rouanet, e a parceria com o CCBB Bras\u00edlia foram essenciais para o sucesso da temporada, proporcionando infraestrutura e apoio que contribu\u00edram significativamente para a qualidade do espet\u00e1culo.<\/p>\n","protected":false},"excerpt":{"rendered":"<p>Foto: Matheus Alves No cora\u00e7\u00e3o de Bras\u00edlia, o Centro Cultural Banco do Brasil (CCBB) se despede neste final de semana de uma produ\u00e7\u00e3o que marcou o in\u00edcio da temporada de artes c\u00eanicas de 2024. &#8220;Makeda &#8211; A Rainha da Ar\u00e1bia Feliz&#8221;, um musical infantojuvenil que abriu as cortinas no dia 12 de janeiro, recebeu calorosas [&hellip;]<\/p>\n","protected":false},"author":1441,"featured_media":2750,"comment_status":"open","ping_status":"open","sticky":false,"template":"","format":"standard","meta":{"_monsterinsights_skip_tracking":false,"_monsterinsights_sitenote_active":false,"_monsterinsights_sitenote_note":"","_monsterinsights_sitenote_category":0,"footnotes":""},"categories":[41,17],"tags":[215],"class_list":["post-2749","post","type-post","status-publish","format-standard","has-post-thumbnail","hentry","category-agenda","category-bsb","tag-makeda"],"_links":{"self":[{"href":"https:\/\/cidadecult.com.br\/index.php?rest_route=\/wp\/v2\/posts\/2749","targetHints":{"allow":["GET"]}}],"collection":[{"href":"https:\/\/cidadecult.com.br\/index.php?rest_route=\/wp\/v2\/posts"}],"about":[{"href":"https:\/\/cidadecult.com.br\/index.php?rest_route=\/wp\/v2\/types\/post"}],"author":[{"embeddable":true,"href":"https:\/\/cidadecult.com.br\/index.php?rest_route=\/wp\/v2\/users\/1441"}],"replies":[{"embeddable":true,"href":"https:\/\/cidadecult.com.br\/index.php?rest_route=%2Fwp%2Fv2%2Fcomments&post=2749"}],"version-history":[{"count":1,"href":"https:\/\/cidadecult.com.br\/index.php?rest_route=\/wp\/v2\/posts\/2749\/revisions"}],"predecessor-version":[{"id":2751,"href":"https:\/\/cidadecult.com.br\/index.php?rest_route=\/wp\/v2\/posts\/2749\/revisions\/2751"}],"wp:featuredmedia":[{"embeddable":true,"href":"https:\/\/cidadecult.com.br\/index.php?rest_route=\/wp\/v2\/media\/2750"}],"wp:attachment":[{"href":"https:\/\/cidadecult.com.br\/index.php?rest_route=%2Fwp%2Fv2%2Fmedia&parent=2749"}],"wp:term":[{"taxonomy":"category","embeddable":true,"href":"https:\/\/cidadecult.com.br\/index.php?rest_route=%2Fwp%2Fv2%2Fcategories&post=2749"},{"taxonomy":"post_tag","embeddable":true,"href":"https:\/\/cidadecult.com.br\/index.php?rest_route=%2Fwp%2Fv2%2Ftags&post=2749"}],"curies":[{"name":"wp","href":"https:\/\/api.w.org\/{rel}","templated":true}]}}