{"id":2741,"date":"2024-01-30T12:19:54","date_gmt":"2024-01-30T15:19:54","guid":{"rendered":"https:\/\/cidadecult.com.br\/?p=2741"},"modified":"2024-01-30T12:26:15","modified_gmt":"2024-01-30T15:26:15","slug":"oportunidade-de-educacao-para-jovens-e-adultos-em-ceilandia","status":"publish","type":"post","link":"https:\/\/cidadecult.com.br\/?p=2741","title":{"rendered":"Oportunidade de educa\u00e7\u00e3o para jovens e adultos em Ceil\u00e2ndia"},"content":{"rendered":"\n<p>A Escola T\u00e9cnica de Ceil\u00e2ndia (ETC) est\u00e1 com inscri\u00e7\u00f5es abertas para 80 vagas em cursos t\u00e9cnicos integrados \u00e0 Educa\u00e7\u00e3o de Jovens e Adultos (EJA). Este programa, que conta com a parceria da EJA, oferece uma excelente oportunidade para aqueles que n\u00e3o conclu\u00edram o ensino m\u00e9dio e desejam retomar os estudos.<\/p>\n\n\n\n<p><strong>Detalhes do Curso:<\/strong><\/p>\n\n\n\n<ul class=\"wp-block-list\">\n<li><strong>Modalidade:<\/strong> A dist\u00e2ncia, com aulas presenciais uma vez por semana.<\/li>\n\n\n\n<li><strong>Dura\u00e7\u00e3o:<\/strong> Dois anos.<\/li>\n\n\n\n<li><strong>In\u00edcio das Aulas:<\/strong> Previsto para depois do Carnaval.<\/li>\n<\/ul>\n\n\n\n<p><strong>Quem Pode se Matricular:<\/strong><\/p>\n\n\n\n<ul class=\"wp-block-list\">\n<li>Indiv\u00edduos com mais de 18 anos.<\/li>\n<\/ul>\n\n\n\n<p><strong>P\u00fablico-Alvo:<\/strong><\/p>\n\n\n\n<ul class=\"wp-block-list\">\n<li>Jovens, adultos e idosos que n\u00e3o conclu\u00edram a educa\u00e7\u00e3o b\u00e1sica ou nunca tiveram a oportunidade de estudar.<\/li>\n<\/ul>\n\n\n\n<p><strong>Plataforma Adaptada para Adultos e Idosos:<\/strong><\/p>\n\n\n\n<ul class=\"wp-block-list\">\n<li>O curso utilizar\u00e1 uma plataforma especialmente desenhada e adaptada para esse p\u00fablico, com atividades gravadas, leituras e f\u00f3runs de intera\u00e7\u00e3o. Professores estar\u00e3o dispon\u00edveis para oferecer suporte em caso de dificuldades no uso do sistema.<\/li>\n<\/ul>\n\n\n\n<p><strong>Conte\u00fado do Curso:<\/strong><\/p>\n\n\n\n<ul class=\"wp-block-list\">\n<li>Foco em aprendizados b\u00e1sicos para o dia a dia, incluindo matem\u00e1tica, portugu\u00eas e inform\u00e1tica, visando tornar os alunos mais competitivos no mercado de trabalho.<\/li>\n<\/ul>\n\n\n\n<p><strong>Matr\u00edculas:<\/strong><\/p>\n\n\n\n<ul class=\"wp-block-list\">\n<li>Local: Secretaria da ETC, QNN 14.<\/li>\n\n\n\n<li>Data: De quarta-feira (31) a sexta-feira (2\/2).<\/li>\n\n\n\n<li>Hor\u00e1rio: Das 8h \u00e0s 11h e das 14h \u00e0s 17h.<\/li>\n\n\n\n<li>Documentos necess\u00e1rios: Documento oficial de identifica\u00e7\u00e3o, uma foto 3&#215;4 e declara\u00e7\u00e3o de conclus\u00e3o do ensino fundamental.<\/li>\n<\/ul>\n\n\n\n<p>Esta \u00e9 uma oportunidade \u00fanica para retomar os estudos e adquirir habilidades t\u00e9cnicas essenciais. N\u00e3o perca a chance de investir no seu futuro!<\/p>\n","protected":false},"excerpt":{"rendered":"<p>A Escola T\u00e9cnica de Ceil\u00e2ndia (ETC) est\u00e1 com inscri\u00e7\u00f5es abertas para 80 vagas em cursos t\u00e9cnicos integrados \u00e0 Educa\u00e7\u00e3o de Jovens e Adultos (EJA). Este programa, que conta com a parceria da EJA, oferece uma excelente oportunidade para aqueles que n\u00e3o conclu\u00edram o ensino m\u00e9dio e desejam retomar os estudos. Detalhes do Curso: Quem Pode [&hellip;]<\/p>\n","protected":false},"author":1441,"featured_media":2742,"comment_status":"open","ping_status":"open","sticky":false,"template":"","format":"standard","meta":{"_monsterinsights_skip_tracking":false,"_monsterinsights_sitenote_active":false,"_monsterinsights_sitenote_note":"","_monsterinsights_sitenote_category":0,"footnotes":""},"categories":[54,34],"tags":[],"class_list":["post-2741","post","type-post","status-publish","format-standard","has-post-thumbnail","hentry","category-brasil","category-destaque"],"_links":{"self":[{"href":"https:\/\/cidadecult.com.br\/index.php?rest_route=\/wp\/v2\/posts\/2741","targetHints":{"allow":["GET"]}}],"collection":[{"href":"https:\/\/cidadecult.com.br\/index.php?rest_route=\/wp\/v2\/posts"}],"about":[{"href":"https:\/\/cidadecult.com.br\/index.php?rest_route=\/wp\/v2\/types\/post"}],"author":[{"embeddable":true,"href":"https:\/\/cidadecult.com.br\/index.php?rest_route=\/wp\/v2\/users\/1441"}],"replies":[{"embeddable":true,"href":"https:\/\/cidadecult.com.br\/index.php?rest_route=%2Fwp%2Fv2%2Fcomments&post=2741"}],"version-history":[{"count":2,"href":"https:\/\/cidadecult.com.br\/index.php?rest_route=\/wp\/v2\/posts\/2741\/revisions"}],"predecessor-version":[{"id":2748,"href":"https:\/\/cidadecult.com.br\/index.php?rest_route=\/wp\/v2\/posts\/2741\/revisions\/2748"}],"wp:featuredmedia":[{"embeddable":true,"href":"https:\/\/cidadecult.com.br\/index.php?rest_route=\/wp\/v2\/media\/2742"}],"wp:attachment":[{"href":"https:\/\/cidadecult.com.br\/index.php?rest_route=%2Fwp%2Fv2%2Fmedia&parent=2741"}],"wp:term":[{"taxonomy":"category","embeddable":true,"href":"https:\/\/cidadecult.com.br\/index.php?rest_route=%2Fwp%2Fv2%2Fcategories&post=2741"},{"taxonomy":"post_tag","embeddable":true,"href":"https:\/\/cidadecult.com.br\/index.php?rest_route=%2Fwp%2Fv2%2Ftags&post=2741"}],"curies":[{"name":"wp","href":"https:\/\/api.w.org\/{rel}","templated":true}]}}