{"id":27,"date":"2019-05-08T14:49:54","date_gmt":"2019-05-08T14:49:54","guid":{"rendered":"http:\/\/162.144.88.140\/~flyer\/jnews\/2019\/05\/08\/house-republicans-vote-to-end-rule-stopping-coal-mining-debris-from-being-dumped-in-streams\/"},"modified":"2023-09-19T18:48:14","modified_gmt":"2023-09-19T21:48:14","slug":"house-republicans-vote-to-end-rule-stopping-coal-mining-debris-from-being-dumped-in-streams","status":"publish","type":"post","link":"https:\/\/cidadecult.com.br\/?p=27","title":{"rendered":"Patrulha Canina em Bras\u00edlia: Um Musical Heroico Para Toda Fam\u00edlia!"},"content":{"rendered":"<div class=\"intro-text\">\n<p>Quando pensamos em hero\u00edsmo, resgate e aventura, certamente os filhotes da Patrulha Canina s\u00e3o alguns dos primeiros nomes que v\u00eam \u00e0 mente dos pequenos. O musical Patrulha Canina, O Musical! \u201cCorrida de Resgate\u201d, que tem feito sucesso por todo o mundo, desembarca em Bras\u00edlia em uma apresenta\u00e7\u00e3o \u00fanica.<\/p>\n<p>Sob o patroc\u00ednio do Minist\u00e9rio da Cultura, Brasilprev, Usiminas, Eurofarma, Atlas Schindler e Nickelodeon, e com a produ\u00e7\u00e3o da Touch\u00e9 Entretenimento e FOCO Cultural, o espet\u00e1culo promete encantar n\u00e3o s\u00f3 os pequenos, mas tamb\u00e9m os adultos.<\/p>\n<p>Os f\u00e3s brasilienses t\u00eam a chance de acompanhar a aventura dos filhotes no dia 24 de setembro, \u00e0s 18h, no renomado Centro de Conven\u00e7\u00f5es Ulysses Guimar\u00e3es.<\/p>\n<p>O musical retrata a excitante Grande Corrida da Ba\u00eda da Aventura, onde a Prefeita Goodway desaparece misteriosamente, deixando o caminho aberto para o Prefeito Humdinger da Baixa de N\u00e9voa. \u00c9 claro, a Patrulha Canina n\u00e3o vai deixar isso barato! Marshall, Chase, Skye, Rubble, Rocky, Zuma e Everest, juntamente com seu l\u00edder Ryder, embarcam em uma miss\u00e3o repleta de desafios, a\u00e7\u00e3o e divers\u00e3o.<\/p>\n<p>Em meio a cenas emocionantes, m\u00fasicas contagiantes e a interatividade com o p\u00fablico, a pe\u00e7a consegue transmitir importantes li\u00e7\u00f5es sobre cidadania, trabalho em equipe e resolu\u00e7\u00e3o de problemas.<\/p>\n<p>Desde a sua estreia em 2016, mais de 4,3 milh\u00f5es de espectadores em mais de 40 pa\u00edses foram transportados ao universo de Patrulha Canina em um espet\u00e1culo que tem o charme e a magia dos grandes musicais da Broadway.<\/p>\n<p>&#8220;A participa\u00e7\u00e3o da Brasilprev neste projeto \u00e9 mais um marco do nosso compromisso com a cultura e com o desenvolvimento do pa\u00eds. A Patrulha Canina tem uma mensagem poderosa de colabora\u00e7\u00e3o, amizade e responsabilidade, e estamos felizes em trazer esse show para a capital&#8221;, afirma Camilo Buzzi, Diretor Comercial e de Marketing da Brasilprev.<\/p>\n<p>Se voc\u00ea ainda n\u00e3o garantiu seu ingresso, \u00e9 bom se apressar! As entradas, a partir de R$ 90 (meia-entrada), est\u00e3o dispon\u00edveis no site sympla.com.br. Informa\u00e7\u00f5es adicionais podem ser obtidas atrav\u00e9s do perfil @giralprojetos no Instagram.<\/p>\n<\/div>\n","protected":false},"excerpt":{"rendered":"<p>Quando pensamos em hero\u00edsmo, resgate e aventura, certamente os filhotes da Patrulha Canina s\u00e3o alguns dos primeiros nomes que v\u00eam \u00e0 mente dos pequenos. O musical Patrulha Canina, O Musical! \u201cCorrida de Resgate\u201d, que tem feito sucesso por todo o mundo, desembarca em Bras\u00edlia em uma apresenta\u00e7\u00e3o \u00fanica. Sob o patroc\u00ednio do Minist\u00e9rio da Cultura, [&hellip;]<\/p>\n","protected":false},"author":1,"featured_media":142,"comment_status":"open","ping_status":"open","sticky":false,"template":"","format":"standard","meta":{"_monsterinsights_skip_tracking":false,"_monsterinsights_sitenote_active":false,"_monsterinsights_sitenote_note":"","_monsterinsights_sitenote_category":0,"footnotes":""},"categories":[17,3],"tags":[25,28,23,24,26,21],"class_list":["post-27","post","type-post","status-publish","format-standard","has-post-thumbnail","hentry","category-bsb","category-entertainment","tag-mr-robot","tag-white-house","tag-market-stories","tag-motogp-2017","tag-sillicon-valley","tag-flat-earth"],"_links":{"self":[{"href":"https:\/\/cidadecult.com.br\/index.php?rest_route=\/wp\/v2\/posts\/27","targetHints":{"allow":["GET"]}}],"collection":[{"href":"https:\/\/cidadecult.com.br\/index.php?rest_route=\/wp\/v2\/posts"}],"about":[{"href":"https:\/\/cidadecult.com.br\/index.php?rest_route=\/wp\/v2\/types\/post"}],"author":[{"embeddable":true,"href":"https:\/\/cidadecult.com.br\/index.php?rest_route=\/wp\/v2\/users\/1"}],"replies":[{"embeddable":true,"href":"https:\/\/cidadecult.com.br\/index.php?rest_route=%2Fwp%2Fv2%2Fcomments&post=27"}],"version-history":[{"count":1,"href":"https:\/\/cidadecult.com.br\/index.php?rest_route=\/wp\/v2\/posts\/27\/revisions"}],"predecessor-version":[{"id":143,"href":"https:\/\/cidadecult.com.br\/index.php?rest_route=\/wp\/v2\/posts\/27\/revisions\/143"}],"wp:featuredmedia":[{"embeddable":true,"href":"https:\/\/cidadecult.com.br\/index.php?rest_route=\/wp\/v2\/media\/142"}],"wp:attachment":[{"href":"https:\/\/cidadecult.com.br\/index.php?rest_route=%2Fwp%2Fv2%2Fmedia&parent=27"}],"wp:term":[{"taxonomy":"category","embeddable":true,"href":"https:\/\/cidadecult.com.br\/index.php?rest_route=%2Fwp%2Fv2%2Fcategories&post=27"},{"taxonomy":"post_tag","embeddable":true,"href":"https:\/\/cidadecult.com.br\/index.php?rest_route=%2Fwp%2Fv2%2Ftags&post=27"}],"curies":[{"name":"wp","href":"https:\/\/api.w.org\/{rel}","templated":true}]}}