{"id":2480,"date":"2024-01-22T17:23:15","date_gmt":"2024-01-22T20:23:15","guid":{"rendered":"https:\/\/cidadecult.com.br\/?p=2480"},"modified":"2024-01-22T17:23:17","modified_gmt":"2024-01-22T20:23:17","slug":"fernando-bocao-e-a-melodia-da-renovacao-cancao-do-despertar-anuncia-novo-capitulo-musical","status":"publish","type":"post","link":"https:\/\/cidadecult.com.br\/?p=2480","title":{"rendered":"Fernando Boc\u00e3o e a Melodia da Renova\u00e7\u00e3o: &#8216;Can\u00e7\u00e3o do Despertar&#8217; Anuncia Novo Cap\u00edtulo Musical"},"content":{"rendered":"\n<p><strong>O Artista Goianiense Lan\u00e7a o Quarto Single de Seu EP \u2018Sem M\u00e1scaras\u2019<\/strong><\/p>\n\n\n\n<p>Cr\u00e9dito: Adriano Lugoli<\/p>\n\n\n\n<p>Fernando Boc\u00e3o, o talentoso artista goianiense radicado em Bras\u00edlia, est\u00e1 pronto para cativar o p\u00fablico mais uma vez. No dia 1\u00ba de fevereiro, ele lan\u00e7a &#8220;Can\u00e7\u00e3o do Despertar&#8221;, o quarto single de seu EP autoral &#8220;Sem M\u00e1scaras&#8221;. Este lan\u00e7amento representa mais um passo em sua jornada de retorno ao mundo da m\u00fasica, trazendo mensagens de autoconhecimento e liberdade.<\/p>\n\n\n\n<p>&#8220;Sem M\u00e1scaras&#8221; \u00e9 um EP que reflete as experi\u00eancias e viv\u00eancias de Boc\u00e3o. As faixas anteriores, como &#8220;\u00c9 normal ser feliz&#8221;, &#8220;Mem\u00f3ria&#8221; e &#8220;Olha pra mim&#8221;, j\u00e1 estabeleceram um tom de otimismo e introspec\u00e7\u00e3o, resonando com ouvintes em mais de 55 pa\u00edses. Com influ\u00eancias que v\u00e3o de Tiago Iorc a Legi\u00e3o Urbana, o estilo de Boc\u00e3o mistura elementos do Pop e da Nova MPB.<\/p>\n\n\n\n<p>Fernando Boc\u00e3o tem uma hist\u00f3ria rica na m\u00fasica. Desde os 17 anos, passou por v\u00e1rias bandas, incluindo \u00c1gata e Vitrola 4, e agora, aos 34 anos, se dedica integralmente \u00e0 sua carreira solo. Ap\u00f3s um per\u00edodo afastado dos palcos, ele retorna com uma vis\u00e3o clara e um prop\u00f3sito definido.<\/p>\n\n\n\n<p>A &#8220;Can\u00e7\u00e3o do Despertar&#8221; \u00e9 mais do que um lan\u00e7amento musical; \u00e9 um convite para viver rela\u00e7\u00f5es mais leves e significativas. Os quase 70 mil plays de suas m\u00fasicas anteriores s\u00e3o um testemunho do impacto de seu trabalho.<\/p>\n\n\n\n<p>F\u00e3s de m\u00fasica autoral, preparem-se para serem inspirados por Fernando Boc\u00e3o. A &#8220;Can\u00e7\u00e3o do Despertar&#8221; promete ser um marco na carreira do artista, reafirmando seu lugar no cen\u00e1rio musical brasileiro.<\/p>\n","protected":false},"excerpt":{"rendered":"<p>O Artista Goianiense Lan\u00e7a o Quarto Single de Seu EP \u2018Sem M\u00e1scaras\u2019 Cr\u00e9dito: Adriano Lugoli Fernando Boc\u00e3o, o talentoso artista goianiense radicado em Bras\u00edlia, est\u00e1 pronto para cativar o p\u00fablico mais uma vez. No dia 1\u00ba de fevereiro, ele lan\u00e7a &#8220;Can\u00e7\u00e3o do Despertar&#8221;, o quarto single de seu EP autoral &#8220;Sem M\u00e1scaras&#8221;. Este lan\u00e7amento representa [&hellip;]<\/p>\n","protected":false},"author":777,"featured_media":2481,"comment_status":"open","ping_status":"open","sticky":false,"template":"","format":"standard","meta":{"_monsterinsights_skip_tracking":false,"_monsterinsights_sitenote_active":false,"_monsterinsights_sitenote_note":"","_monsterinsights_sitenote_category":0,"footnotes":""},"categories":[41,6],"tags":[],"class_list":["post-2480","post","type-post","status-publish","format-standard","has-post-thumbnail","hentry","category-agenda","category-music"],"_links":{"self":[{"href":"https:\/\/cidadecult.com.br\/index.php?rest_route=\/wp\/v2\/posts\/2480","targetHints":{"allow":["GET"]}}],"collection":[{"href":"https:\/\/cidadecult.com.br\/index.php?rest_route=\/wp\/v2\/posts"}],"about":[{"href":"https:\/\/cidadecult.com.br\/index.php?rest_route=\/wp\/v2\/types\/post"}],"author":[{"embeddable":true,"href":"https:\/\/cidadecult.com.br\/index.php?rest_route=\/wp\/v2\/users\/777"}],"replies":[{"embeddable":true,"href":"https:\/\/cidadecult.com.br\/index.php?rest_route=%2Fwp%2Fv2%2Fcomments&post=2480"}],"version-history":[{"count":1,"href":"https:\/\/cidadecult.com.br\/index.php?rest_route=\/wp\/v2\/posts\/2480\/revisions"}],"predecessor-version":[{"id":2482,"href":"https:\/\/cidadecult.com.br\/index.php?rest_route=\/wp\/v2\/posts\/2480\/revisions\/2482"}],"wp:featuredmedia":[{"embeddable":true,"href":"https:\/\/cidadecult.com.br\/index.php?rest_route=\/wp\/v2\/media\/2481"}],"wp:attachment":[{"href":"https:\/\/cidadecult.com.br\/index.php?rest_route=%2Fwp%2Fv2%2Fmedia&parent=2480"}],"wp:term":[{"taxonomy":"category","embeddable":true,"href":"https:\/\/cidadecult.com.br\/index.php?rest_route=%2Fwp%2Fv2%2Fcategories&post=2480"},{"taxonomy":"post_tag","embeddable":true,"href":"https:\/\/cidadecult.com.br\/index.php?rest_route=%2Fwp%2Fv2%2Ftags&post=2480"}],"curies":[{"name":"wp","href":"https:\/\/api.w.org\/{rel}","templated":true}]}}