{"id":245,"date":"2018-04-06T23:23:53","date_gmt":"2018-04-07T02:23:53","guid":{"rendered":"https:\/\/cidadecult.com.br\/novo\/festival-alub-2\/"},"modified":"2018-04-06T23:23:53","modified_gmt":"2018-04-07T02:23:53","slug":"festival-alub-2","status":"publish","type":"post","link":"https:\/\/cidadecult.com.br\/?p=245","title":{"rendered":"Alub comemora 18 anos com festival de m\u00fasica e conhecimento"},"content":{"rendered":"<p><span style=\"font-size: 12.16px;\">Gratuito, o Alub Transforma ter\u00e1 Karol Conka entre as atra\u00e7\u00f5es. Evento abre calend\u00e1rio de a\u00e7\u00f5es da rede nas \u00e1reas social, de conhecimento e de cultura\u00a0\u00a0<\/span><\/p>\n<p><span style=\"font-size: 12.16px;\">Um das maiores redes de ensino do DF, o Alub ir\u00e1 comemorar seus 18 anos de hist\u00f3ria em grande estilo, com cultura, conhecimento e engajamento social. No pr\u00f3ximo dia 15 de abril, no TaguaParque, a rede promove o Festival Alub Transforma, que ter\u00e1 a presen\u00e7a das artistas Karol Conka, Larissa Luz, Thabata Lorena e DJ Donna. O evento \u00e9 gratuito e aberto ao p\u00fablico. Para participar, basta se cadastrar no site\u00a0<a href=\"https:\/\/www.sympla.com.br\/festival-alub-transforma__268280\" target=\"_blank\" rel=\"noopener noreferrer\">Sympla<\/a> <\/span><span style=\"font-size: 12.16px;\">e levar um quilo de alimento n\u00e3o perec\u00edvel.\u00a0<\/span><\/p>\n<p><span style=\"font-size: 12.16px;\">Al\u00e9m de muita m\u00fasica, o evento tamb\u00e9m ter\u00e1 uma feira de economia criativa, com exposi\u00e7\u00e3o de produtos de artes\u00e3os do DF. Ser\u00e3o ainda exibidos depoimentos de artistas e especialistas mostrando como a educa\u00e7\u00e3o, a arte e a cultura transformam vidas.\u00a0<\/span><\/p>\n<p><span style=\"font-size: 12.16px;\">O festival marca o lan\u00e7amento da plataforma Alub Transforma que, por meio de a\u00e7\u00f5es e atividades nas \u00e1reas social, de conhecimento e de arte e cultura,ter\u00e1 uma programa\u00e7\u00e3o durante todo o ano de interfer\u00eancia positiva da escola nas comunidades.\u00a0<\/span><\/p>\n<p><span style=\"font-size: 12.16px;\">\u201cEste festival \u00e9 um dos marcos do novo Alub que ter\u00e1, cada vez mais, refor\u00e7ada sua parceria e rela\u00e7\u00e3o com a comunidade. Um agente que promove a transforma\u00e7\u00e3o na vida de cada aluno e da sociedade, dentro e fora do col\u00e9gio. Entendemos que a educa\u00e7\u00e3o vai al\u00e9m da administra\u00e7\u00e3o de conte\u00fados e envolve a forma\u00e7\u00e3o cidad\u00e3, incluindo a arte, a cultura e o engajamento social\u201c, explica Arthur.\u00a0<\/span><\/p>\n<p><span style=\"font-size: 12.16px;\">Criado em 2000 como um cursinho pr\u00e9-vestibular, o Alub \u00e9 hoje uma grande rede de ensino no DF com 14 mil alunos e oferta da educa\u00e7\u00e3o infantil ao preparat\u00f3rio para exames vestibulares e concursos. \u00c9 tamb\u00e9m a institui\u00e7\u00e3o que mais aprova na UnB, est\u00e1 entre os melhores col\u00e9gios de Bras\u00edlia e tem o maior n\u00famero de projetos voltados para desenvolver a forma\u00e7\u00e3o integral do aluno entre as escolas do DF.<\/span><\/p>\n<p>\u00a0<\/p>\n<p><span style=\"font-size: 12.16px;\"><strong>Festival Alub Transforma<\/strong><\/span><\/p>\n<p><span style=\"font-size: 12.16px;\">Data: 15 de abril<\/span><\/p>\n<p><span style=\"font-size: 12.16px;\">Hora: 12h \u00e0s 21h<\/span><\/p>\n<p><span style=\"font-size: 12.16px;\">Local: Estacionamento do Tagua Parque<\/span><\/p>\n<p><span style=\"font-size: 12.16px;\">Atra\u00e7\u00f5es: Karol Conka, Larissa Luz, Thabata Lorena e DJ Donna<\/span><\/p>\n<p><span style=\"font-size: 12.16px;\">Ingresso: inscri\u00e7\u00e3o pelo site Sympla + 1 kg de alimento n\u00e3o perec\u00edvel<\/span><\/p>\n<p>\u00a0<\/p>\n<p>\u00a0<\/p>\n","protected":false},"excerpt":{"rendered":"<p><span style=\"font-size: 12.16px;\">Gratuito, o Alub Transforma ter\u00e1 Karol Conka entre as atra\u00e7\u00f5es. Evento abre calend\u00e1rio de a\u00e7\u00f5es da rede nas \u00e1reas social, de conhecimento e de cultura\u00a0\u00a0<\/span><\/p>\n","protected":false},"author":3,"featured_media":0,"comment_status":"open","ping_status":"open","sticky":false,"template":"","format":"standard","meta":{"_monsterinsights_skip_tracking":false,"_monsterinsights_sitenote_active":false,"_monsterinsights_sitenote_note":"","_monsterinsights_sitenote_category":0,"footnotes":""},"categories":[39],"tags":[],"class_list":["post-245","post","type-post","status-publish","format-standard","hentry","category-economics"],"_links":{"self":[{"href":"https:\/\/cidadecult.com.br\/index.php?rest_route=\/wp\/v2\/posts\/245","targetHints":{"allow":["GET"]}}],"collection":[{"href":"https:\/\/cidadecult.com.br\/index.php?rest_route=\/wp\/v2\/posts"}],"about":[{"href":"https:\/\/cidadecult.com.br\/index.php?rest_route=\/wp\/v2\/types\/post"}],"author":[{"embeddable":true,"href":"https:\/\/cidadecult.com.br\/index.php?rest_route=\/wp\/v2\/users\/3"}],"replies":[{"embeddable":true,"href":"https:\/\/cidadecult.com.br\/index.php?rest_route=%2Fwp%2Fv2%2Fcomments&post=245"}],"version-history":[{"count":0,"href":"https:\/\/cidadecult.com.br\/index.php?rest_route=\/wp\/v2\/posts\/245\/revisions"}],"wp:attachment":[{"href":"https:\/\/cidadecult.com.br\/index.php?rest_route=%2Fwp%2Fv2%2Fmedia&parent=245"}],"wp:term":[{"taxonomy":"category","embeddable":true,"href":"https:\/\/cidadecult.com.br\/index.php?rest_route=%2Fwp%2Fv2%2Fcategories&post=245"},{"taxonomy":"post_tag","embeddable":true,"href":"https:\/\/cidadecult.com.br\/index.php?rest_route=%2Fwp%2Fv2%2Ftags&post=245"}],"curies":[{"name":"wp","href":"https:\/\/api.w.org\/{rel}","templated":true}]}}