{"id":2433,"date":"2024-01-19T16:35:10","date_gmt":"2024-01-19T19:35:10","guid":{"rendered":"https:\/\/cidadecult.com.br\/?p=2433"},"modified":"2024-01-19T17:04:14","modified_gmt":"2024-01-19T20:04:14","slug":"participe-da-corrida-de-reis-mirim-no-parque-da-cidade","status":"publish","type":"post","link":"https:\/\/cidadecult.com.br\/?p=2433","title":{"rendered":"Participe da Corrida de Reis Mirim no Parque da Cidade!"},"content":{"rendered":"\n<p>Este s\u00e1bado, dia 20, ser\u00e1 repleto de alegria com a Corrida de Reis Mirim, reunindo cerca de 3 mil crian\u00e7as de 4 a 13 anos no Parque da Cidade. A largada acontecer\u00e1 no estacionamento do Parque Ana L\u00eddia, oferecendo percursos de 50 a 300 metros, adaptados para cada faixa et\u00e1ria.<\/p>\n\n\n\n<p><strong>Dicas para um Dia de Corrida Inesquec\u00edvel:<\/strong><\/p>\n\n\n\n<p><strong>Prepara\u00e7\u00e3o Pr\u00e9-Evento:<\/strong><\/p>\n\n\n\n<ol class=\"wp-block-list\">\n<li><strong>Atividade F\u00edsica Regular:<\/strong> Incentivamos a pr\u00e1tica de atividades f\u00edsicas para garantir um condicionamento adequado.<\/li>\n\n\n\n<li><strong>Conex\u00e3o com a Natureza:<\/strong> Encorajamos brincadeiras ao ar livre para equilibrar o uso de eletr\u00f4nicos.<\/li>\n<\/ol>\n\n\n\n<div class=\"wp-block-cover\"><span aria-hidden=\"true\" class=\"wp-block-cover__background has-background-dim\"><\/span><img loading=\"lazy\" decoding=\"async\" width=\"1024\" height=\"683\" class=\"wp-block-cover__image-background wp-image-2437\" alt=\"\" src=\"https:\/\/cidadecult.com.br\/wp-content\/uploads\/2024\/01\/Samra-Yoshiko-e-os-filhos-Levi-e-Emanuelle-1_1-1-1024x683.jpg\" data-object-fit=\"cover\" srcset=\"https:\/\/cidadecult.com.br\/wp-content\/uploads\/2024\/01\/Samra-Yoshiko-e-os-filhos-Levi-e-Emanuelle-1_1-1-1024x683.jpg 1024w, https:\/\/cidadecult.com.br\/wp-content\/uploads\/2024\/01\/Samra-Yoshiko-e-os-filhos-Levi-e-Emanuelle-1_1-1-300x200.jpg 300w, https:\/\/cidadecult.com.br\/wp-content\/uploads\/2024\/01\/Samra-Yoshiko-e-os-filhos-Levi-e-Emanuelle-1_1-1-768x512.jpg 768w, https:\/\/cidadecult.com.br\/wp-content\/uploads\/2024\/01\/Samra-Yoshiko-e-os-filhos-Levi-e-Emanuelle-1_1-1-1536x1024.jpg 1536w, https:\/\/cidadecult.com.br\/wp-content\/uploads\/2024\/01\/Samra-Yoshiko-e-os-filhos-Levi-e-Emanuelle-1_1-1-750x500.jpg 750w, https:\/\/cidadecult.com.br\/wp-content\/uploads\/2024\/01\/Samra-Yoshiko-e-os-filhos-Levi-e-Emanuelle-1_1-1-1140x760.jpg 1140w, https:\/\/cidadecult.com.br\/wp-content\/uploads\/2024\/01\/Samra-Yoshiko-e-os-filhos-Levi-e-Emanuelle-1_1-1.jpg 1920w\" sizes=\"auto, (max-width: 1024px) 100vw, 1024px\" \/><div class=\"wp-block-cover__inner-container is-layout-flow wp-block-cover-is-layout-flow\">\n<p class=\"has-text-align-center has-large-font-size\"><\/p>\n<\/div><\/div>\n\n\n\n<p><em>Samra Yoshiko com os filhos Emanuelle, 8, e Levi, 6: \u201cEles j\u00e1 s\u00e3o vencedores s\u00f3 de participarem da primeira competi\u00e7\u00e3o de corrida deles\u201d | Fotos: Geovana Albuquerque\/Ag\u00eancia Bras\u00edlia<\/em><\/p>\n\n\n\n<p><strong>Dia do Evento:<\/strong><\/p>\n\n\n\n<ol class=\"wp-block-list\">\n<li><strong>Refei\u00e7\u00e3o Leve:<\/strong> Proporcione uma refei\u00e7\u00e3o leve antes da corrida, composta por carboidratos e prote\u00ednas.<\/li>\n\n\n\n<li><strong>Card\u00e1pio Sugerido:<\/strong> Sandu\u00edche natural, tapioca com carne desfiada e cuscuz com ovo s\u00e3o excelentes op\u00e7\u00f5es.<\/li>\n\n\n\n<li><strong>Hidrata\u00e7\u00e3o:<\/strong> \u00c1gua, \u00e1gua de coco, isot\u00f4nicos e suco de frutas s\u00e3o essenciais para manter a hidrata\u00e7\u00e3o.<\/li>\n<\/ol>\n\n\n\n<p><strong>Aspectos F\u00edsicos:<\/strong><\/p>\n\n\n\n<ol class=\"wp-block-list\">\n<li><strong>Aquecimento Din\u00e2mico:<\/strong> Antes da corrida, aque\u00e7a os m\u00fasculos com um alongamento din\u00e2mico.<\/li>\n\n\n\n<li><strong>Respira\u00e7\u00e3o Consciente:<\/strong> Ensine as crian\u00e7as a manter uma respira\u00e7\u00e3o adequada durante a corrida.<\/li>\n\n\n\n<li><strong>Recupera\u00e7\u00e3o P\u00f3s-Corrida:<\/strong> Ap\u00f3s a competi\u00e7\u00e3o, incentive um alongamento est\u00e1tico para relaxar os m\u00fasculos.<\/li>\n<\/ol>\n\n\n\n<p><strong>Informa\u00e7\u00f5es sobre a Competi\u00e7\u00e3o:<\/strong><\/p>\n\n\n\n<ul class=\"wp-block-list\">\n<li><strong>Divis\u00e3o por Faixa Et\u00e1ria:<\/strong> As corridas s\u00e3o organizadas de acordo com a faixa et\u00e1ria, proporcionando uma competi\u00e7\u00e3o justa.<\/li>\n\n\n\n<li><strong>Hidrata\u00e7\u00e3o Cont\u00ednua:<\/strong> Durante o percurso, asseguramos a disponibilidade de \u00e1gua e l\u00edquidos necess\u00e1rios.<\/li>\n\n\n\n<li><strong>Premia\u00e7\u00f5es Especiais:<\/strong> Bicicletas e medalhas ser\u00e3o concedidas aos vencedores, reconhecendo o esfor\u00e7o de cada participante.<\/li>\n<\/ul>\n\n\n\n<p><strong>Detalhes Adicionais:<\/strong><\/p>\n\n\n\n<ul class=\"wp-block-list\">\n<li><strong>Competi\u00e7\u00e3o Adulta:<\/strong> A corrida para adultos est\u00e1 marcada para o dia 27, com largada em frente ao Pal\u00e1cio do Buriti \u00e0s 17h. As inscri\u00e7\u00f5es foram gratuitas e as premia\u00e7\u00f5es s\u00e3o patrocinadas pelo Banco de Bras\u00edlia (BRB).<\/li>\n\n\n\n<li><strong>Retirada de Kits:<\/strong> A retirada est\u00e1 dispon\u00edvel at\u00e9 sexta-feira (19) no Pavilh\u00e3o de Exposi\u00e7\u00f5es do Parque da Cidade, das 10h \u00e0s 19h.<\/li>\n\n\n\n<li><strong>Estacionamento:<\/strong> Os pais e respons\u00e1veis podem utilizar os estacionamentos 11 e 13 no dia da corrida.<\/li>\n<\/ul>\n\n\n\n<p>As inscri\u00e7\u00f5es encerraram devido \u00e0 alta demanda. Antecipamos um dia cheio de divers\u00e3o, esportividade e sa\u00fade para nossas crian\u00e7as! N\u00e3o perca esse evento incr\u00edvel! <strong>#CorridaDeReisMirim #ParqueDaCidade #CidadeCult<\/strong><\/p>\n\n\n\n<p><\/p>\n","protected":false},"excerpt":{"rendered":"<p>Este s\u00e1bado, dia 20, ser\u00e1 repleto de alegria com a Corrida de Reis Mirim, reunindo cerca de 3 mil crian\u00e7as de 4 a 13 anos no Parque da Cidade. A largada acontecer\u00e1 no estacionamento do Parque Ana L\u00eddia, oferecendo percursos de 50 a 300 metros, adaptados para cada faixa et\u00e1ria. Dicas para um Dia de [&hellip;]<\/p>\n","protected":false},"author":1441,"featured_media":2436,"comment_status":"open","ping_status":"open","sticky":false,"template":"","format":"standard","meta":{"_monsterinsights_skip_tracking":false,"_monsterinsights_sitenote_active":false,"_monsterinsights_sitenote_note":"","_monsterinsights_sitenote_category":0,"footnotes":""},"categories":[17,7,8,38],"tags":[],"class_list":["post-2433","post","type-post","status-publish","format-standard","has-post-thumbnail","hentry","category-bsb","category-esportes","category-lifestyle","category-health-2"],"_links":{"self":[{"href":"https:\/\/cidadecult.com.br\/index.php?rest_route=\/wp\/v2\/posts\/2433","targetHints":{"allow":["GET"]}}],"collection":[{"href":"https:\/\/cidadecult.com.br\/index.php?rest_route=\/wp\/v2\/posts"}],"about":[{"href":"https:\/\/cidadecult.com.br\/index.php?rest_route=\/wp\/v2\/types\/post"}],"author":[{"embeddable":true,"href":"https:\/\/cidadecult.com.br\/index.php?rest_route=\/wp\/v2\/users\/1441"}],"replies":[{"embeddable":true,"href":"https:\/\/cidadecult.com.br\/index.php?rest_route=%2Fwp%2Fv2%2Fcomments&post=2433"}],"version-history":[{"count":2,"href":"https:\/\/cidadecult.com.br\/index.php?rest_route=\/wp\/v2\/posts\/2433\/revisions"}],"predecessor-version":[{"id":2438,"href":"https:\/\/cidadecult.com.br\/index.php?rest_route=\/wp\/v2\/posts\/2433\/revisions\/2438"}],"wp:featuredmedia":[{"embeddable":true,"href":"https:\/\/cidadecult.com.br\/index.php?rest_route=\/wp\/v2\/media\/2436"}],"wp:attachment":[{"href":"https:\/\/cidadecult.com.br\/index.php?rest_route=%2Fwp%2Fv2%2Fmedia&parent=2433"}],"wp:term":[{"taxonomy":"category","embeddable":true,"href":"https:\/\/cidadecult.com.br\/index.php?rest_route=%2Fwp%2Fv2%2Fcategories&post=2433"},{"taxonomy":"post_tag","embeddable":true,"href":"https:\/\/cidadecult.com.br\/index.php?rest_route=%2Fwp%2Fv2%2Ftags&post=2433"}],"curies":[{"name":"wp","href":"https:\/\/api.w.org\/{rel}","templated":true}]}}