{"id":2377,"date":"2024-04-03T10:19:41","date_gmt":"2024-04-03T13:19:41","guid":{"rendered":"https:\/\/cidadecult.com.br\/?p=2377"},"modified":"2024-04-03T10:19:42","modified_gmt":"2024-04-03T13:19:42","slug":"3o-festival-horizonte-de-historias-um-palco-para-a-diversidade-e-novos-talentos-na-arte-da-narracao","status":"publish","type":"post","link":"https:\/\/cidadecult.com.br\/?p=2377","title":{"rendered":"3\u00ba Festival Horizonte de Hist\u00f3rias: Um Palco para a diversidade e novos talentos na arte da narra\u00e7\u00e3o"},"content":{"rendered":"\n<p><\/p>\n\n\n\n<p>O 3\u00ba Festival Horizonte de Hist\u00f3rias, financiado pelo Fundo de Apoio \u00e0 Cultura do Distrito Federal (FAC), promete ser um evento marcante na capital. De 04 a 22 de mar\u00e7o, o festival celebra a arte milenar da narra\u00e7\u00e3o de hist\u00f3rias, oferecendo um espa\u00e7o tanto para contadores experientes quanto para novos talentos. Com inscri\u00e7\u00f5es abertas de 22 de janeiro a 11 de fevereiro, o festival \u00e9 uma oportunidade para contadores de hist\u00f3rias maiores de 18 anos, residentes no DF e Entorno, mostrarem seu talento. As inscri\u00e7\u00f5es podem ser feitas pelo site <a href=\"https:\/\/horizontedehistorias.com\/index.php\/regulamento\/\">https:\/\/horizontedehistorias.com\/index.php\/regulamento\/<\/a>.<\/p>\n\n\n\n<p>Os locais escolhidos para o evento s\u00e3o os audit\u00f3rios da Coordena\u00e7\u00e3o Regional de Ensino do N\u00facleo Bandeirante e do CEMI (Centro de Ensino M\u00e9dio Integrado) do Cruzeiro. O festival, uma iniciativa do Instituto Cidade C\u00e9u em parceria com o Grupo Paepalanthus, promete reunir uma ampla diversidade de participantes, incluindo professores, estudantes e entusiastas da narrativa.<\/p>\n\n\n\n<p>Dentre as atividades programadas, o festival selecionar\u00e1 24 apresenta\u00e7\u00f5es por meio de curadoria, incluindo duas em escolas p\u00fablicas com transporte gratuito para os alunos. Al\u00e9m disso, est\u00e3o planejadas quatro rodas de conversa sobre temas variados, tr\u00eas oficinas presenciais e uma online, cobrindo assuntos desde t\u00e9cnicas narrativas at\u00e9 literatura antirracista. Uma resid\u00eancia art\u00edstica online com o renomado grupo Tapetes Contadores de Hist\u00f3rias do Rio de Janeiro tamb\u00e9m faz parte da programa\u00e7\u00e3o, proporcionando uma experi\u00eancia imersiva para at\u00e9 30 profissionais.<\/p>\n\n\n\n<p>O festival se orgulha de sua acessibilidade, com int\u00e9rpretes de Libras em todas as rodas online e audiodescri\u00e7\u00e3o dispon\u00edvel, garantindo a inclus\u00e3o de todos os interessados. A programa\u00e7\u00e3o inclui ainda oficinas ministradas por especialistas renomados, rodas de conversa com diversos profissionais da \u00e1rea e sess\u00f5es de contos em escolas p\u00fablicas.<\/p>\n\n\n\n<p>Para os interessados em se apresentar, as sess\u00f5es podem ser de hist\u00f3rias autorais, de terceiros ou de dom\u00ednio p\u00fablico, e devem ter dura\u00e7\u00e3o de 10 a 20 minutos. A sele\u00e7\u00e3o ser\u00e1 baseada em crit\u00e9rios como qualidade do repert\u00f3rio, desempenho, diversidade, atualidade e criatividade. Cada contador de hist\u00f3ria selecionado receber\u00e1 um cach\u00ea de R$1.000,00.<\/p>\n\n\n\n<p>O presidente do Instituto Cidade C\u00e9u, Jones de Abreu, destaca a import\u00e2ncia de manter viva a arte da narra\u00e7\u00e3o de hist\u00f3rias, uma pr\u00e1tica que atravessa gera\u00e7\u00f5es e culturas. O festival, nascido durante a pandemia em 2020, visa dar visibilidade a esta arte, criar oportunidades para novos artistas e fomentar di\u00e1logos enriquecedores.<\/p>\n\n\n\n<p>Para mais informa\u00e7\u00f5es e detalhes sobre a programa\u00e7\u00e3o, acesse o site oficial do festival e participe deste evento que promete ser um marco na cena cultural do DF.<\/p>\n","protected":false},"excerpt":{"rendered":"<p>O 3\u00ba Festival Horizonte de Hist\u00f3rias, financiado pelo Fundo de Apoio \u00e0 Cultura do Distrito Federal (FAC), promete ser um evento marcante na capital. De 04 a 22 de mar\u00e7o, o festival celebra a arte milenar da narra\u00e7\u00e3o de hist\u00f3rias, oferecendo um espa\u00e7o tanto para contadores experientes quanto para novos talentos. Com inscri\u00e7\u00f5es abertas de [&hellip;]<\/p>\n","protected":false},"author":777,"featured_media":2378,"comment_status":"open","ping_status":"open","sticky":false,"template":"","format":"standard","meta":{"_monsterinsights_skip_tracking":false,"_monsterinsights_sitenote_active":false,"_monsterinsights_sitenote_note":"","_monsterinsights_sitenote_category":0,"footnotes":""},"categories":[41,17,39],"tags":[],"class_list":["post-2377","post","type-post","status-publish","format-standard","has-post-thumbnail","hentry","category-agenda","category-bsb","category-economics"],"_links":{"self":[{"href":"https:\/\/cidadecult.com.br\/index.php?rest_route=\/wp\/v2\/posts\/2377","targetHints":{"allow":["GET"]}}],"collection":[{"href":"https:\/\/cidadecult.com.br\/index.php?rest_route=\/wp\/v2\/posts"}],"about":[{"href":"https:\/\/cidadecult.com.br\/index.php?rest_route=\/wp\/v2\/types\/post"}],"author":[{"embeddable":true,"href":"https:\/\/cidadecult.com.br\/index.php?rest_route=\/wp\/v2\/users\/777"}],"replies":[{"embeddable":true,"href":"https:\/\/cidadecult.com.br\/index.php?rest_route=%2Fwp%2Fv2%2Fcomments&post=2377"}],"version-history":[{"count":1,"href":"https:\/\/cidadecult.com.br\/index.php?rest_route=\/wp\/v2\/posts\/2377\/revisions"}],"predecessor-version":[{"id":2379,"href":"https:\/\/cidadecult.com.br\/index.php?rest_route=\/wp\/v2\/posts\/2377\/revisions\/2379"}],"wp:featuredmedia":[{"embeddable":true,"href":"https:\/\/cidadecult.com.br\/index.php?rest_route=\/wp\/v2\/media\/2378"}],"wp:attachment":[{"href":"https:\/\/cidadecult.com.br\/index.php?rest_route=%2Fwp%2Fv2%2Fmedia&parent=2377"}],"wp:term":[{"taxonomy":"category","embeddable":true,"href":"https:\/\/cidadecult.com.br\/index.php?rest_route=%2Fwp%2Fv2%2Fcategories&post=2377"},{"taxonomy":"post_tag","embeddable":true,"href":"https:\/\/cidadecult.com.br\/index.php?rest_route=%2Fwp%2Fv2%2Ftags&post=2377"}],"curies":[{"name":"wp","href":"https:\/\/api.w.org\/{rel}","templated":true}]}}