{"id":2148,"date":"2023-12-19T12:35:40","date_gmt":"2023-12-19T15:35:40","guid":{"rendered":"https:\/\/cidadecult.com.br\/?p=2148"},"modified":"2023-12-19T16:57:03","modified_gmt":"2023-12-19T19:57:03","slug":"nucleo-bandeirante-celebra-67-anos-com-obras-e-festividades","status":"publish","type":"post","link":"https:\/\/cidadecult.com.br\/?p=2148","title":{"rendered":"N\u00facleo Bandeirante Celebra 67 Anos com Obras e Festividades,"},"content":{"rendered":"\n<p><strong>N\u00facleo Bandeirante Celebra 67 Anos com Obras e Festividades<\/strong><\/p>\n\n\n\n<p><\/p>\n\n\n\n<p><strong>BRAS\u00cdLIA<\/strong> &#8211; O N\u00facleo Bandeirante, uma das regi\u00f5es mais emblem\u00e1ticas e tradicionais do Distrito Federal, comemora seu 67\u00ba anivers\u00e1rio nesta ter\u00e7a-feira (19), brindando a ocasi\u00e3o com diversas melhorias urbanas e uma s\u00e9rie de eventos comunit\u00e1rios. A regi\u00e3o, que abriga cerca de 50 mil habitantes, testemunhou investimentos significativos em infraestrutura e a reforma de espa\u00e7os p\u00fablicos, marcando o ano de 2023 como um per\u00edodo de renova\u00e7\u00e3o e desenvolvimento.<\/p>\n\n\n\n<h3 class=\"wp-block-heading\"><strong>In\u00edcio das Comemora\u00e7\u00f5es<\/strong><\/h3>\n\n\n\n<p>As celebra\u00e7\u00f5es do anivers\u00e1rio da cidade come\u00e7aram no in\u00edcio do m\u00eas, englobando uma ampla gama de atividades. A programa\u00e7\u00e3o incluiu eventos para crian\u00e7as no setor Placa das Mercedes, atividades na rua de lazer na nova ciclovia e na Metropolitana, al\u00e9m de festividades na pra\u00e7a Padre Roque e na Vila Cau\u00ea. O ponto alto das comemora\u00e7\u00f5es foi o tradicional corte do bolo e uma espetacular queima de fogos, acompanhada por uma solenidade que homenageou os pioneiros da regi\u00e3o.<\/p>\n\n\n\n<figure class=\"wp-block-gallery has-nested-images columns-default is-cropped wp-block-gallery-1 is-layout-flex wp-block-gallery-is-layout-flex\">\n<figure class=\"wp-block-image size-large\"><img loading=\"lazy\" decoding=\"async\" width=\"1024\" height=\"683\" data-id=\"2149\" src=\"https:\/\/cidadecult.com.br\/wp-content\/uploads\/2023\/12\/CAPA-JRO_0364_1-1536x1024-1-1024x683.jpg\" alt=\"\" class=\"wp-image-2149\" srcset=\"https:\/\/cidadecult.com.br\/wp-content\/uploads\/2023\/12\/CAPA-JRO_0364_1-1536x1024-1-1024x683.jpg 1024w, https:\/\/cidadecult.com.br\/wp-content\/uploads\/2023\/12\/CAPA-JRO_0364_1-1536x1024-1-300x200.jpg 300w, https:\/\/cidadecult.com.br\/wp-content\/uploads\/2023\/12\/CAPA-JRO_0364_1-1536x1024-1-768x512.jpg 768w, https:\/\/cidadecult.com.br\/wp-content\/uploads\/2023\/12\/CAPA-JRO_0364_1-1536x1024-1-750x500.jpg 750w, https:\/\/cidadecult.com.br\/wp-content\/uploads\/2023\/12\/CAPA-JRO_0364_1-1536x1024-1-1140x760.jpg 1140w, https:\/\/cidadecult.com.br\/wp-content\/uploads\/2023\/12\/CAPA-JRO_0364_1-1536x1024-1.jpg 1536w\" sizes=\"auto, (max-width: 1024px) 100vw, 1024px\" \/><figcaption class=\"wp-element-caption\">Atualmente, s\u00e3o 17 obras em andamento na regi\u00e3o. Em 2023, foram investidos R$ 2 milh\u00f5es nas cal\u00e7adas, R$ 800 mil na ciclovia e R$ 300 mil na renova\u00e7\u00e3o do campo sint\u00e9tico, al\u00e9m de R$ 400 mil para melhorar a ilumina\u00e7\u00e3o p\u00fablica | Fotos: Joel Rodrigues\/Ag\u00eancia Bras\u00edlia<\/figcaption><\/figure>\n<\/figure>\n\n\n\n<h3 class=\"wp-block-heading\"><strong>Investimentos e Obras<\/strong><\/h3>\n\n\n\n<p>Em 2023, a N\u00facleo Bandeirante recebeu investimentos significativos do Governo do Distrito Federal (GDF) e da Novacap. Ao todo, foram 17 obras em andamento, com investimentos de R$ 2 milh\u00f5es em cal\u00e7adas, R$ 800 mil em uma nova ciclovia e R$ 300 mil na renova\u00e7\u00e3o de um campo sint\u00e9tico. Al\u00e9m disso, R$ 400 mil foram destinados para melhorar a ilumina\u00e7\u00e3o p\u00fablica.<\/p>\n\n\n\n<h3 class=\"wp-block-heading\"><strong>Destaques das Obras<\/strong><\/h3>\n\n\n\n<p>Entre as obras mais destacadas est\u00e1 a reforma da Feira Permanente do N\u00facleo Bandeirante Ibaneis Rocha Barros \u2013 Pai, reinaugurada neste s\u00e1bado (16) com um investimento de R$ 11,7 milh\u00f5es. A reforma incluiu a instala\u00e7\u00e3o de telhas met\u00e1licas, recupera\u00e7\u00e3o e padroniza\u00e7\u00e3o de boxes e banheiros, entre outros servi\u00e7os.<\/p>\n\n\n\n<p>A regi\u00e3o tamb\u00e9m foi beneficiada com a entrega de 3,3 km da ciclovia Abdel Karajah, a pavimenta\u00e7\u00e3o na Vila Cauhy e melhorias na Escola Parque da Natureza e Esporte. Houve tamb\u00e9m avan\u00e7os significativos em acessibilidade, incluindo a constru\u00e7\u00e3o de uma escada ao lado da Estrada Parque N\u00facleo Bandeirante (EPNB), pr\u00f3ximo \u00e0 Placa da Mercedes.<\/p>\n\n\n\n<h3 class=\"wp-block-heading\"><strong>A Vis\u00e3o dos Moradores<\/strong><\/h3>\n\n\n\n<p>Kelen Cristina, uma feirante e moradora local h\u00e1 cinco anos, expressa seu entusiasmo com as reformas. &#8220;A gente tem um amor muito grande por essa cidade. Eu acho que essas inaugura\u00e7\u00f5es, principalmente no Bandeirante, d\u00e3o visibilidade para que moradores de outras cidades possam vir conhecer a regi\u00e3o&#8221;, comenta.<\/p>\n\n\n\n<h3 class=\"wp-block-heading\"><strong>Significado Hist\u00f3rico e Cultural<\/strong><\/h3>\n\n\n\n<p>O N\u00facleo Bandeirante, conhecido por ser o ber\u00e7o de Bras\u00edlia, tem uma rica hist\u00f3ria que remonta aos tempos da constru\u00e7\u00e3o da capital. O administrador regional, Cl\u00e1udio M\u00e1rcio de Oliveira, destaca: \u201c\u00c9 uma cidade que vem evoluindo a cada ano\u201d. A regi\u00e3o, inicialmente chamada de Cidade Livre, desempenhou um papel crucial no desenvolvimento comercial e residencial durante os primeiros anos de Bras\u00edlia.<\/p>\n\n\n\n<h3 class=\"wp-block-heading\"><strong>Preservando a Mem\u00f3ria<\/strong><\/h3>\n\n\n\n<p>O Museu Vivo da Mem\u00f3ria Candanga \u00e9 um testemunho vivo dessa hist\u00f3ria, narrando a trajet\u00f3ria de Bras\u00edlia desde o per\u00edodo de constru\u00e7\u00e3o at\u00e9 sua inaugura\u00e7\u00e3o em 1960. Composto por edifica\u00e7\u00f5es hist\u00f3ricas, o museu preserva pe\u00e7as, objetos e fotografias que contam a hist\u00f3ria dos pioneiros, como o comerciante Jo\u00e3o C\u00e2ndido da Silva, que chegou a Bras\u00edlia em 1960, vindo do Rio Grande do Norte.<\/p>\n\n\n\n<h3 class=\"wp-block-heading\"><strong>Olhando para o Futuro<\/strong><\/h3>\n\n\n\n<p>As festividades e melhorias no N\u00facleo Bandeirante n\u00e3o s\u00e3o apenas um reconhecimento de seu passado glorioso, mas tamb\u00e9m um olhar para o futuro. Com a revitaliza\u00e7\u00e3o de espa\u00e7os p\u00fablicos, investimentos em infraestrutura e a preserva\u00e7\u00e3o de sua rica hist\u00f3ria, o N\u00facleo Bandeirante continua a ser um exemplo vibrante do esp\u00edrito e da evolu\u00e7\u00e3o de Bras\u00edlia.<\/p>\n","protected":false},"excerpt":{"rendered":"<p>N\u00facleo Bandeirante Celebra 67 Anos com Obras e Festividades BRAS\u00cdLIA &#8211; O N\u00facleo Bandeirante, uma das regi\u00f5es mais emblem\u00e1ticas e tradicionais do Distrito Federal, comemora seu 67\u00ba anivers\u00e1rio nesta ter\u00e7a-feira (19), brindando a ocasi\u00e3o com diversas melhorias urbanas e uma s\u00e9rie de eventos comunit\u00e1rios. A regi\u00e3o, que abriga cerca de 50 mil habitantes, testemunhou investimentos [&hellip;]<\/p>\n","protected":false},"author":777,"featured_media":2149,"comment_status":"open","ping_status":"open","sticky":false,"template":"","format":"standard","meta":{"_monsterinsights_skip_tracking":false,"_monsterinsights_sitenote_active":false,"_monsterinsights_sitenote_note":"","_monsterinsights_sitenote_category":0,"footnotes":""},"categories":[1],"tags":[],"class_list":["post-2148","post","type-post","status-publish","format-standard","has-post-thumbnail","hentry","category-sem-categoria"],"_links":{"self":[{"href":"https:\/\/cidadecult.com.br\/index.php?rest_route=\/wp\/v2\/posts\/2148","targetHints":{"allow":["GET"]}}],"collection":[{"href":"https:\/\/cidadecult.com.br\/index.php?rest_route=\/wp\/v2\/posts"}],"about":[{"href":"https:\/\/cidadecult.com.br\/index.php?rest_route=\/wp\/v2\/types\/post"}],"author":[{"embeddable":true,"href":"https:\/\/cidadecult.com.br\/index.php?rest_route=\/wp\/v2\/users\/777"}],"replies":[{"embeddable":true,"href":"https:\/\/cidadecult.com.br\/index.php?rest_route=%2Fwp%2Fv2%2Fcomments&post=2148"}],"version-history":[{"count":2,"href":"https:\/\/cidadecult.com.br\/index.php?rest_route=\/wp\/v2\/posts\/2148\/revisions"}],"predecessor-version":[{"id":2174,"href":"https:\/\/cidadecult.com.br\/index.php?rest_route=\/wp\/v2\/posts\/2148\/revisions\/2174"}],"wp:featuredmedia":[{"embeddable":true,"href":"https:\/\/cidadecult.com.br\/index.php?rest_route=\/wp\/v2\/media\/2149"}],"wp:attachment":[{"href":"https:\/\/cidadecult.com.br\/index.php?rest_route=%2Fwp%2Fv2%2Fmedia&parent=2148"}],"wp:term":[{"taxonomy":"category","embeddable":true,"href":"https:\/\/cidadecult.com.br\/index.php?rest_route=%2Fwp%2Fv2%2Fcategories&post=2148"},{"taxonomy":"post_tag","embeddable":true,"href":"https:\/\/cidadecult.com.br\/index.php?rest_route=%2Fwp%2Fv2%2Ftags&post=2148"}],"curies":[{"name":"wp","href":"https:\/\/api.w.org\/{rel}","templated":true}]}}