{"id":1977,"date":"2023-11-29T23:55:32","date_gmt":"2023-11-30T02:55:32","guid":{"rendered":"https:\/\/cidadecult.com.br\/?p=1977"},"modified":"2023-11-29T23:55:34","modified_gmt":"2023-11-30T02:55:34","slug":"professores-do-gama-se-tornam-terapeutas-comunitarios-para-promover-saude-mental-nas-escolas","status":"publish","type":"post","link":"https:\/\/cidadecult.com.br\/?p=1977","title":{"rendered":"Professores do Gama se Tornam Terapeutas Comunit\u00e1rios para Promover Sa\u00fade Mental nas Escolas"},"content":{"rendered":"\n<p>\ud83e\udde0 <strong>Transforma\u00e7\u00e3o na Educa\u00e7\u00e3o:<\/strong> A Regional de Ensino do Gama d\u00e1 um passo revolucion\u00e1rio com cerca de 30 professores recebendo diplomas em Terapia Comunit\u00e1ria Integrativa (TCI). Esta iniciativa, uma colabora\u00e7\u00e3o entre SEEDF, SES-DF e UnB, \u00e9 a primeira do tipo voltada para educadores, visando fortalecer a sa\u00fade mental dentro das escolas.<\/p>\n\n\n\n<p>\ud83d\udc69\u200d\ud83c\udfeb <strong>Capacita\u00e7\u00e3o e Cuidado:<\/strong> Com 240 horas de aulas, os professores foram treinados para usar a TCI na comunidade escolar, beneficiando n\u00e3o s\u00f3 alunos, mas tamb\u00e9m pais. Doralice Oliveira, psic\u00f3loga e especialista em TCI, destaca a import\u00e2ncia deste aprendizado para lidar com as dores dos outros e com as pr\u00f3prias.<\/p>\n\n\n\n<p>\ud83d\udcac <strong>Uma Abordagem Inclusiva e Solid\u00e1ria:<\/strong> A TCI, reconhecida pelo Minist\u00e9rio da Sa\u00fade, foca na troca de experi\u00eancias e na constru\u00e7\u00e3o de redes sociais solid\u00e1rias. Os professores aprenderam sobre teoria da comunica\u00e7\u00e3o, antropologia, media\u00e7\u00e3o de di\u00e1logos, entre outros, al\u00e9m de explorarem outras pr\u00e1ticas integrativas de sa\u00fade.<\/p>\n\n\n\n<p>\ud83c\udf1f <strong>Impacto na Comunidade Escolar:<\/strong> Shirley Patroc\u00ednio, agora terapeuta comunit\u00e1ria e professora de hist\u00f3ria, ressalta a import\u00e2ncia de cuidar da sa\u00fade mental dos adolescentes na escola. Ela j\u00e1 conduz rodas de terapia h\u00e1 um ano, enfrentando desafios e aprendendo a melhorar seu papel como educadora.<\/p>\n\n\n\n<p>\ud83d\udcda <strong>Educa\u00e7\u00e3o como Ferramenta de Cuidado:<\/strong> Esta forma\u00e7\u00e3o especial \u00e9 um exemplo de como a educa\u00e7\u00e3o pode ser uma poderosa ferramenta para o bem-estar mental, abordando quest\u00f5es de forma preventiva e trazendo solu\u00e7\u00f5es dentro do ambiente escolar.<\/p>\n","protected":false},"excerpt":{"rendered":"<p>\ud83e\udde0 Transforma\u00e7\u00e3o na Educa\u00e7\u00e3o: A Regional de Ensino do Gama d\u00e1 um passo revolucion\u00e1rio com cerca de 30 professores recebendo diplomas em Terapia Comunit\u00e1ria Integrativa (TCI). Esta iniciativa, uma colabora\u00e7\u00e3o entre SEEDF, SES-DF e UnB, \u00e9 a primeira do tipo voltada para educadores, visando fortalecer a sa\u00fade mental dentro das escolas. \ud83d\udc69\u200d\ud83c\udfeb Capacita\u00e7\u00e3o e Cuidado: [&hellip;]<\/p>\n","protected":false},"author":1,"featured_media":1978,"comment_status":"open","ping_status":"open","sticky":false,"template":"","format":"standard","meta":{"_monsterinsights_skip_tracking":false,"_monsterinsights_sitenote_active":false,"_monsterinsights_sitenote_note":"","_monsterinsights_sitenote_category":0,"footnotes":""},"categories":[54,38],"tags":[],"class_list":["post-1977","post","type-post","status-publish","format-standard","has-post-thumbnail","hentry","category-brasil","category-health-2"],"_links":{"self":[{"href":"https:\/\/cidadecult.com.br\/index.php?rest_route=\/wp\/v2\/posts\/1977","targetHints":{"allow":["GET"]}}],"collection":[{"href":"https:\/\/cidadecult.com.br\/index.php?rest_route=\/wp\/v2\/posts"}],"about":[{"href":"https:\/\/cidadecult.com.br\/index.php?rest_route=\/wp\/v2\/types\/post"}],"author":[{"embeddable":true,"href":"https:\/\/cidadecult.com.br\/index.php?rest_route=\/wp\/v2\/users\/1"}],"replies":[{"embeddable":true,"href":"https:\/\/cidadecult.com.br\/index.php?rest_route=%2Fwp%2Fv2%2Fcomments&post=1977"}],"version-history":[{"count":1,"href":"https:\/\/cidadecult.com.br\/index.php?rest_route=\/wp\/v2\/posts\/1977\/revisions"}],"predecessor-version":[{"id":1979,"href":"https:\/\/cidadecult.com.br\/index.php?rest_route=\/wp\/v2\/posts\/1977\/revisions\/1979"}],"wp:featuredmedia":[{"embeddable":true,"href":"https:\/\/cidadecult.com.br\/index.php?rest_route=\/wp\/v2\/media\/1978"}],"wp:attachment":[{"href":"https:\/\/cidadecult.com.br\/index.php?rest_route=%2Fwp%2Fv2%2Fmedia&parent=1977"}],"wp:term":[{"taxonomy":"category","embeddable":true,"href":"https:\/\/cidadecult.com.br\/index.php?rest_route=%2Fwp%2Fv2%2Fcategories&post=1977"},{"taxonomy":"post_tag","embeddable":true,"href":"https:\/\/cidadecult.com.br\/index.php?rest_route=%2Fwp%2Fv2%2Ftags&post=1977"}],"curies":[{"name":"wp","href":"https:\/\/api.w.org\/{rel}","templated":true}]}}