{"id":19727,"date":"2026-09-04T17:12:37","date_gmt":"2026-09-04T20:12:37","guid":{"rendered":"https:\/\/cidadecult.com.br\/?p=19727"},"modified":"2026-09-04T17:12:44","modified_gmt":"2026-09-04T20:12:44","slug":"roberta-miranda-fala-sobre-bissexualidade-fome-e-superacao-no-provoca","status":"publish","type":"post","link":"https:\/\/cidadecult.com.br\/?p=19727","title":{"rendered":"Roberta Miranda fala sobre bissexualidade, fome e supera\u00e7\u00e3o no \u2018Provoca\u2019"},"content":{"rendered":"\n<p class=\"wp-block-paragraph\"><strong>Em entrevista a Marcelo Tas, cantora relembra a inf\u00e2ncia marcada por dificuldades, conta como nasceu \u201cMajestade, o Sabi\u00e1\u201d e fala sobre ter silenciado sua sexualidade por d\u00e9cadas<\/strong><\/p>\n\n\n\n<p class=\"wp-block-paragraph\">Roberta Miranda revisita passagens profundas de sua vida pessoal e art\u00edstica em entrevista ao <em>Provoca<\/em>, apresentado por Marcelo Tas. O programa vai ao ar na pr\u00f3xima ter\u00e7a-feira, <strong>8 de setembro, \u00e0s 22h30, na TV Cultura<\/strong>, e aborda da inf\u00e2ncia marcada pela pobreza ao sucesso na m\u00fasica sertaneja, passando pela rela\u00e7\u00e3o com a fam\u00edlia, a f\u00e9 e a sexualidade.<\/p>\n\n\n\n<p class=\"wp-block-paragraph\">Uma das hist\u00f3rias lembradas pela cantora envolve <strong>\u201cMajestade, o Sabi\u00e1\u201d<\/strong>, um dos maiores sucessos de sua carreira. Segundo Roberta, a composi\u00e7\u00e3o surgiu em apenas cinco minutos, durante um per\u00edodo em que vivia no apartamento de uma amiga, em S\u00e3o Paulo.<\/p>\n\n\n\n<p class=\"wp-block-paragraph\">Para ela, a can\u00e7\u00e3o ocupa um espa\u00e7o especial em sua trajet\u00f3ria. Roberta a define como sua \u201cm\u00fasica encantada\u201d e como a \u201cm\u00fasica m\u00e3e\u201d, respons\u00e1vel por abrir portas importantes em sua carreira.<\/p>\n\n\n\n<h2 class=\"wp-block-heading\">Inf\u00e2ncia, fome e a decis\u00e3o de sair de casa<\/h2>\n\n\n\n<p class=\"wp-block-paragraph\">A conversa tamb\u00e9m revela uma trajet\u00f3ria constru\u00edda em meio a grandes dificuldades. Roberta conta que, aos 14 anos, saiu de casa e chegou a dormir em constru\u00e7\u00f5es. Para conseguir comida, batia de porta em porta e se oferecia para realizar servi\u00e7os de limpeza.<\/p>\n\n\n\n<p class=\"wp-block-paragraph\">\u201cEu disse: n\u00e3o, m\u00e3e, eu s\u00f3 volto no dia que eu tiver condi\u00e7\u00f5es\u201d, recorda.<\/p>\n\n\n\n<p class=\"wp-block-paragraph\">As dificuldades financeiras, por\u00e9m, come\u00e7aram ainda antes. Ao falar sobre a inf\u00e2ncia, a cantora relembra per\u00edodos em que a fam\u00edlia precisou dividir a pouca comida dispon\u00edvel.<\/p>\n\n\n\n<p class=\"wp-block-paragraph\">\u201cGeralmente, pai e m\u00e3e ficavam olhando. A\u00ed, no outro dia, sentavam os quatro e iam revezando assim para administrar essa pobreza\u201d, conta.<\/p>\n\n\n\n<p class=\"wp-block-paragraph\">As lembran\u00e7as ajudam a dimensionar uma trajet\u00f3ria que, antes dos palcos, discos e grandes sucessos, foi marcada pela busca por sobreviv\u00eancia e independ\u00eancia.<\/p>\n\n\n\n<h2 class=\"wp-block-heading\">F\u00e9 e a ajuda de Hermeto Pascoal<\/h2>\n\n\n\n<p class=\"wp-block-paragraph\">A espiritualidade tamb\u00e9m aparece como elemento importante da hist\u00f3ria de Roberta Miranda.<\/p>\n\n\n\n<p class=\"wp-block-paragraph\">Durante o programa, a artista cita o m\u00fasico <strong>Hermeto Pascoal<\/strong>, que morava pr\u00f3ximo \u00e0 fam\u00edlia e, segundo ela, ajudava com alimentos quando ainda era crian\u00e7a.<\/p>\n\n\n\n<p class=\"wp-block-paragraph\">\u201cDeus sempre foi o meu protetor n\u00famero um na vida. Eu sou protegida, ungida desde o dia que eu nasci, no \u00fatero de minha m\u00e3e\u201d, afirma.<\/p>\n\n\n\n<h2 class=\"wp-block-heading\">Roberta Miranda fala sobre bissexualidade<\/h2>\n\n\n\n<p class=\"wp-block-paragraph\">Outro momento de destaque da entrevista ocorre quando Roberta fala sobre sua vida afetiva e sua <strong>bissexualidade<\/strong>.<\/p>\n\n\n\n<p class=\"wp-block-paragraph\">A cantora conta que levou mais de 50 anos para tratar abertamente do assunto e explica que, ainda jovem, recebeu da m\u00e3e um pedido para que n\u00e3o revelasse parte de sua vida amorosa.<\/p>\n\n\n\n<p class=\"wp-block-paragraph\">\u201cEu guardei isso durante anos\u201d, afirma.<\/p>\n\n\n\n<p class=\"wp-block-paragraph\">Segundo Roberta, o sil\u00eancio teve consequ\u00eancias importantes em sua vida pessoal, incluindo relacionamentos que n\u00e3o puderam ser vividos plenamente. Ao recordar esse per\u00edodo, diz ter precisado \u201csucumbir uma parte\u201d de si mesma.<\/p>\n\n\n\n<p class=\"wp-block-paragraph\">As declara\u00e7\u00f5es dialogam com posicionamentos p\u00fablicos recentes da artista, que passou a falar mais abertamente sobre sua orienta\u00e7\u00e3o sexual e sua trajet\u00f3ria afetiva.<\/p>\n\n\n\n<p class=\"wp-block-paragraph\">Entre mem\u00f3rias de pobreza, m\u00fasica, rela\u00e7\u00f5es familiares, f\u00e9 e identidade, a participa\u00e7\u00e3o de Roberta Miranda no <em>Provoca<\/em> apresenta diferentes dimens\u00f5es de uma das vozes mais conhecidas da m\u00fasica sertaneja brasileira.<\/p>\n\n\n\n<p class=\"wp-block-paragraph\"><strong>Servi\u00e7o<\/strong><\/p>\n\n\n\n<p class=\"wp-block-paragraph\"><strong>Provoca \u2014 com Roberta Miranda<\/strong><br>Data: ter\u00e7a-feira, 8 de setembro de 2026<br>Hor\u00e1rio: 22h30<br>Apresenta\u00e7\u00e3o: Marcelo Tas<br>Exibi\u00e7\u00e3o: TV Cultura<\/p>\n\n\n\n<p class=\"wp-block-paragraph\"><em>Realiza\u00e7\u00e3o: TV Cultura e Minist\u00e9rio da Cultura.<\/em><\/p>\n","protected":false},"excerpt":{"rendered":"<p>Em entrevista a Marcelo Tas, cantora relembra a inf\u00e2ncia marcada por dificuldades, conta como nasceu \u201cMajestade, o Sabi\u00e1\u201d e fala sobre ter silenciado sua sexualidade por d\u00e9cadas Roberta Miranda revisita passagens profundas de sua vida pessoal e art\u00edstica em entrevista ao Provoca, apresentado por Marcelo Tas. O programa vai ao ar na pr\u00f3xima ter\u00e7a-feira, 8 [&hellip;]<\/p>\n","protected":false},"author":777,"featured_media":19728,"comment_status":"open","ping_status":"open","sticky":false,"template":"","format":"standard","meta":{"_monsterinsights_skip_tracking":false,"footnotes":"","jetpack_publicize_message":"","jetpack_publicize_feature_enabled":true,"jetpack_social_post_already_shared":true,"jetpack_social_options":{"image_generator_settings":{"template":"highway","default_image_id":0,"font":"","enabled":false},"version":2}},"categories":[6],"tags":[],"class_list":["post-19727","post","type-post","status-publish","format-standard","has-post-thumbnail","hentry","category-music"],"jetpack_publicize_connections":[],"_links":{"self":[{"href":"https:\/\/cidadecult.com.br\/index.php?rest_route=\/wp\/v2\/posts\/19727","targetHints":{"allow":["GET"]}}],"collection":[{"href":"https:\/\/cidadecult.com.br\/index.php?rest_route=\/wp\/v2\/posts"}],"about":[{"href":"https:\/\/cidadecult.com.br\/index.php?rest_route=\/wp\/v2\/types\/post"}],"author":[{"embeddable":true,"href":"https:\/\/cidadecult.com.br\/index.php?rest_route=\/wp\/v2\/users\/777"}],"replies":[{"embeddable":true,"href":"https:\/\/cidadecult.com.br\/index.php?rest_route=%2Fwp%2Fv2%2Fcomments&post=19727"}],"version-history":[{"count":2,"href":"https:\/\/cidadecult.com.br\/index.php?rest_route=\/wp\/v2\/posts\/19727\/revisions"}],"predecessor-version":[{"id":19730,"href":"https:\/\/cidadecult.com.br\/index.php?rest_route=\/wp\/v2\/posts\/19727\/revisions\/19730"}],"wp:featuredmedia":[{"embeddable":true,"href":"https:\/\/cidadecult.com.br\/index.php?rest_route=\/wp\/v2\/media\/19728"}],"wp:attachment":[{"href":"https:\/\/cidadecult.com.br\/index.php?rest_route=%2Fwp%2Fv2%2Fmedia&parent=19727"}],"wp:term":[{"taxonomy":"category","embeddable":true,"href":"https:\/\/cidadecult.com.br\/index.php?rest_route=%2Fwp%2Fv2%2Fcategories&post=19727"},{"taxonomy":"post_tag","embeddable":true,"href":"https:\/\/cidadecult.com.br\/index.php?rest_route=%2Fwp%2Fv2%2Ftags&post=19727"}],"curies":[{"name":"wp","href":"https:\/\/api.w.org\/{rel}","templated":true}]}}