{"id":19720,"date":"2026-09-04T11:40:11","date_gmt":"2026-09-04T14:40:11","guid":{"rendered":"https:\/\/cidadecult.com.br\/?p=19720"},"modified":"2026-09-04T11:41:06","modified_gmt":"2026-09-04T14:41:06","slug":"radio-mec-revisita-a-musica-do-brasil-na-epoca-da-independencia","status":"publish","type":"post","link":"https:\/\/cidadecult.com.br\/?p=19720","title":{"rendered":"R\u00e1dio MEC revisita a m\u00fasica do Brasil na \u00e9poca da Independ\u00eancia"},"content":{"rendered":"\n<p class=\"wp-block-paragraph\"><strong>Especial de \u201cM\u00fasica e M\u00fasicos do Brasil\u201d percorre obras de Dom Pedro I, Jos\u00e9 Maur\u00edcio Nunes Garcia, Marcos Portugal e Sigismund Neukomm neste s\u00e1bado (5)<\/strong><\/p>\n\n\n\n<p class=\"wp-block-paragraph\">Como soava o Brasil nos anos que cercaram a Independ\u00eancia? Na semana do <strong>7 de Setembro<\/strong>, a R\u00e1dio MEC transforma essa pergunta em uma viagem musical ao in\u00edcio do s\u00e9culo XIX. Neste s\u00e1bado, <strong>5 de setembro, \u00e0s 19h<\/strong>, o programa <strong>\u201cM\u00fasica e M\u00fasicos do Brasil\u201d<\/strong> apresenta um panorama do repert\u00f3rio que acompanhou um dos per\u00edodos decisivos da forma\u00e7\u00e3o do pa\u00eds.<\/p>\n\n\n\n<p class=\"wp-block-paragraph\">O epis\u00f3dio re\u00fane obras de <strong>Dom Pedro I, Jos\u00e9 Maur\u00edcio Nunes Garcia, Marcos Portugal e Sigismund Neukomm<\/strong>, compositores ligados a um per\u00edodo em que a m\u00fasica circulava entre igrejas, ambientes da corte, cerim\u00f4nias p\u00fablicas e diferentes espa\u00e7os de conviv\u00eancia social.<\/p>\n\n\n\n<p class=\"wp-block-paragraph\">Mais do que recuperar pe\u00e7as hist\u00f3ricas, a sele\u00e7\u00e3o ajuda a compreender como diferentes influ\u00eancias come\u00e7aram a participar da constru\u00e7\u00e3o de uma identidade musical brasileira.<\/p>\n\n\n\n<h2 class=\"wp-block-heading\">O som da Independ\u00eancia<\/h2>\n\n\n\n<p class=\"wp-block-paragraph\">O programa come\u00e7a por uma composi\u00e7\u00e3o diretamente associada ao epis\u00f3dio hist\u00f3rico: o <strong>\u201cHino da Independ\u00eancia do Brasil\u201d<\/strong>, com m\u00fasica de Dom Pedro I e letra de Evaristo da Veiga.<\/p>\n\n\n\n<p class=\"wp-block-paragraph\">A grava\u00e7\u00e3o escolhida re\u00fane a <strong>Orquestra Filarm\u00f4nica de Minas Gerais<\/strong> e o <strong>Concentus Musicum de Belo Horizonte<\/strong>, sob reg\u00eancia de Fabio Mechetti.<\/p>\n\n\n\n<p class=\"wp-block-paragraph\">Embora seja lembrado principalmente por seu papel pol\u00edtico, Dom Pedro I tamb\u00e9m manteve atividade como compositor. O especial apresenta ainda sua composi\u00e7\u00e3o orquestral <strong>\u201cAbertura\u201d<\/strong> e um trecho do <strong>\u201cCredo do Imperador\u201d<\/strong>.<\/p>\n\n\n\n<p class=\"wp-block-paragraph\">O repert\u00f3rio ajuda a revelar uma dimens\u00e3o menos conhecida do personagem hist\u00f3rico e, ao mesmo tempo, oferece pistas sobre a vida musical brasileira no per\u00edodo.<\/p>\n\n\n\n<h2 class=\"wp-block-heading\">Jos\u00e9 Maur\u00edcio Nunes Garcia e outros compositores do per\u00edodo<\/h2>\n\n\n\n<p class=\"wp-block-paragraph\">Outro destaque \u00e9 a <strong>\u201cMissa de Nossa Senhora da Concei\u00e7\u00e3o\u201d<\/strong>, do padre e compositor carioca <strong>Jos\u00e9 Maur\u00edcio Nunes Garcia<\/strong>, um dos nomes fundamentais da m\u00fasica brasileira na passagem do s\u00e9culo XVIII para o XIX.<\/p>\n\n\n\n<p class=\"wp-block-paragraph\">A sele\u00e7\u00e3o inclui tamb\u00e9m a abertura da \u00f3pera <strong>\u201cLe donne cambiate\u201d<\/strong>, do compositor portugu\u00eas <strong>Marcos Portugal<\/strong>, e <strong>\u201cL&#8217;amoureux \u2014 Fantasia para Pianoforte e Flauta\u201d<\/strong>, do austr\u00edaco <strong>Sigismund Neukomm<\/strong>.<\/p>\n\n\n\n<p class=\"wp-block-paragraph\">O encontro desses compositores no mesmo programa evidencia a diversidade de refer\u00eancias presentes no Brasil da \u00e9poca e mostra como a vida musical do pa\u00eds foi constru\u00edda a partir de diferentes tradi\u00e7\u00f5es, repert\u00f3rios e personagens.<\/p>\n\n\n\n<p class=\"wp-block-paragraph\">Assim, o 7 de Setembro deixa de ser observado apenas pelas imagens j\u00e1 conhecidas dos livros de Hist\u00f3ria e ganha tamb\u00e9m uma esp\u00e9cie de trilha sonora.<\/p>\n\n\n\n<h2 class=\"wp-block-heading\">M\u00fasica brasileira preservada pelo r\u00e1dio<\/h2>\n\n\n\n<p class=\"wp-block-paragraph\">Criado em <strong>1957<\/strong>, \u201cM\u00fasica e M\u00fasicos do Brasil\u201d est\u00e1 entre os programas mais longevos do r\u00e1dio brasileiro.<\/p>\n\n\n\n<p class=\"wp-block-paragraph\">Ao longo de sua trajet\u00f3ria, a atra\u00e7\u00e3o se consolidou como espa\u00e7o dedicado \u00e0 m\u00fasica de concerto produzida no pa\u00eds, recuperando compositores, int\u00e9rpretes e obras nem sempre presentes nos circuitos comerciais.<\/p>\n\n\n\n<p class=\"wp-block-paragraph\">Desde seus primeiros anos, o programa contou com a colabora\u00e7\u00e3o de especialistas como <strong>Edino Krieger, Andrade Muricy, Aires de Andrade, Ademar N\u00f3brega, Helza Cam\u00eau e Alceo Bocchino<\/strong>.<\/p>\n\n\n\n<p class=\"wp-block-paragraph\">A pr\u00f3pria R\u00e1dio MEC teve papel relevante na preserva\u00e7\u00e3o desse patrim\u00f4nio ao incentivar a grava\u00e7\u00e3o de obras brasileiras que ainda n\u00e3o possu\u00edam registros fonogr\u00e1ficos. Parte desse material posteriormente chegou ao p\u00fablico em discos e CDs.<\/p>\n\n\n\n<p class=\"wp-block-paragraph\">No especial desta semana, essa voca\u00e7\u00e3o hist\u00f3rica ganha novo sentido: quase dois s\u00e9culos depois da Independ\u00eancia, o r\u00e1dio recupera algumas das m\u00fasicas que ajudam a imaginar o ambiente cultural de um Brasil que come\u00e7ava a se transformar.<\/p>\n\n\n\n<h3 class=\"wp-block-heading\">Servi\u00e7o<\/h3>\n\n\n\n<p class=\"wp-block-paragraph\"><strong>M\u00fasica e M\u00fasicos do Brasil \u2014 Especial Independ\u00eancia do Brasil<\/strong><br><strong>Quando:<\/strong> s\u00e1bado, 5 de setembro de 2026<br><strong>Hor\u00e1rio:<\/strong> 19h<br><strong>Onde:<\/strong> R\u00e1dio MEC<\/p>\n\n\n\n<p class=\"wp-block-paragraph\"><strong>Como ouvir<\/strong><\/p>\n\n\n\n<p class=\"wp-block-paragraph\">Rio de Janeiro: FM 99,3 MHz<br>Belo Horizonte: FM 87,1 MHz<br>Bras\u00edlia: FM 87,1 MHz<br>Ondas M\u00e9dias: 800 kHz<br>Internet: R\u00e1dio MEC<br>Celular: aplicativo R\u00e1dios EBC para Android e iOS<br><br>Cr\u00e9dito imagem: Pedro Am\u00e9rico \/ Google Art Project<\/p>\n","protected":false},"excerpt":{"rendered":"<p>Especial de \u201cM\u00fasica e M\u00fasicos do Brasil\u201d percorre obras de Dom Pedro I, Jos\u00e9 Maur\u00edcio Nunes Garcia, Marcos Portugal e Sigismund Neukomm neste s\u00e1bado (5) Como soava o Brasil nos anos que cercaram a Independ\u00eancia? Na semana do 7 de Setembro, a R\u00e1dio MEC transforma essa pergunta em uma viagem musical ao in\u00edcio do s\u00e9culo [&hellip;]<\/p>\n","protected":false},"author":777,"featured_media":19721,"comment_status":"open","ping_status":"open","sticky":false,"template":"","format":"standard","meta":{"_monsterinsights_skip_tracking":false,"footnotes":"","jetpack_publicize_message":"","jetpack_publicize_feature_enabled":true,"jetpack_social_post_already_shared":true,"jetpack_social_options":{"image_generator_settings":{"template":"highway","default_image_id":0,"font":"","enabled":false},"version":2}},"categories":[35],"tags":[10070,10223,10227,10220,10224,10222,6257,6167,10226,10221,7974,10228,10225],"class_list":["post-19720","post","type-post","status-publish","format-standard","has-post-thumbnail","hentry","category-business-news365","tag-7-de-setembro","tag-dom-pedro-i","tag-historia-do-brasil","tag-independencia-do-brasil","tag-jose-mauricio-nunes-garcia","tag-marcos-portugal","tag-musica-brasileira","tag-musica-classica","tag-musica-de-concerto","tag-musica-e-musicos-do-brasil","tag-radio-mec","tag-seculo-xix","tag-sigismund-neukomm"],"jetpack_publicize_connections":[],"_links":{"self":[{"href":"https:\/\/cidadecult.com.br\/index.php?rest_route=\/wp\/v2\/posts\/19720","targetHints":{"allow":["GET"]}}],"collection":[{"href":"https:\/\/cidadecult.com.br\/index.php?rest_route=\/wp\/v2\/posts"}],"about":[{"href":"https:\/\/cidadecult.com.br\/index.php?rest_route=\/wp\/v2\/types\/post"}],"author":[{"embeddable":true,"href":"https:\/\/cidadecult.com.br\/index.php?rest_route=\/wp\/v2\/users\/777"}],"replies":[{"embeddable":true,"href":"https:\/\/cidadecult.com.br\/index.php?rest_route=%2Fwp%2Fv2%2Fcomments&post=19720"}],"version-history":[{"count":1,"href":"https:\/\/cidadecult.com.br\/index.php?rest_route=\/wp\/v2\/posts\/19720\/revisions"}],"predecessor-version":[{"id":19722,"href":"https:\/\/cidadecult.com.br\/index.php?rest_route=\/wp\/v2\/posts\/19720\/revisions\/19722"}],"wp:featuredmedia":[{"embeddable":true,"href":"https:\/\/cidadecult.com.br\/index.php?rest_route=\/wp\/v2\/media\/19721"}],"wp:attachment":[{"href":"https:\/\/cidadecult.com.br\/index.php?rest_route=%2Fwp%2Fv2%2Fmedia&parent=19720"}],"wp:term":[{"taxonomy":"category","embeddable":true,"href":"https:\/\/cidadecult.com.br\/index.php?rest_route=%2Fwp%2Fv2%2Fcategories&post=19720"},{"taxonomy":"post_tag","embeddable":true,"href":"https:\/\/cidadecult.com.br\/index.php?rest_route=%2Fwp%2Fv2%2Ftags&post=19720"}],"curies":[{"name":"wp","href":"https:\/\/api.w.org\/{rel}","templated":true}]}}