{"id":19714,"date":"2026-09-04T11:16:47","date_gmt":"2026-09-04T14:16:47","guid":{"rendered":"https:\/\/cidadecult.com.br\/?p=19714"},"modified":"2026-09-04T11:16:54","modified_gmt":"2026-09-04T14:16:54","slug":"fernanda-botelho-apresenta-levada-em-leitura-dramatizada-gratuita-no-rio","status":"publish","type":"post","link":"https:\/\/cidadecult.com.br\/?p=19714","title":{"rendered":"Fernanda Botelho apresenta \u201cLevada\u201d em leitura dramatizada gratuita no Rio"},"content":{"rendered":"\n<p class=\"wp-block-paragraph\"><strong>Texto in\u00e9dito de R\u00fabia d\u2019Alessandro aborda viol\u00eancia dom\u00e9stica, silenciamento, acolhimento e sa\u00fade mental; apresenta\u00e7\u00e3o ser\u00e1 em 16 de setembro, no Instituto Cervantes<\/strong><\/p>\n\n\n\n<p class=\"wp-block-paragraph\">A atriz <strong>Fernanda Botelho<\/strong> retorna aos palcos com um novo desafio. No dia <strong>16 de setembro, quarta-feira, \u00e0s 19h<\/strong>, ela apresenta a leitura dramatizada de <strong>\u201cLevada\u201d<\/strong>, texto in\u00e9dito da psicanalista mineira <strong>R\u00fabia d\u2019Alessandro<\/strong>, no Audit\u00f3rio do Instituto Cervantes do Rio de Janeiro, em Botafogo.<\/p>\n\n\n\n<p class=\"wp-block-paragraph\">Com <strong>entrada gratuita<\/strong>, a apresenta\u00e7\u00e3o integra a programa\u00e7\u00e3o do <strong>III Ciclo de Leituras Dramatizadas 2026<\/strong> e prop\u00f5e uma reflex\u00e3o sobre temas como viol\u00eancia dom\u00e9stica, silenciamento, sororidade, acolhimento e os estigmas ainda relacionados \u00e0 psicoterapia.<\/p>\n\n\n\n<p class=\"wp-block-paragraph\">A dire\u00e7\u00e3o \u00e9 de <strong>Florencia Sant\u00e1ngelo<\/strong>. Ap\u00f3s a leitura, artistas e convidados participam de uma conversa com o p\u00fablico. A classifica\u00e7\u00e3o indicativa \u00e9 de 12 anos.<\/p>\n\n\n\n<p class=\"wp-block-paragraph\">O III Ciclo \u00e9 um projeto de extens\u00e3o universit\u00e1ria desenvolvido em parceria pelo N\u00facleo de Escrita Teatral da UFRJ e pelo Instituto Cervantes do Rio de Janeiro, voltado \u00e0 circula\u00e7\u00e3o da dramaturgia contempor\u00e2nea e \u00e0 aproxima\u00e7\u00e3o entre universidade, artistas e p\u00fablico.<\/p>\n\n\n\n<h2 class=\"wp-block-heading\">Entre mem\u00f3rias, afeto e silenciamento<\/h2>\n\n\n\n<p class=\"wp-block-paragraph\">Em \u201cLevada\u201d, o p\u00fablico acompanha uma mulher durante um processo de investiga\u00e7\u00e3o de suas pr\u00f3prias ang\u00fastias. Aos poucos, lembran\u00e7as fragmentadas e acontecimentos at\u00e9 ent\u00e3o desconhecidos revelam a origem de parte de seu sofrimento.<\/p>\n\n\n\n<p class=\"wp-block-paragraph\">A narrativa se desenvolve no ambiente de um consult\u00f3rio de psican\u00e1lise e combina momentos de dor, afeto e at\u00e9 humor enquanto a protagonista tenta compreender sua hist\u00f3ria.<\/p>\n\n\n\n<p class=\"wp-block-paragraph\">O texto nasceu do desejo de Fernanda Botelho de levar quest\u00f5es relacionadas \u00e0 psican\u00e1lise e \u00e0 sa\u00fade mental para o palco. R\u00fabia d\u2019Alessandro construiu a personagem a partir de sua experi\u00eancia profissional de escuta tanto no consult\u00f3rio quanto no servi\u00e7o p\u00fablico.<\/p>\n\n\n\n<p class=\"wp-block-paragraph\">A proposta n\u00e3o \u00e9 tratar a psicoterapia apenas como elemento dramat\u00fargico, mas abrir espa\u00e7o para uma discuss\u00e3o sobre as barreiras sociais e culturais que ainda cercam o cuidado com a sa\u00fade mental.<\/p>\n\n\n\n<p class=\"wp-block-paragraph\">\u201cApesar dos avan\u00e7os na discuss\u00e3o sobre sa\u00fade mental, a busca por psicoterapia ainda \u00e9 atravessada por estigmas, preconceitos e barreiras sociais e culturais\u201d, observa Fernanda.<\/p>\n\n\n\n<h2 class=\"wp-block-heading\">Primeiro solo de Fernanda Botelho<\/h2>\n\n\n\n<p class=\"wp-block-paragraph\">A apresenta\u00e7\u00e3o tamb\u00e9m marca um momento importante na trajet\u00f3ria da atriz. <strong>Fernanda Botelho celebra 25 anos de carreira em 2026<\/strong> e prepara \u201cLevada\u201d para se transformar em seu primeiro solo teatral.<\/p>\n\n\n\n<p class=\"wp-block-paragraph\">Segundo a artista, a leitura dramatizada funcionar\u00e1 como um primeiro encontro entre o texto e os espectadores \u2014 uma etapa capaz de produzir novas percep\u00e7\u00f5es para a futura montagem.<\/p>\n\n\n\n<p class=\"wp-block-paragraph\">A atriz viveu <strong>Marina, a cozinheira da fam\u00edlia Roitman<\/strong>, no remake de \u201cVale Tudo\u201d, exibido pela TV Globo em 2025, al\u00e9m de reunir uma trajet\u00f3ria de quase tr\u00eas d\u00e9cadas entre teatro, musicais, televis\u00e3o e cinema. Sua participa\u00e7\u00e3o na novela e a personagem s\u00e3o tamb\u00e9m registradas em perfis publicados durante a exibi\u00e7\u00e3o da produ\u00e7\u00e3o.<\/p>\n\n\n\n<p class=\"wp-block-paragraph\">\u201cEssa troca ir\u00e1 nos alimentar de impress\u00f5es, informa\u00e7\u00f5es e ideias, ampliando as possibilidades de encena\u00e7\u00e3o. \u2018Levada\u2019 ser\u00e1 a montagem do meu primeiro solo teatral e o 30\u00ba espet\u00e1culo da minha carreira\u201d, afirma.<\/p>\n\n\n\n<h2 class=\"wp-block-heading\">Dramaturgia em di\u00e1logo com o p\u00fablico<\/h2>\n\n\n\n<p class=\"wp-block-paragraph\">Organizado pelo professor e dramaturgo <strong>Miguel \u00c1ngel Zamorano<\/strong>, da Universidade Federal do Rio de Janeiro (UFRJ), o III Ciclo de Leituras Dramatizadas promove encontros gratuitos dedicados a textos teatrais contempor\u00e2neos.<\/p>\n\n\n\n<p class=\"wp-block-paragraph\">A edi\u00e7\u00e3o de 2026 re\u00fane leituras entre junho e outubro no Instituto Cervantes, em Botafogo. \u201cLevada\u201d aparece oficialmente na programa\u00e7\u00e3o de setembro com texto de R\u00fabia d\u2019Alessandro, dire\u00e7\u00e3o de Florencia Sant\u00e1ngelo e atua\u00e7\u00e3o de Fernanda Botelho.<\/p>\n\n\n\n<p class=\"wp-block-paragraph\">Mais do que antecipar uma futura montagem, a leitura permite que a palavra ainda em processo encontre o espectador. Em uma obra que parte justamente da escuta, essa aproxima\u00e7\u00e3o entre palco e plateia ganha um significado especial.<\/p>\n\n\n\n<h3 class=\"wp-block-heading\">Servi\u00e7o<\/h3>\n\n\n\n<p class=\"wp-block-paragraph\"><strong>Leitura dramatizada \u201cLevada\u201d \u2014 III Ciclo de Leituras Dramatizadas 2026<\/strong><br><strong>Texto:<\/strong> R\u00fabia d\u2019Alessandro<br><strong>Dire\u00e7\u00e3o:<\/strong> Florencia Sant\u00e1ngelo<br><strong>Atua\u00e7\u00e3o:<\/strong> Fernanda Botelho<br><strong>Data:<\/strong> 16 de setembro de 2026, quarta-feira<br><strong>Hor\u00e1rio:<\/strong> 19h<br><strong>Entrada:<\/strong> gratuita<br><strong>Local:<\/strong> Instituto Cervantes do Rio de Janeiro<br><strong>Endere\u00e7o:<\/strong> Rua Visconde de Ouro Preto, 62 \u2014 Botafogo \u2014 Rio de Janeiro (RJ)<br><strong>Capacidade:<\/strong> 82 lugares<br><strong>Classifica\u00e7\u00e3o:<\/strong> 12 anos<\/p>\n\n\n\n<h3 class=\"wp-block-heading\">Cr\u00e9dito da foto: <strong>Fernanda Botelho apresenta texto in\u00e9dito no Instituto Cervantes \u2014 Foto: Lucas Cezar<\/strong><\/h3>\n","protected":false},"excerpt":{"rendered":"<p>Texto in\u00e9dito de R\u00fabia d\u2019Alessandro aborda viol\u00eancia dom\u00e9stica, silenciamento, acolhimento e sa\u00fade mental; apresenta\u00e7\u00e3o ser\u00e1 em 16 de setembro, no Instituto Cervantes A atriz Fernanda Botelho retorna aos palcos com um novo desafio. No dia 16 de setembro, quarta-feira, \u00e0s 19h, ela apresenta a leitura dramatizada de \u201cLevada\u201d, texto in\u00e9dito da psicanalista mineira R\u00fabia d\u2019Alessandro, [&hellip;]<\/p>\n","protected":false},"author":777,"featured_media":19715,"comment_status":"open","ping_status":"open","sticky":false,"template":"","format":"standard","meta":{"_monsterinsights_skip_tracking":false,"footnotes":"","jetpack_publicize_message":"","jetpack_publicize_feature_enabled":true,"jetpack_social_post_already_shared":true,"jetpack_social_options":{"image_generator_settings":{"template":"highway","default_image_id":0,"font":"","enabled":false},"version":2}},"categories":[41],"tags":[],"class_list":["post-19714","post","type-post","status-publish","format-standard","has-post-thumbnail","hentry","category-agenda"],"jetpack_publicize_connections":[],"_links":{"self":[{"href":"https:\/\/cidadecult.com.br\/index.php?rest_route=\/wp\/v2\/posts\/19714","targetHints":{"allow":["GET"]}}],"collection":[{"href":"https:\/\/cidadecult.com.br\/index.php?rest_route=\/wp\/v2\/posts"}],"about":[{"href":"https:\/\/cidadecult.com.br\/index.php?rest_route=\/wp\/v2\/types\/post"}],"author":[{"embeddable":true,"href":"https:\/\/cidadecult.com.br\/index.php?rest_route=\/wp\/v2\/users\/777"}],"replies":[{"embeddable":true,"href":"https:\/\/cidadecult.com.br\/index.php?rest_route=%2Fwp%2Fv2%2Fcomments&post=19714"}],"version-history":[{"count":2,"href":"https:\/\/cidadecult.com.br\/index.php?rest_route=\/wp\/v2\/posts\/19714\/revisions"}],"predecessor-version":[{"id":19717,"href":"https:\/\/cidadecult.com.br\/index.php?rest_route=\/wp\/v2\/posts\/19714\/revisions\/19717"}],"wp:featuredmedia":[{"embeddable":true,"href":"https:\/\/cidadecult.com.br\/index.php?rest_route=\/wp\/v2\/media\/19715"}],"wp:attachment":[{"href":"https:\/\/cidadecult.com.br\/index.php?rest_route=%2Fwp%2Fv2%2Fmedia&parent=19714"}],"wp:term":[{"taxonomy":"category","embeddable":true,"href":"https:\/\/cidadecult.com.br\/index.php?rest_route=%2Fwp%2Fv2%2Fcategories&post=19714"},{"taxonomy":"post_tag","embeddable":true,"href":"https:\/\/cidadecult.com.br\/index.php?rest_route=%2Fwp%2Fv2%2Ftags&post=19714"}],"curies":[{"name":"wp","href":"https:\/\/api.w.org\/{rel}","templated":true}]}}