{"id":19708,"date":"2026-09-04T11:08:55","date_gmt":"2026-09-04T14:08:55","guid":{"rendered":"https:\/\/cidadecult.com.br\/?p=19708"},"modified":"2026-09-04T11:09:14","modified_gmt":"2026-09-04T14:09:14","slug":"designers-indigenas-da-amazonia-levam-moda-a-nova-york-com-inteligencia-artificial","status":"publish","type":"post","link":"https:\/\/cidadecult.com.br\/?p=19708","title":{"rendered":"Designers ind\u00edgenas da Amaz\u00f4nia levam moda a Nova York com intelig\u00eancia artificial"},"content":{"rendered":"\n<p class=\"wp-block-paragraph\"><strong>Cria\u00e7\u00f5es da MI Moda Ind\u00edgena ser\u00e3o apresentadas no Best of Fashion Awards, em 11 de setembro, em um desfile digital que conecta ancestralidade, tecnologia e representatividade durante a temporada de moda de Nova York<\/strong><\/p>\n\n\n\n<p class=\"wp-block-paragraph\">A moda ind\u00edgena produzida na Amaz\u00f4nia brasileira ganhar\u00e1 proje\u00e7\u00e3o internacional em Nova York. No dia <strong>11 de setembro de 2026<\/strong>, cria\u00e7\u00f5es de designers ligados \u00e0 <strong>MI Moda Ind\u00edgena<\/strong> ser\u00e3o apresentadas durante o <strong>Best of Fashion Awards<\/strong>, evento realizado no per\u00edodo da New York Fashion Week.<\/p>\n\n\n\n<p class=\"wp-block-paragraph\">A apresenta\u00e7\u00e3o ter\u00e1 formato digital e ser\u00e1 desenvolvida com recursos de <strong>intelig\u00eancia artificial<\/strong>, criando uma ponte entre saberes ancestrais, cria\u00e7\u00e3o contempor\u00e2nea e novas tecnologias aplicadas \u00e0 ind\u00fastria da moda. O desfile ser\u00e1 acompanhado presencialmente por convidados, jurados e profissionais do setor, al\u00e9m de contar com transmiss\u00e3o ao vivo.<\/p>\n\n\n\n<h2 class=\"wp-block-heading\">Intelig\u00eancia artificial encontra a moda da Amaz\u00f4nia<\/h2>\n\n\n\n<p class=\"wp-block-paragraph\">A tecnologia usada para levar as pe\u00e7as \u00e0 passarela digital ser\u00e1 fornecida pela <strong>FashionABC<\/strong>, empresa especializada na aplica\u00e7\u00e3o de intelig\u00eancia artificial \u00e0 moda e liderada pelo CEO Dinis Guarda.<\/p>\n\n\n\n<p class=\"wp-block-paragraph\">Os recursos tecnol\u00f3gicos estar\u00e3o presentes em diferentes etapas da apresenta\u00e7\u00e3o, incluindo produ\u00e7\u00e3o visual, casting e dire\u00e7\u00e3o criativa. A proposta \u00e9 transportar as cria\u00e7\u00f5es dos designers amaz\u00f4nicos para um ambiente virtual sem retirar do centro da narrativa a identidade cultural presente nas pe\u00e7as.<\/p>\n\n\n\n<p class=\"wp-block-paragraph\">A iniciativa chama aten\u00e7\u00e3o justamente por colocar lado a lado duas discuss\u00f5es que v\u00eam ganhando espa\u00e7o no mercado internacional: a valoriza\u00e7\u00e3o da autoria e da representatividade ind\u00edgena e o avan\u00e7o das ferramentas de intelig\u00eancia artificial no processo criativo da moda.<\/p>\n\n\n\n<p class=\"wp-block-paragraph\">\u201cT\u00e9cnicas ancestrais e tecnologia generativa podem caminhar juntas\u201d, afirma a diretora de moda <strong>Gislaine Balzano<\/strong>. Para ela, acompanhar os tecidos e as cria\u00e7\u00f5es da MI Moda Ind\u00edgena ganhando novas possibilidades visuais por meio da tecnologia foi uma das experi\u00eancias mais inovadoras do projeto.<\/p>\n\n\n\n<h2 class=\"wp-block-heading\">Luiza Brunet participa da programa\u00e7\u00e3o<\/h2>\n\n\n\n\n\n<p class=\"wp-block-paragraph\">A apresenta\u00e7\u00e3o contar\u00e1 ainda com participa\u00e7\u00e3o especial de <strong>Luiza Brunet<\/strong>, modelo, empres\u00e1ria e ativista pelos direitos das mulheres.<\/p>\n\n\n\n<p class=\"wp-block-paragraph\">Brunet \u00e9 embaixadora oficial do <strong>Best of Brazil Global Awards<\/strong>, premia\u00e7\u00e3o cuja cerim\u00f4nia principal est\u00e1 programada para o dia <strong>12 de setembro<\/strong>, no Museu da Est\u00e1tua da Liberdade, em Liberty Island, Nova York.<\/p>\n\n\n\n<p class=\"wp-block-paragraph\">O Best of Fashion Awards integra a programa\u00e7\u00e3o que antecede a premia\u00e7\u00e3o e re\u00fane profissionais, novos talentos e representantes da ind\u00fastria da moda.<\/p>\n\n\n\n<p class=\"wp-block-paragraph\">A realiza\u00e7\u00e3o envolve uma parceria entre <strong>Best of Fashion Awards, FashionABC, FashionForward e MI Moda Ind\u00edgena<\/strong>, com organiza\u00e7\u00e3o do produtor internacional Rafael dos Santos e dire\u00e7\u00e3o de moda de Gislaine Balzano.<\/p>\n\n\n\n<p class=\"wp-block-paragraph\">Para Rafael dos Santos, a proposta amplia o espa\u00e7o dado \u00e0 ancestralidade dentro de um cen\u00e1rio normalmente associado \u00e0s grandes tend\u00eancias da ind\u00fastria internacional.<\/p>\n\n\n\n<p class=\"wp-block-paragraph\">\u201cA Fashion Week \u00e9 um espet\u00e1culo, mas raramente mostra a ancestralidade em di\u00e1logo com a intelig\u00eancia artificial\u201d, afirma o produtor.<\/p>\n\n\n\n<p class=\"wp-block-paragraph\">Dinis Guarda tamb\u00e9m destaca o car\u00e1ter experimental da iniciativa ao aproximar tecnologia e cria\u00e7\u00e3o ind\u00edgena amaz\u00f4nica. \u201c\u00c9 hist\u00f3ria sendo escrita\u201d, resume o CEO da FashionABC.<\/p>\n\n\n\n<h2 class=\"wp-block-heading\">Moda ind\u00edgena, forma\u00e7\u00e3o e gera\u00e7\u00e3o de oportunidades<\/h2>\n\n\n\n<p class=\"wp-block-paragraph\">A atua\u00e7\u00e3o da <strong>MI Moda Ind\u00edgena<\/strong> vai al\u00e9m das passarelas. O projeto desenvolve atividades de forma\u00e7\u00e3o em \u00e1reas como design, modelagem, corte e costura, alfaiataria e empreendedorismo em comunidades da Amaz\u00f4nia.<\/p>\n\n\n\n<p class=\"wp-block-paragraph\">O trabalho busca combinar conhecimentos tradicionais, cria\u00e7\u00e3o autoral, gera\u00e7\u00e3o de oportunidades profissionais, protagonismo feminino e pr\u00e1ticas de produ\u00e7\u00e3o respons\u00e1vel.<\/p>\n\n\n\n<p class=\"wp-block-paragraph\">Ao chegar a Nova York, essa produ\u00e7\u00e3o ganha uma vitrine internacional e amplia uma discuss\u00e3o relevante para o futuro da moda: como novas tecnologias podem ser utilizadas sem apagar identidade, autoria e mem\u00f3ria cultural.<\/p>\n\n\n\n<p class=\"wp-block-paragraph\">A apresenta\u00e7\u00e3o no Best of Fashion Awards coloca justamente essa quest\u00e3o em evid\u00eancia. De um lado, ferramentas capazes de criar novos formatos de visualiza\u00e7\u00e3o e apresenta\u00e7\u00e3o. Do outro, uma produ\u00e7\u00e3o constru\u00edda a partir de territ\u00f3rios, saberes e identidades que atravessam gera\u00e7\u00f5es.<\/p>\n\n\n\n<p class=\"wp-block-paragraph\">Entre ancestralidade e algoritmos, a passarela digital em Nova York abre espa\u00e7o para que a moda amaz\u00f4nica participe do debate global n\u00e3o apenas como refer\u00eancia est\u00e9tica, mas como express\u00e3o cultural, econ\u00f4mica e criativa.<\/p>\n\n\n\n<p class=\"wp-block-paragraph\"><strong>Servi\u00e7o<\/strong><\/p>\n\n\n\n<p class=\"wp-block-paragraph\"><strong>Best of Fashion Awards 2026<\/strong><br>Data: 11 de setembro de 2026<br>Local: Nova York, Estados Unidos<br>Evento realizado durante o per\u00edodo da New York Fashion Week<br>Mais informa\u00e7\u00f5es: bestoffashionawards.com<\/p>\n","protected":false},"excerpt":{"rendered":"<p>Cria\u00e7\u00f5es da MI Moda Ind\u00edgena ser\u00e3o apresentadas no Best of Fashion Awards, em 11 de setembro, em um desfile digital que conecta ancestralidade, tecnologia e representatividade durante a temporada de moda de Nova York A moda ind\u00edgena produzida na Amaz\u00f4nia brasileira ganhar\u00e1 proje\u00e7\u00e3o internacional em Nova York. No dia 11 de setembro de 2026, cria\u00e7\u00f5es [&hellip;]<\/p>\n","protected":false},"author":777,"featured_media":19709,"comment_status":"open","ping_status":"open","sticky":false,"template":"","format":"standard","meta":{"_monsterinsights_skip_tracking":false,"footnotes":"","jetpack_publicize_message":"","jetpack_publicize_feature_enabled":true,"jetpack_social_post_already_shared":true,"jetpack_social_options":{"image_generator_settings":{"template":"highway","default_image_id":0,"font":"","enabled":false},"version":2}},"categories":[36],"tags":[10211,10204,10213,10205,10203,10206,10202,10207,10208,10212,10209,10210],"class_list":["post-19708","post","type-post","status-publish","format-standard","has-post-thumbnail","hentry","category-technology","tag-amazonia-4","tag-bestoffashionawards","tag-culturaindigena","tag-designersindigenas","tag-fashiontech","tag-inteligenciaartificial-3","tag-luizabrunet","tag-mimodaindigena","tag-modaamazonica","tag-modabrasileira","tag-modaindigena","tag-newyorkfashionweek"],"jetpack_publicize_connections":[],"_links":{"self":[{"href":"https:\/\/cidadecult.com.br\/index.php?rest_route=\/wp\/v2\/posts\/19708","targetHints":{"allow":["GET"]}}],"collection":[{"href":"https:\/\/cidadecult.com.br\/index.php?rest_route=\/wp\/v2\/posts"}],"about":[{"href":"https:\/\/cidadecult.com.br\/index.php?rest_route=\/wp\/v2\/types\/post"}],"author":[{"embeddable":true,"href":"https:\/\/cidadecult.com.br\/index.php?rest_route=\/wp\/v2\/users\/777"}],"replies":[{"embeddable":true,"href":"https:\/\/cidadecult.com.br\/index.php?rest_route=%2Fwp%2Fv2%2Fcomments&post=19708"}],"version-history":[{"count":3,"href":"https:\/\/cidadecult.com.br\/index.php?rest_route=\/wp\/v2\/posts\/19708\/revisions"}],"predecessor-version":[{"id":19713,"href":"https:\/\/cidadecult.com.br\/index.php?rest_route=\/wp\/v2\/posts\/19708\/revisions\/19713"}],"wp:featuredmedia":[{"embeddable":true,"href":"https:\/\/cidadecult.com.br\/index.php?rest_route=\/wp\/v2\/media\/19709"}],"wp:attachment":[{"href":"https:\/\/cidadecult.com.br\/index.php?rest_route=%2Fwp%2Fv2%2Fmedia&parent=19708"}],"wp:term":[{"taxonomy":"category","embeddable":true,"href":"https:\/\/cidadecult.com.br\/index.php?rest_route=%2Fwp%2Fv2%2Fcategories&post=19708"},{"taxonomy":"post_tag","embeddable":true,"href":"https:\/\/cidadecult.com.br\/index.php?rest_route=%2Fwp%2Fv2%2Ftags&post=19708"}],"curies":[{"name":"wp","href":"https:\/\/api.w.org\/{rel}","templated":true}]}}