{"id":19704,"date":"2026-09-03T17:43:41","date_gmt":"2026-09-03T20:43:41","guid":{"rendered":"https:\/\/cidadecult.com.br\/?p=19704"},"modified":"2026-09-03T17:43:47","modified_gmt":"2026-09-03T20:43:47","slug":"oraculo-mc-apresenta-filhos-do-3o-mundo-no-elemento-em-movimento-em-ceilandia","status":"publish","type":"post","link":"https:\/\/cidadecult.com.br\/?p=19704","title":{"rendered":"Or\u00e1culo MC apresenta \u201cFilhos do 3\u00ba Mundo\u201d no Elemento em Movimento, em Ceil\u00e2ndia"},"content":{"rendered":"\n<p class=\"wp-block-paragraph\"><strong>Radicado em Planaltina, rapper sobe ao palco neste s\u00e1bado (5), \u00e0s 22h, com banda completa e convidados; apresenta\u00e7\u00e3o no festival gratuito conecta periferia, campo, mem\u00f3ria e luta social<\/strong><\/p>\n\n\n\n<p class=\"wp-block-paragraph\">Da zona oeste de S\u00e3o Paulo \u00e0s ruas e ao campo de Planaltina, no Distrito Federal, <strong>Or\u00e1culo MC<\/strong> construiu uma trajet\u00f3ria em que m\u00fasica, territ\u00f3rio e transforma\u00e7\u00e3o social caminham lado a lado. Neste s\u00e1bado, <strong>5 de setembro<\/strong>, \u00e0s 22h, o artista leva o \u00e1lbum <em>Filhos do 3\u00ba Mundo<\/em> ao <strong>Festival Elemento em Movimento<\/strong>, na Pra\u00e7a do Trabalhador, em Ceil\u00e2ndia.<\/p>\n\n\n\n<p class=\"wp-block-paragraph\">Acompanhado pela banda <strong>Filhos do 3\u00ba Mundo<\/strong>, Or\u00e1culo ter\u00e1 participa\u00e7\u00f5es de <strong>Jap\u00e3o, do Viela 17, Zaum MC, MedX MC e DJ Sapo, do Cyphers Clan<\/strong>.<\/p>\n\n\n\n<p class=\"wp-block-paragraph\">Esta ser\u00e1 a segunda passagem do rapper pelo festival. Em 2025, ele dividiu o palco com Jap\u00e3o e o Laborat\u00f3rio GFunk. Agora, retorna para apresentar um espet\u00e1culo pr\u00f3prio, ampliando o repert\u00f3rio que cruza rap, m\u00fasica brasileira e reflex\u00f5es sobre as diferentes periferias do pa\u00eds.<\/p>\n\n\n\n<p class=\"wp-block-paragraph\">\u201cEstamos preparando um verdadeiro showz\u00e3o, com muita energia, banda completa e participa\u00e7\u00f5es superespeciais. Vai ser uma noite para chegar junto, curtir e viver essa experi\u00eancia com a gente\u201d, adianta Or\u00e1culo.<\/p>\n\n\n\n<h2 class=\"wp-block-heading\">Da quebrada ao campo<\/h2>\n\n\n\n<p class=\"wp-block-paragraph\">Paulistano radicado em <strong>Planaltina<\/strong>, Or\u00e1culo incorporou \u00e0 pr\u00f3pria obra as experi\u00eancias vividas entre realidades urbanas e rurais.<\/p>\n\n\n\n<p class=\"wp-block-paragraph\">A mudan\u00e7a para o Distrito Federal ampliou seu olhar sobre as periferias brasileiras e sobre as formas de organiza\u00e7\u00e3o, resist\u00eancia e cria\u00e7\u00e3o que se desenvolvem distantes dos grandes centros.<\/p>\n\n\n\n<p class=\"wp-block-paragraph\">\u00c9 nesse encontro que seu trabalho aproxima <strong>a quebrada do campo, o rap da terra e a cultura urbana das lutas sociais<\/strong>.<\/p>\n\n\n\n<p class=\"wp-block-paragraph\">Al\u00e9m da atua\u00e7\u00e3o como m\u00fasico e poeta, Or\u00e1culo desenvolve interven\u00e7\u00f5es culturais e mant\u00e9m proximidade com movimentos e debates ligados ao direito \u00e0 terra, \u00e0 ocupa\u00e7\u00e3o dos territ\u00f3rios e \u00e0s quest\u00f5es sociais. Esses temas atravessam tanto sua escrita quanto sua produ\u00e7\u00e3o art\u00edstica.<\/p>\n\n\n\n<h2 class=\"wp-block-heading\">\u201cFilhos do 3\u00ba Mundo\u201d une rap, pol\u00edtica e m\u00fasica brasileira<\/h2>\n\n\n\n<p class=\"wp-block-paragraph\">Lan\u00e7ado em 2025, <em>Filhos do 3\u00ba Mundo<\/em> amplia esse universo art\u00edstico. Com oito momentos entre m\u00fasicas e interl\u00fadio, o trabalho aborda quest\u00f5es pol\u00edticas, econ\u00f4micas e sociais sem deixar de lado inquieta\u00e7\u00f5es afetivas, espirituais e existenciais.<\/p>\n\n\n\n<p class=\"wp-block-paragraph\">Musicalmente, o disco tamb\u00e9m ultrapassa os limites tradicionais do rap. Elementos de ritmos brasileiros, como o <strong>maracatu<\/strong>, aparecem ao lado das refer\u00eancias urbanas que acompanham Or\u00e1culo desde sua forma\u00e7\u00e3o.<\/p>\n\n\n\n<p class=\"wp-block-paragraph\">A rela\u00e7\u00e3o do artista com a m\u00fasica come\u00e7ou ainda na inf\u00e2ncia, a partir dos discos e fitas ouvidos com o pai. Com o tempo, essa mem\u00f3ria afetiva se transformou em linguagem art\u00edstica e instrumento de interven\u00e7\u00e3o.<\/p>\n\n\n\n<p class=\"wp-block-paragraph\">No palco de Ceil\u00e2ndia, essas refer\u00eancias ganham corpo em um show que prop\u00f5e aproxima\u00e7\u00f5es entre m\u00fasica e territ\u00f3rio, poesia e pol\u00edtica, cidade e campo.<\/p>\n\n\n\n<h2 class=\"wp-block-heading\">Elemento em Movimento re\u00fane cultura perif\u00e9rica em Ceil\u00e2ndia<\/h2>\n\n\n\n<p class=\"wp-block-paragraph\">Em sua oitava edi\u00e7\u00e3o, o <strong>Festival Elemento em Movimento<\/strong> ocupa Ceil\u00e2ndia com atividades de forma\u00e7\u00e3o, debates, m\u00fasica, dan\u00e7a, esportes urbanos e iniciativas ligadas \u00e0 economia criativa.<\/p>\n\n\n\n<p class=\"wp-block-paragraph\">Os shows acontecem nos dias <strong>5 e 6 de setembro<\/strong>, na Pra\u00e7a do Trabalhador, com entrada gratuita e atra\u00e7\u00f5es locais e nacionais. A programa\u00e7\u00e3o de 2026 re\u00fane nomes como <strong>Emicida, Don L, Ebony, KL Jay, C\u00e2mbio Negro, Tha\u00edde, N.I.N.A, Pacificadores e Bixarte<\/strong>, al\u00e9m de artistas e coletivos do Distrito Federal.<\/p>\n\n\n\n<p class=\"wp-block-paragraph\">A presen\u00e7a de Or\u00e1culo no festival refor\u00e7a justamente uma das caracter\u00edsticas do Elemento em Movimento: colocar a produ\u00e7\u00e3o cultural das periferias no centro da programa\u00e7\u00e3o.<\/p>\n\n\n\n<p class=\"wp-block-paragraph\">Para quem acompanha a cena do rap no Distrito Federal, o s\u00e1bado tamb\u00e9m ser\u00e1 uma oportunidade de conhecer de perto um artista que constr\u00f3i sua obra a partir das margens \u2014 geogr\u00e1ficas, sociais e culturais \u2014 e transforma essas experi\u00eancias em m\u00fasica.<\/p>\n\n\n\n<h2 class=\"wp-block-heading\">Servi\u00e7o<\/h2>\n\n\n\n<p class=\"wp-block-paragraph\"><strong>Or\u00e1culo MC e os Filhos do 3\u00ba Mundo \u2013 \u201cFilhos do 3\u00ba Mundo\u201d<\/strong><br><strong>Festival Elemento em Movimento 2026<\/strong><br>\ud83d\udcc5 <strong>Quando:<\/strong> s\u00e1bado, 5 de setembro de 2026<br>\u23f0 <strong>Hor\u00e1rio:<\/strong> 22h<br>\ud83d\udccd <strong>Onde:<\/strong> Pra\u00e7a do Trabalhador, Ceil\u00e2ndia \u2013 DF<br>\ud83c\udfa4 <strong>Palco:<\/strong> Sesc Underground<br><strong>Participa\u00e7\u00f5es:<\/strong> Jap\u00e3o (Viela 17), Zaum MC, MedX MC e DJ Sapo (Cyphers Clan)<br>\ud83c\udf9f\ufe0f <strong>Entrada gratuita<\/strong><\/p>\n","protected":false},"excerpt":{"rendered":"<p>Radicado em Planaltina, rapper sobe ao palco neste s\u00e1bado (5), \u00e0s 22h, com banda completa e convidados; apresenta\u00e7\u00e3o no festival gratuito conecta periferia, campo, mem\u00f3ria e luta social Da zona oeste de S\u00e3o Paulo \u00e0s ruas e ao campo de Planaltina, no Distrito Federal, Or\u00e1culo MC construiu uma trajet\u00f3ria em que m\u00fasica, territ\u00f3rio e transforma\u00e7\u00e3o [&hellip;]<\/p>\n","protected":false},"author":777,"featured_media":19705,"comment_status":"open","ping_status":"open","sticky":false,"template":"","format":"standard","meta":{"_monsterinsights_skip_tracking":false,"footnotes":"","jetpack_publicize_message":"","jetpack_publicize_feature_enabled":true,"jetpack_social_post_already_shared":true,"jetpack_social_options":{"image_generator_settings":{"template":"highway","default_image_id":0,"font":"","enabled":false},"version":2}},"categories":[41,8328],"tags":[],"class_list":["post-19704","post","type-post","status-publish","format-standard","has-post-thumbnail","hentry","category-agenda","category-agenda-brasilia"],"jetpack_publicize_connections":[],"_links":{"self":[{"href":"https:\/\/cidadecult.com.br\/index.php?rest_route=\/wp\/v2\/posts\/19704","targetHints":{"allow":["GET"]}}],"collection":[{"href":"https:\/\/cidadecult.com.br\/index.php?rest_route=\/wp\/v2\/posts"}],"about":[{"href":"https:\/\/cidadecult.com.br\/index.php?rest_route=\/wp\/v2\/types\/post"}],"author":[{"embeddable":true,"href":"https:\/\/cidadecult.com.br\/index.php?rest_route=\/wp\/v2\/users\/777"}],"replies":[{"embeddable":true,"href":"https:\/\/cidadecult.com.br\/index.php?rest_route=%2Fwp%2Fv2%2Fcomments&post=19704"}],"version-history":[{"count":1,"href":"https:\/\/cidadecult.com.br\/index.php?rest_route=\/wp\/v2\/posts\/19704\/revisions"}],"predecessor-version":[{"id":19706,"href":"https:\/\/cidadecult.com.br\/index.php?rest_route=\/wp\/v2\/posts\/19704\/revisions\/19706"}],"wp:featuredmedia":[{"embeddable":true,"href":"https:\/\/cidadecult.com.br\/index.php?rest_route=\/wp\/v2\/media\/19705"}],"wp:attachment":[{"href":"https:\/\/cidadecult.com.br\/index.php?rest_route=%2Fwp%2Fv2%2Fmedia&parent=19704"}],"wp:term":[{"taxonomy":"category","embeddable":true,"href":"https:\/\/cidadecult.com.br\/index.php?rest_route=%2Fwp%2Fv2%2Fcategories&post=19704"},{"taxonomy":"post_tag","embeddable":true,"href":"https:\/\/cidadecult.com.br\/index.php?rest_route=%2Fwp%2Fv2%2Ftags&post=19704"}],"curies":[{"name":"wp","href":"https:\/\/api.w.org\/{rel}","templated":true}]}}