{"id":19696,"date":"2026-09-03T17:19:24","date_gmt":"2026-09-03T20:19:24","guid":{"rendered":"https:\/\/cidadecult.com.br\/?p=19696"},"modified":"2026-09-03T17:19:27","modified_gmt":"2026-09-03T20:19:27","slug":"heloa-lanca-danca-nkisi-danca-com-luedji-luna-e-liu-kid-e-cria-ponte-musical-entre-brasil-e-angola","status":"publish","type":"post","link":"https:\/\/cidadecult.com.br\/?p=19696","title":{"rendered":"H\u00e9loa lan\u00e7a \u201cDan\u00e7a N\u2019kisi Dan\u00e7a\u201d com Luedji Luna e Liu Kid e cria ponte musical entre Brasil e Angola"},"content":{"rendered":"\n<h2 class=\"wp-block-heading\">Primeiro single do \u00e1lbum \u201c\u00c1rida\u201d chega \u00e0s plataformas em 9 de setembro celebrando ancestralidade, espiritualidade e a dan\u00e7a como express\u00e3o de liberdade e pertencimento<\/h2>\n\n\n\n<p class=\"wp-block-paragraph\">A cantora e compositora <strong>H\u00e9loa<\/strong> se une a <strong>Luedji Luna<\/strong> e ao artista angolano <strong>Liu Kid<\/strong> em \u201cDan\u00e7a N\u2019kisi Dan\u00e7a\u201d, primeiro single de seu novo \u00e1lbum, \u201c\u00c1rida\u201d. Com lan\u00e7amento marcado para <strong>9 de setembro<\/strong>, a faixa aproxima Brasil e Angola em uma cria\u00e7\u00e3o que atravessa m\u00fasica, ancestralidade, espiritualidade e movimento.<\/p>\n\n\n\n<p class=\"wp-block-paragraph\">Dan\u00e7ante e celebrat\u00f3ria, a can\u00e7\u00e3o transforma o corpo em territ\u00f3rio de encontro. Afrobeat e ritmos de matrizes africanas aparecem em uma produ\u00e7\u00e3o contempor\u00e2nea que prop\u00f5e n\u00e3o apenas ouvir, mas compartilhar a experi\u00eancia da m\u00fasica por meio da dan\u00e7a.<\/p>\n\n\n\n<p class=\"wp-block-paragraph\">O lan\u00e7amento tamb\u00e9m marca o reencontro art\u00edstico de H\u00e9loa e Luedji Luna. Mulheres de terreiro e parceiras de longa data, as artistas retomam uma conex\u00e3o que ultrapassa o est\u00fadio e encontra refer\u00eancias em experi\u00eancias culturais e espirituais compartilhadas.<\/p>\n\n\n\n<p class=\"wp-block-paragraph\">A dimens\u00e3o Brasil-Angola se amplia com <strong>Liu Kid<\/strong>, cantor, rapper e compositor angolano que divide a autoria da faixa com H\u00e9loa. Sua participa\u00e7\u00e3o evidencia palavras, sonoridades e refer\u00eancias de origem angolana que atravessaram o Atl\u00e2ntico e permanecem presentes na cultura e no portugu\u00eas falado no Brasil.<\/p>\n\n\n\n<h3 class=\"wp-block-heading\">O significado de \u201cN\u2019kisi\u201d<\/h3>\n\n\n\n<p class=\"wp-block-paragraph\">O pr\u00f3prio t\u00edtulo ajuda a compreender o universo da m\u00fasica. <strong>N\u2019kisi \u2014 ou inquice \u2014 \u00e9 a denomina\u00e7\u00e3o associada \u00e0s divindades cultuadas no Candombl\u00e9 Angola<\/strong>.<\/p>\n\n\n\n<p class=\"wp-block-paragraph\">Para H\u00e9loa, lideran\u00e7a de terreiro e pesquisadora das matrizes africanas, a escolha nasce de uma rela\u00e7\u00e3o de pertencimento.<\/p>\n\n\n\n<figure class=\"wp-block-image size-full\"><img loading=\"lazy\" decoding=\"async\" width=\"541\" height=\"541\" src=\"https:\/\/cidadecult.com.br\/wp-content\/uploads\/2026\/09\/luedji-luna2.jpg\" alt=\"\" class=\"wp-image-19698\" srcset=\"https:\/\/cidadecult.com.br\/wp-content\/uploads\/2026\/09\/luedji-luna2.jpg 541w, https:\/\/cidadecult.com.br\/wp-content\/uploads\/2026\/09\/luedji-luna2-300x300.jpg 300w, https:\/\/cidadecult.com.br\/wp-content\/uploads\/2026\/09\/luedji-luna2-150x150.jpg 150w, https:\/\/cidadecult.com.br\/wp-content\/uploads\/2026\/09\/luedji-luna2-75x75.jpg 75w\" sizes=\"auto, (max-width: 541px) 100vw, 541px\" \/><\/figure>\n\n\n\n<p class=\"wp-block-paragraph\">\u201cEvocar o N\u2019kisi \u00e9 trazer para a m\u00fasica a for\u00e7a dessa heran\u00e7a angolana presente no Candombl\u00e9 brasileiro e celebrar uma ancestralidade que permanece viva na rela\u00e7\u00e3o com a natureza, na espiritualidade, na m\u00fasica, na dan\u00e7a e no corpo\u201d, explica a artista.<\/p>\n\n\n\n<p class=\"wp-block-paragraph\">A ideia ganha forma ao longo da composi\u00e7\u00e3o por meio de refer\u00eancias \u00e0 dan\u00e7a, aos tambores, ao ijex\u00e1 e a elementos culturais e geogr\u00e1ficos de Angola.<\/p>\n\n\n\n<p class=\"wp-block-paragraph\">Luanda, Cabinda, as Quedas de Kalandula, a marimba, o semba e outras refer\u00eancias aparecem no percurso musical, criando uma cartografia afetiva que conecta os dois lados do Atl\u00e2ntico.<\/p>\n\n\n\n<h3 class=\"wp-block-heading\">Dan\u00e7ar junto como forma de pertencimento<\/h3>\n\n\n\n<p class=\"wp-block-paragraph\">Um dos conceitos centrais de \u201cDan\u00e7a N\u2019kisi Dan\u00e7a\u201d est\u00e1 na experi\u00eancia coletiva.<\/p>\n\n\n\n<p class=\"wp-block-paragraph\">A dan\u00e7a aparece como linguagem capaz de aproximar pessoas, preservar mem\u00f3rias e reafirmar identidades. Mais do que pano de fundo para uma faixa dan\u00e7ante, o movimento assume papel central na narrativa proposta pelos artistas.<\/p>\n\n\n\n<p class=\"wp-block-paragraph\">A produ\u00e7\u00e3o musical \u00e9 assinada por <strong>Yuri Queiroga<\/strong>, que tamb\u00e9m divide a dire\u00e7\u00e3o musical com H\u00e9loa. Os arranjos s\u00e3o de Queiroga, Gabriel Melo, Yara Oliveira e Cau\u00ea Silva.<\/p>\n\n\n\n<p class=\"wp-block-paragraph\">A instrumenta\u00e7\u00e3o re\u00fane bateria de Yara Oliveira, percuss\u00e3o de Cau\u00ea Silva, guitarras de Gabriel Melo e programa\u00e7\u00f5es, beats, samples e sintetizadores de Yuri Queiroga.<\/p>\n\n\n\n<p class=\"wp-block-paragraph\">As vozes de H\u00e9loa e Luedji Luna foram registradas na YB Music, enquanto Liu Kid gravou sua participa\u00e7\u00e3o na Nasa Record. Vitor Farias assina a mixagem e Carlos Freitas, a masteriza\u00e7\u00e3o.<\/p>\n\n\n\n<h3 class=\"wp-block-heading\">\u201c\u00c1rida\u201d abre um novo cap\u00edtulo<\/h3>\n\n\n\n<p class=\"wp-block-paragraph\">\u201cDan\u00e7a N\u2019kisi Dan\u00e7a\u201d funciona tamb\u00e9m como primeira apresenta\u00e7\u00e3o de <strong>\u201c\u00c1rida\u201d<\/strong>, novo trabalho de H\u00e9loa.<\/p>\n\n\n\n<p class=\"wp-block-paragraph\">Com mais de duas d\u00e9cadas de trajet\u00f3ria, a artista afroind\u00edgena construiu uma carreira marcada pelo di\u00e1logo entre tradi\u00e7\u00e3o e contemporaneidade e pela circula\u00e7\u00e3o em importantes espa\u00e7os e festivais brasileiros.<\/p>\n\n\n\n<p class=\"wp-block-paragraph\">Ao longo desse percurso, passou por palcos como Audit\u00f3rio Ibirapuera, Feira Preta, Ita\u00fa Cultural, Galo da Madrugada, Marco Zero, Festival de Inverno de Garanhuns, Rock The Mountain, Casa Natura, Forr\u00f3 Caju e Virada Cultural, al\u00e9m de apresenta\u00e7\u00f5es em unidades do Sesc e outros circuitos culturais pelo pa\u00eds.<\/p>\n\n\n\n<p class=\"wp-block-paragraph\">Em seu novo momento, H\u00e9loa volta a colocar ancestralidade e contemporaneidade em di\u00e1logo.<\/p>\n\n\n\n<p class=\"wp-block-paragraph\">\u201cDan\u00e7a N\u2019kisi Dan\u00e7a\u201d parte de ra\u00edzes profundas, atravessa o oceano e chega ao presente reafirmando algo que a pr\u00f3pria m\u00fasica prop\u00f5e: h\u00e1 mem\u00f3rias que permanecem vivas porque continuam sendo cantadas, tocadas e dan\u00e7adas.<\/p>\n\n\n\n<p class=\"wp-block-paragraph\"><strong>Servi\u00e7o<\/strong><\/p>\n\n\n\n<p class=\"wp-block-paragraph\"><strong>Dan\u00e7a N\u2019kisi Dan\u00e7a \u2014 H\u00e9loa feat. Luedji Luna e Liu Kid<\/strong><br>Lan\u00e7amento: <strong>9 de setembro<\/strong><br>Composi\u00e7\u00e3o: H\u00e9loa e Liu Kid<br>Dire\u00e7\u00e3o musical: H\u00e9loa e Yuri Queiroga<br>Produ\u00e7\u00e3o musical: Yuri Queiroga<br>Selo: Al\u00e1fia Cultural\/YB Music<\/p>\n\n\n\n<p class=\"wp-block-paragraph\"><strong>Categoria sugerida:<\/strong> M\u00fasica<\/p>\n\n\n\n<p class=\"wp-block-paragraph\"><strong>Hashtags\/tags para o site:<\/strong> H\u00e9loa, Luedji Luna, Liu Kid, Dan\u00e7a N&#8217;kisi Dan\u00e7a, \u00c1rida, m\u00fasica brasileira, m\u00fasica angolana, Angola, Brasil, afrobeat, m\u00fasica afro-brasileira, ancestralidade, Candombl\u00e9 Angola, N&#8217;kisi, inquice, cultura africana, cultura afro-brasileira, m\u00fasica negra brasileira, lan\u00e7amentos musicais, Al\u00e1fia Cultural, YB Music<\/p>\n","protected":false},"excerpt":{"rendered":"<p>Primeiro single do \u00e1lbum \u201c\u00c1rida\u201d chega \u00e0s plataformas em 9 de setembro celebrando ancestralidade, espiritualidade e a dan\u00e7a como express\u00e3o de liberdade e pertencimento A cantora e compositora H\u00e9loa se une a Luedji Luna e ao artista angolano Liu Kid em \u201cDan\u00e7a N\u2019kisi Dan\u00e7a\u201d, primeiro single de seu novo \u00e1lbum, \u201c\u00c1rida\u201d. Com lan\u00e7amento marcado para [&hellip;]<\/p>\n","protected":false},"author":777,"featured_media":19697,"comment_status":"open","ping_status":"open","sticky":false,"template":"","format":"standard","meta":{"_monsterinsights_skip_tracking":false,"footnotes":"","jetpack_publicize_message":"","jetpack_publicize_feature_enabled":true,"jetpack_social_post_already_shared":true,"jetpack_social_options":{"image_generator_settings":{"template":"highway","default_image_id":0,"font":"","enabled":false},"version":2}},"categories":[35],"tags":[10174,10181,10068,9299,10172,69,10176,10179,5803,10170,10168,10178,8566,10169,10171,10175,10173,6257,10180,10177,10182],"class_list":["post-19696","post","type-post","status-publish","format-standard","has-post-thumbnail","hentry","category-business-news365","tag-afrobeat","tag-alafia-cultural","tag-ancestralidade","tag-angola","tag-arida","tag-brasil","tag-candomble-angola","tag-cultura-africana","tag-cultura-afro-brasileira","tag-danca-nkisi-danca","tag-heloa","tag-inquice","tag-lancamentos-musicais","tag-liu-kid","tag-luedji-luna","tag-musica-afro-brasileira","tag-musica-angolana","tag-musica-brasileira","tag-musica-negra-brasileira","tag-nkisi","tag-yb-music"],"jetpack_publicize_connections":[],"_links":{"self":[{"href":"https:\/\/cidadecult.com.br\/index.php?rest_route=\/wp\/v2\/posts\/19696","targetHints":{"allow":["GET"]}}],"collection":[{"href":"https:\/\/cidadecult.com.br\/index.php?rest_route=\/wp\/v2\/posts"}],"about":[{"href":"https:\/\/cidadecult.com.br\/index.php?rest_route=\/wp\/v2\/types\/post"}],"author":[{"embeddable":true,"href":"https:\/\/cidadecult.com.br\/index.php?rest_route=\/wp\/v2\/users\/777"}],"replies":[{"embeddable":true,"href":"https:\/\/cidadecult.com.br\/index.php?rest_route=%2Fwp%2Fv2%2Fcomments&post=19696"}],"version-history":[{"count":1,"href":"https:\/\/cidadecult.com.br\/index.php?rest_route=\/wp\/v2\/posts\/19696\/revisions"}],"predecessor-version":[{"id":19699,"href":"https:\/\/cidadecult.com.br\/index.php?rest_route=\/wp\/v2\/posts\/19696\/revisions\/19699"}],"wp:featuredmedia":[{"embeddable":true,"href":"https:\/\/cidadecult.com.br\/index.php?rest_route=\/wp\/v2\/media\/19697"}],"wp:attachment":[{"href":"https:\/\/cidadecult.com.br\/index.php?rest_route=%2Fwp%2Fv2%2Fmedia&parent=19696"}],"wp:term":[{"taxonomy":"category","embeddable":true,"href":"https:\/\/cidadecult.com.br\/index.php?rest_route=%2Fwp%2Fv2%2Fcategories&post=19696"},{"taxonomy":"post_tag","embeddable":true,"href":"https:\/\/cidadecult.com.br\/index.php?rest_route=%2Fwp%2Fv2%2Ftags&post=19696"}],"curies":[{"name":"wp","href":"https:\/\/api.w.org\/{rel}","templated":true}]}}